
{"id":1502,"date":"2024-03-07T16:25:31","date_gmt":"2024-03-07T15:25:31","guid":{"rendered":"https:\/\/scf.se\/cykelcross\/?p=1502"},"modified":"2024-03-07T16:35:03","modified_gmt":"2024-03-07T15:35:03","slug":"klart-cykelcross-sm-i-november-avgors-vid-gekas-camping-i-ullared","status":"publish","type":"post","link":"https:\/\/scf.se\/cykelcross\/klart-cykelcross-sm-i-november-avgors-vid-gekas-camping-i-ullared\/","title":{"rendered":"KLART: Cykelcross-SM i november avg\u00f6rs vid Gek\u00e5s camping i Ullared"},"content":{"rendered":"<p><strong>V\u00e4ldigt m\u00e5nga bes\u00f6kare i n\u00e4romr\u00e5det och bra f\u00f6ruts\u00e4ttningar att f\u00e5 till en fin SM-bana. Nu \u00e4r det spikat att SM i cykelcross, som avg\u00f6rs 23\u201324 november 2024, ska k\u00f6ras i Ullared! Peter Larsson och Hans M\u00e5rd ska arrangera CX-SM invid Gek\u00e5s camping.<\/strong><\/p>\n<blockquote><p>&#8221;Otroligt gl\u00e4djande att vi f\u00e5r till SM i CX med denna erfarna arrang\u00f6r, Peter och Hans brinner verkligen f\u00f6r CX och kul att de f\u00e5r till det p\u00e5 en av Sveriges mest k\u00e4nda platser. Blir intressant och se om vi kan f\u00e5 en del publik fr\u00e5n Gek\u00e5s Ullareds julhandel att stanna till och se dessa grymt fina t\u00e4vlingar. Jag ser med stort intresse fram emot detta&#8221;, s\u00e4ger Svenska Cykelf\u00f6rbundets t\u00e4vlingsansvarige Jonas Haglund.<\/p><\/blockquote>\n<p>Det var vid den andra av tv\u00e5 fina SM-t\u00e4vlingar vid Ring Knutstorp som id\u00e9n kom till. Peter Larsson ber\u00e4ttar:<\/p>\n<blockquote><p>\u201dJag och Hasse M\u00e5rd stod vid SM-t\u00e4vlingarna senast i Knutstorp och spekulerade lite om var n\u00e4sta \u00e5rs SM skulle kunna vara. Det fanns inget givet alternativ som vi k\u00e4nde till. P\u00e5 hemv\u00e4gen fr\u00e5n Knutstorp kom jag att t\u00e4nka p\u00e5 Ullared och Gek\u00e5s campingomr\u00e5de. N\u00e4r jag kontaktade Gek\u00e5s camping s\u00e5 var de v\u00e4lkomnande och positiv till id\u00e9n. Jag och Hasse M\u00e5rd beslutade oss f\u00f6r att ta p\u00e5 oss arrang\u00f6rsrollen och fullf\u00f6lja id\u00e9n med att arrangera SM i cykelcross i Ullared. Ett sp\u00e4nnande uppl\u00e4gg som vi tror kommer mottagas v\u00e4l fr\u00e5n b\u00e5de cykelcrossens aktiva, ledare och publik samt Gek\u00e5s bes\u00f6kare.\u201d<\/p><\/blockquote>\n<p>Peter Larsson har tidigare bland annat arrangerat SWE Cup i Varberg, som i h\u00f6stas hade UCI-status. Hans M\u00e5rd har varit t\u00e4vlingschef i T\u00e4by, vars UCI-t\u00e4vling 2023 \u00e4ven var en delt\u00e4vling p\u00e5 den nya Europacupen.<\/p>\n<p>Nu tar de allts\u00e5 cykelcrossen till ett ov\u00e4ntat men sp\u00e4nnande omr\u00e5de med tanke p\u00e5 att Gek\u00e5s varuhus brukar utpekas till Sveriges st\u00f6rsta bes\u00f6ksm\u00e5l.<\/p>\n<p>Men det \u00e4r \u00e4ven s\u00e5 att terr\u00e4ngen l\u00e4mpar sig bra f\u00f6r att bli en cykelcrossbana, enligt Peter Larsson som \u00e4r bra p\u00e5 att fokusera p\u00e5 m\u00f6jligheter i st\u00e4llet f\u00f6r problem n\u00e4r det g\u00e4ller att arrangera cykelt\u00e4vlingar.<\/p>\n<blockquote><p>\u201dBanan kommer byggas p\u00e5 ett campingomr\u00e5de med mycket gr\u00e4sytor. Vi kommer ocks\u00e5 f\u00f6rs\u00f6ka nyttja den terr\u00e4ng som finns i omr\u00e5det f\u00f6r att g\u00f6ra banan s\u00e5 utmanande vi tycker att en SM-bana b\u00f6r vara. Det finns bland annat en skidbacke med alla de h\u00f6jdmeter som banan kan komma att beh\u00f6va. Campingen ligger vackert vid Hj\u00e4rtared\u00e5n och \u00e4ven om det i dagsl\u00e4get \u00e4r en opr\u00f6vad plats, tror vi att vi kan f\u00f6rvandla omr\u00e5det till en fantastisk bra cykelcrossarena. Men det \u00e5terst\u00e5r att se\u201d, s\u00e4ger Peter Larsson.<\/p><\/blockquote>\n<p>Ja, 23\u201324 november f\u00e5r b\u00e5de alla i Cykelsverige som gillar CX och Gek\u00e5s bes\u00f6kare se vad det blev av denna kreativa SM-plan.<\/p>\n<p>Cykelcross-SM i Ullared g\u00e4ller 2025 \u00e5rs m\u00e4sterskap d\u00e5 Svenska Cykelf\u00f6rbundet har dispens att tidigarel\u00e4gga CX-m\u00e4sterskapshelgen fr\u00e5n slutet av januari.<\/p>\n<p><em>Text: Tomas Larsson\/SCF<\/em><br \/>\n<em>Foto: H\u00e5kan Wassberg\u00a0<\/em><\/p>\n<hr \/>\n<div>\n<p><em><strong>Svenska Cykelf\u00f6rbundet \u00e4r stolta \u00f6ver att presentera v\u00e5ra samarbetspartners.\u00a0<\/strong><\/em><\/p>\n<h2><a href=\"https:\/\/scf.se\/forbundet\/sponsorer\/\"><img loading=\"lazy\" decoding=\"async\" class=\"alignnone size-full wp-image-3872\" src=\"https:\/\/scf.se\/landsvag\/wp-content\/uploads\/sites\/5\/2023\/02\/LiggandeBannerNyheterHemsida2023.png\" alt=\"\" width=\"1200\" height=\"200\" \/><\/a><\/h2>\n<\/div>\n","protected":false},"excerpt":{"rendered":"<p>V\u00e4ldigt m\u00e5nga bes\u00f6kare i n\u00e4romr\u00e5det och bra f\u00f6ruts\u00e4ttningar att f\u00e5 till en fin SM-bana. Nu \u00e4r det spikat att SM i cykelcross, som avg\u00f6rs 23\u201324 november 2024, ska k\u00f6ras i Ullared! Peter Larsson och Hans M\u00e5rd ska arrangera CX-SM invid Gek\u00e5s camping. &#8221;Otroligt gl\u00e4djande att vi f\u00e5r till SM i CX med denna erfarna<a href=\"https:\/\/scf.se\/cykelcross\/klart-cykelcross-sm-i-november-avgors-vid-gekas-camping-i-ullared\/\" class=\"news-card__more\"> &#8230;<\/a><\/p>\n","protected":false},"author":41,"featured_media":1503,"comment_status":"open","ping_status":"open","sticky":false,"template":"","format":"standard","meta":{"_acf_changed":false,"footnotes":""},"categories":[1],"tags":[],"class_list":["post-1502","post","type-post","status-publish","format-standard","hentry","category-cykelcross"],"acf":[],"_links":{"self":[{"href":"https:\/\/scf.se\/cykelcross\/wp-json\/wp\/v2\/posts\/1502","targetHints":{"allow":["GET"]}}],"collection":[{"href":"https:\/\/scf.se\/cykelcross\/wp-json\/wp\/v2\/posts"}],"about":[{"href":"https:\/\/scf.se\/cykelcross\/wp-json\/wp\/v2\/types\/post"}],"author":[{"embeddable":true,"href":"https:\/\/scf.se\/cykelcross\/wp-json\/wp\/v2\/users\/41"}],"replies":[{"embeddable":true,"href":"https:\/\/scf.se\/cykelcross\/wp-json\/wp\/v2\/comments?post=1502"}],"version-history":[{"count":0,"href":"https:\/\/scf.se\/cykelcross\/wp-json\/wp\/v2\/posts\/1502\/revisions"}],"wp:featuredmedia":[{"embeddable":true,"href":"https:\/\/scf.se\/cykelcross\/wp-json\/wp\/v2\/media\/1503"}],"wp:attachment":[{"href":"https:\/\/scf.se\/cykelcross\/wp-json\/wp\/v2\/media?parent=1502"}],"wp:term":[{"taxonomy":"category","embeddable":true,"href":"https:\/\/scf.se\/cykelcross\/wp-json\/wp\/v2\/categories?post=1502"},{"taxonomy":"post_tag","embeddable":true,"href":"https:\/\/scf.se\/cykelcross\/wp-json\/wp\/v2\/tags?post=1502"}],"curies":[{"name":"wp","href":"https:\/\/api.w.org\/{rel}","templated":true}]}}