
{"id":1479,"date":"2024-02-04T21:49:15","date_gmt":"2024-02-04T20:49:15","guid":{"rendered":"https:\/\/scf.se\/cykelcross\/?p=1479"},"modified":"2024-02-04T22:55:45","modified_gmt":"2024-02-04T21:55:45","slug":"risberg-och-ekman-kampade-pa-bra-nar-cykelcross-vm-avslutades","status":"publish","type":"post","link":"https:\/\/scf.se\/cykelcross\/risberg-och-ekman-kampade-pa-bra-nar-cykelcross-vm-avslutades\/","title":{"rendered":"Risberg och Ekman k\u00e4mpade p\u00e5 bra n\u00e4r CX-VM i Tjeckien avslutades"},"content":{"rendered":"<p><strong>D\u00e5 var det dags att sammanfatta \u00e5rets CX-VM, som gick p\u00e5 en lerig men l\u00e4cker parkbana i tjeckiska T\u00e1bor. Under s\u00f6ndagen blev f\u00f6rsta\u00e5rsjunioren Vilmer Ekman 46:a i ett stort herrjuniorstartf\u00e4lt. VM-helgen avslutades med att David Risberg kom 42:a i seniorelit\u00a0 \u2013 var r\u00e4tt n\u00e4ra att f\u00e5 avsluta p\u00e5 samma varv som vinnande superstj\u00e4rnan Mathieu van der Poel.<\/strong><\/p>\n<p>Under l\u00f6rdagen s\u00e5g det ut s\u00e5 h\u00e4r f\u00f6r <a href=\"https:\/\/scf.se\/cykelcross\/filip-mard-inledde-cykelcross-vm-med-stabilt-lopp-i-u23-klassen\/\"><em><strong>Filip M\u00e5rd i U23-loppet.<\/strong><\/em><\/a><\/p>\n<h3>CX-VM herrar U23<\/h3>\n<ul>\n<li>1 <strong>Tibor del Grosso<\/strong>, Nederl\u00e4nderna 52.02<\/li>\n<li>2<strong> Emiel Verstrynge<\/strong>, Belgien +0.27<\/li>\n<li>3 <strong>Jente Michels<\/strong>, Belgien +0.27<\/li>\n<li>34 <strong>Filip M\u00e5rd<\/strong>, Sverige +5.52<\/li>\n<\/ul>\n<p>P\u00e5 s\u00f6ndagen inledde Vilmer Ekman med att som s\u00e5 ofta g\u00e5 ut h\u00e5rt och det utmynnade i en 46:e plats bland de hela 74 startande i VM-loppet f\u00f6r herrjuniorer.<\/p>\n<h3>CX-VM herrjunior<\/h3>\n<ul>\n<li>1 <strong>Stefano Viezzi,<\/strong> Italien 42.01<\/li>\n<li>2 <strong>Keije Solen<\/strong>, Nederl\u00e4nderna +0.09<\/li>\n<li>3 <strong>Krystof Bazant<\/strong>, Tjeckien +0.31<\/li>\n<li>46<strong> Vilmer Ekman<\/strong>, Sverige +6.36<\/li>\n<\/ul>\n<p>En annan som gick ut h\u00e5rt var megastj\u00e4rnan Mathieu van der Poel som t\u00e4mligen omg\u00e5ende skaffade sig luckan som han sedan bevakade. S\u00e5 imponerande k\u00f6rning av b\u00e5de van der Poel och Nederl\u00e4nderna som snodde \u00e5t sig tre av topp fyra-platserna.<\/p>\n<p>David Risberg var r\u00e4tt n\u00e4ra att kunna k\u00e4mpa till sig att f\u00e5 slutf\u00f6ra VM-loppet utan att bli varvad efter att inlett r\u00e4tt lugnt och klokt.<\/p>\n<a href=\"https:\/\/scf.se\/cykelcross\/wp-content\/uploads\/sites\/4\/2024\/02\/CX-VM2.jpg\"><img loading=\"lazy\" decoding=\"async\" class=\"alignnone size-full wp-image-1481\" src=\"https:\/\/scf.se\/cykelcross\/wp-content\/uploads\/sites\/4\/2024\/02\/CX-VM2.jpg\" alt=\"\" width=\"1490\" height=\"1347\" srcset=\"https:\/\/scf.se\/cykelcross\/wp-content\/uploads\/sites\/4\/2024\/02\/CX-VM2.jpg 1490w, https:\/\/scf.se\/cykelcross\/wp-content\/uploads\/sites\/4\/2024\/02\/CX-VM2-300x271.jpg 300w, https:\/\/scf.se\/cykelcross\/wp-content\/uploads\/sites\/4\/2024\/02\/CX-VM2-1024x926.jpg 1024w, https:\/\/scf.se\/cykelcross\/wp-content\/uploads\/sites\/4\/2024\/02\/CX-VM2-768x694.jpg 768w\" sizes=\"auto, (max-width: 1490px) 100vw, 1490px\" \/><\/a>\n<h3>CX-VM herrelit<\/h3>\n<ul>\n<li>1 <strong>Mathieu van der Poel<\/strong>, Nederl\u00e4nderna 58.14<\/li>\n<li>2 <strong>Joris Nieuwenhuis,<\/strong> Nederl\u00e4nderna\u00a0 +0.37<\/li>\n<li>3 <strong>Michael Vanthourenhout,<\/strong> Belgien +1.06<\/li>\n<li>42 <strong>David Risberg<\/strong>, Sverige -1 varv<\/li>\n<\/ul>\n<p>S\u00e5 h\u00e4r s\u00e4ger f\u00f6rbundskaptenen Peter Vingstedt om VM-helgen i T\u00e1bor just innan det \u00e4r dags att \u00e5ka hem\u00e5t:<\/p>\n<blockquote><p>&#8221;Sammanfattningsvis s\u00e5 g\u00f6r samtliga ett bra lopp d\u00e4r de presterat s\u00e5 gott de kunnat f\u00f6r dagen. Vilmer g\u00f6r sin hittills fr\u00e4msta placering p\u00e5 ett m\u00e4sterskap, trots att han sj\u00e4lv uttryckte att han \u00f6ppnade lite f\u00f6r h\u00e5rt och fick betala f\u00f6r det i loppets senare del. David hade kanske beh\u00f6vt 30 sekunder till p\u00e5 Mathieu f\u00f6r att f\u00e5tt g\u00e5 ut p\u00e5 sitt sista varv f\u00f6r att d\u00e5 f\u00e5tt k\u00f6ra alla varven. Men van der Poel \u00e4r fantastiskt bra! S\u00e5 summan av det hela s\u00e5 gjorde alla det s\u00e5 bra det kunnat, resultatm\u00e4ssigt s\u00e5 tangerar alla sig sj\u00e4lva. S\u00e5 Filip, Vilmer och David ska alla vara n\u00f6jda med det de presterat p\u00e5 sina respektive t\u00e4vlingsdagar.&#8221;.<\/p><\/blockquote>\n<p><em>Text och foto: SCF<\/em><\/p>\n<hr \/>\n<p><em><strong>Svenska Cykelf\u00f6rbundet \u00e4r stolta \u00f6ver att presentera v\u00e5ra samarbetspartners. Tack vare dessa fantastiska f\u00f6retag kan v\u00e5ra cyklister oftare ta sig l\u00e4ngre ut i v\u00e4rlden.<\/strong><\/em><\/p>\n<h2><a href=\"https:\/\/scf.se\/forbundet\/sponsorer\/\"><img loading=\"lazy\" decoding=\"async\" class=\"alignnone size-full wp-image-3872\" src=\"https:\/\/scf.se\/landsvag\/wp-content\/uploads\/sites\/5\/2023\/02\/LiggandeBannerNyheterHemsida2023.png\" alt=\"\" width=\"1200\" height=\"200\" \/><\/a><\/h2>\n<p>&nbsp;<\/p>\n<p>&nbsp;<\/p>\n","protected":false},"excerpt":{"rendered":"<p>D\u00e5 var det dags att sammanfatta \u00e5rets CX-VM, som gick p\u00e5 en lerig men l\u00e4cker parkbana i tjeckiska T\u00e1bor. Under s\u00f6ndagen blev f\u00f6rsta\u00e5rsjunioren Vilmer Ekman 46:a i ett stort herrjuniorstartf\u00e4lt. VM-helgen avslutades med att David Risberg kom 42:a i seniorelit\u00a0 \u2013 var r\u00e4tt n\u00e4ra att f\u00e5 avsluta p\u00e5 samma varv som vinnande superstj\u00e4rnan Mathieu<a href=\"https:\/\/scf.se\/cykelcross\/risberg-och-ekman-kampade-pa-bra-nar-cykelcross-vm-avslutades\/\" class=\"news-card__more\"> &#8230;<\/a><\/p>\n","protected":false},"author":41,"featured_media":1482,"comment_status":"open","ping_status":"open","sticky":false,"template":"","format":"standard","meta":{"_acf_changed":false,"footnotes":""},"categories":[1],"tags":[],"class_list":["post-1479","post","type-post","status-publish","format-standard","hentry","category-cykelcross"],"acf":[],"_links":{"self":[{"href":"https:\/\/scf.se\/cykelcross\/wp-json\/wp\/v2\/posts\/1479","targetHints":{"allow":["GET"]}}],"collection":[{"href":"https:\/\/scf.se\/cykelcross\/wp-json\/wp\/v2\/posts"}],"about":[{"href":"https:\/\/scf.se\/cykelcross\/wp-json\/wp\/v2\/types\/post"}],"author":[{"embeddable":true,"href":"https:\/\/scf.se\/cykelcross\/wp-json\/wp\/v2\/users\/41"}],"replies":[{"embeddable":true,"href":"https:\/\/scf.se\/cykelcross\/wp-json\/wp\/v2\/comments?post=1479"}],"version-history":[{"count":0,"href":"https:\/\/scf.se\/cykelcross\/wp-json\/wp\/v2\/posts\/1479\/revisions"}],"wp:featuredmedia":[{"embeddable":true,"href":"https:\/\/scf.se\/cykelcross\/wp-json\/wp\/v2\/media\/1482"}],"wp:attachment":[{"href":"https:\/\/scf.se\/cykelcross\/wp-json\/wp\/v2\/media?parent=1479"}],"wp:term":[{"taxonomy":"category","embeddable":true,"href":"https:\/\/scf.se\/cykelcross\/wp-json\/wp\/v2\/categories?post=1479"},{"taxonomy":"post_tag","embeddable":true,"href":"https:\/\/scf.se\/cykelcross\/wp-json\/wp\/v2\/tags?post=1479"}],"curies":[{"name":"wp","href":"https:\/\/api.w.org\/{rel}","templated":true}]}}