
{"id":1466,"date":"2024-02-03T16:42:54","date_gmt":"2024-02-03T15:42:54","guid":{"rendered":"https:\/\/scf.se\/cykelcross\/?p=1466"},"modified":"2024-02-03T20:30:51","modified_gmt":"2024-02-03T19:30:51","slug":"filip-mard-inledde-cykelcross-vm-med-stabilt-lopp-i-u23-klassen","status":"publish","type":"post","link":"https:\/\/scf.se\/cykelcross\/filip-mard-inledde-cykelcross-vm-med-stabilt-lopp-i-u23-klassen\/","title":{"rendered":"Filip M\u00e5rd inledde cykelcross-VM med stabilt lopp i U23-klassen"},"content":{"rendered":"<p><strong>VM i cykelcross startade bra f\u00f6r svensk del med herrarnas U23-lopp d\u00e4r Filip M\u00e5rd levererade ett stabilt lopp p\u00e5 den leriga banan vid ett parkomr\u00e5de i tjeckiska T\u00e1bor. M\u00e5rd slutade 34:a \u2013 och var mindre \u00e4n sex minuter efter vinnaren.<\/strong><\/p>\n<p>Filip M\u00e5rd har samlat p\u00e5 sig stor internationell rutin n\u00e4r det g\u00e4ller cykelcross, vilket kunde beh\u00f6vas d\u00e5 tr\u00e4ningsf\u00f6rh\u00e5llandena innan denna roadtrip inte har varit optimala.<\/p>\n<a href=\"https:\/\/scf.se\/cykelcross\/wp-content\/uploads\/sites\/4\/2024\/02\/Mard03.jpg\"><img loading=\"lazy\" decoding=\"async\" class=\"alignnone size-full wp-image-1467\" src=\"https:\/\/scf.se\/cykelcross\/wp-content\/uploads\/sites\/4\/2024\/02\/Mard03.jpg\" alt=\"\" width=\"1280\" height=\"1266\" srcset=\"https:\/\/scf.se\/cykelcross\/wp-content\/uploads\/sites\/4\/2024\/02\/Mard03.jpg 1280w, https:\/\/scf.se\/cykelcross\/wp-content\/uploads\/sites\/4\/2024\/02\/Mard03-300x297.jpg 300w, https:\/\/scf.se\/cykelcross\/wp-content\/uploads\/sites\/4\/2024\/02\/Mard03-1024x1013.jpg 1024w, https:\/\/scf.se\/cykelcross\/wp-content\/uploads\/sites\/4\/2024\/02\/Mard03-768x760.jpg 768w\" sizes=\"auto, (max-width: 1280px) 100vw, 1280px\" \/><\/a>\n<p>Han gjorde ett stabilt v\u00e4rldscuplopp i Nederl\u00e4nderna f\u00f6rra helgen och fortsatte p\u00e5 den v\u00e4gen p\u00e5 VM.<\/p>\n<p>M\u00e5rd krigade p\u00e5 bra p\u00e5 den leriga banan och slutade i mitten av ett tufft startf\u00e4lt med 60 cyklister i herrarnas U23-klass, 34:a n\u00e4rmare best\u00e4mt. Det skilde 5 minuter och 52 sekunder upp till den s\u00e5 vassa favoriten Tibor del Grosso, som segrade f\u00f6re tv\u00e5 belgare.<\/p>\n<a href=\"https:\/\/scf.se\/cykelcross\/wp-content\/uploads\/sites\/4\/2024\/02\/Mard02.jpg\"><img loading=\"lazy\" decoding=\"async\" class=\"alignnone size-full wp-image-1468\" src=\"https:\/\/scf.se\/cykelcross\/wp-content\/uploads\/sites\/4\/2024\/02\/Mard02.jpg\" alt=\"\" width=\"1151\" height=\"763\" srcset=\"https:\/\/scf.se\/cykelcross\/wp-content\/uploads\/sites\/4\/2024\/02\/Mard02.jpg 1151w, https:\/\/scf.se\/cykelcross\/wp-content\/uploads\/sites\/4\/2024\/02\/Mard02-300x199.jpg 300w, https:\/\/scf.se\/cykelcross\/wp-content\/uploads\/sites\/4\/2024\/02\/Mard02-1024x679.jpg 1024w, https:\/\/scf.se\/cykelcross\/wp-content\/uploads\/sites\/4\/2024\/02\/Mard02-768x509.jpg 768w\" sizes=\"auto, (max-width: 1151px) 100vw, 1151px\" \/><\/a>\n<h3>CX-VM herrar U23<\/h3>\n<ul>\n<li>1 <strong>Tibor del Grosso<\/strong>, Nederl\u00e4nderna 52.02<\/li>\n<li>2<strong> Emiel Verstrynge<\/strong>, Belgien +0.27<\/li>\n<li>3 <strong>Jente Michels<\/strong>, Belgien +0.27<\/li>\n<li>34 <strong>Filip M\u00e5rd<\/strong>, Sverige +5.52<\/li>\n<\/ul>\n<p>I damseniorernas CX-VM blev pallen inte direkt ov\u00e4ntat helt igenom nederl\u00e4ndsk \u2013 topp fyra fr\u00e5n samma p\u00e5 damsidan helt dominerande land. Och s\u00e5 \u00e4nnu en nederl\u00e4ndsk allroundvirtuos i form av Fem van Empel.<\/p>\n<h3>CX-VM damelit<\/h3>\n<ul>\n<li>1 <strong>Fem van Empel<\/strong>, Nederl\u00e4nderna 46.19<\/li>\n<li>2<strong> Lucinda Brand<\/strong>, Nederl\u00e4nderna\u00a0+1.20<\/li>\n<li>3 <strong>Puck Pieterse<\/strong>, Nederl\u00e4nderna +1.54<\/li>\n<\/ul>\n<h3>S\u00f6ndagens svenskar i CX-VM<\/h3>\n<ul>\n<li><strong>11.05:<\/strong> Herrjunior med Vilmer Ekman<\/li>\n<li><strong>14.35:<\/strong> Herrelit med David Risberg.<\/li>\n<\/ul>\n<p>Det avslutande herrelitloppet s\u00e4nds i Eurosport 2. Mera om CX-VM och kommentarer senare under helgen.<\/p>\n<p><em>Text och foto: SCF<\/em><\/p>\n<hr \/>\n<p><em><strong>Svenska Cykelf\u00f6rbundet \u00e4r stolta \u00f6ver att presentera v\u00e5ra samarbetspartners. Tack vare dessa fantastiska f\u00f6retag kan v\u00e5ra cyklister oftare ta sig l\u00e4ngre ut i v\u00e4rlden.<\/strong><\/em><\/p>\n<h2><a href=\"https:\/\/scf.se\/forbundet\/sponsorer\/\"><img loading=\"lazy\" decoding=\"async\" class=\"alignnone size-full wp-image-3872\" src=\"https:\/\/scf.se\/landsvag\/wp-content\/uploads\/sites\/5\/2023\/02\/LiggandeBannerNyheterHemsida2023.png\" alt=\"\" width=\"1200\" height=\"200\" \/><\/a><\/h2>\n","protected":false},"excerpt":{"rendered":"<p>VM i cykelcross startade bra f\u00f6r svensk del med herrarnas U23-lopp d\u00e4r Filip M\u00e5rd levererade ett stabilt lopp p\u00e5 den leriga banan vid ett parkomr\u00e5de i tjeckiska T\u00e1bor. M\u00e5rd slutade 34:a \u2013 och var mindre \u00e4n sex minuter efter vinnaren. Filip M\u00e5rd har samlat p\u00e5 sig stor internationell rutin n\u00e4r det g\u00e4ller cykelcross, vilket<a href=\"https:\/\/scf.se\/cykelcross\/filip-mard-inledde-cykelcross-vm-med-stabilt-lopp-i-u23-klassen\/\" class=\"news-card__more\"> &#8230;<\/a><\/p>\n","protected":false},"author":41,"featured_media":1469,"comment_status":"open","ping_status":"open","sticky":false,"template":"","format":"standard","meta":{"_acf_changed":false,"footnotes":""},"categories":[1],"tags":[],"class_list":["post-1466","post","type-post","status-publish","format-standard","hentry","category-cykelcross"],"acf":[],"_links":{"self":[{"href":"https:\/\/scf.se\/cykelcross\/wp-json\/wp\/v2\/posts\/1466","targetHints":{"allow":["GET"]}}],"collection":[{"href":"https:\/\/scf.se\/cykelcross\/wp-json\/wp\/v2\/posts"}],"about":[{"href":"https:\/\/scf.se\/cykelcross\/wp-json\/wp\/v2\/types\/post"}],"author":[{"embeddable":true,"href":"https:\/\/scf.se\/cykelcross\/wp-json\/wp\/v2\/users\/41"}],"replies":[{"embeddable":true,"href":"https:\/\/scf.se\/cykelcross\/wp-json\/wp\/v2\/comments?post=1466"}],"version-history":[{"count":0,"href":"https:\/\/scf.se\/cykelcross\/wp-json\/wp\/v2\/posts\/1466\/revisions"}],"wp:featuredmedia":[{"embeddable":true,"href":"https:\/\/scf.se\/cykelcross\/wp-json\/wp\/v2\/media\/1469"}],"wp:attachment":[{"href":"https:\/\/scf.se\/cykelcross\/wp-json\/wp\/v2\/media?parent=1466"}],"wp:term":[{"taxonomy":"category","embeddable":true,"href":"https:\/\/scf.se\/cykelcross\/wp-json\/wp\/v2\/categories?post=1466"},{"taxonomy":"post_tag","embeddable":true,"href":"https:\/\/scf.se\/cykelcross\/wp-json\/wp\/v2\/tags?post=1466"}],"curies":[{"name":"wp","href":"https:\/\/api.w.org\/{rel}","templated":true}]}}