
{"id":1459,"date":"2024-02-03T09:21:22","date_gmt":"2024-02-03T08:21:22","guid":{"rendered":"https:\/\/scf.se\/cykelcross\/?p=1459"},"modified":"2024-02-03T09:24:08","modified_gmt":"2024-02-03T08:24:08","slug":"laget-fint-for-de-tre-svenskarna-i-tjeckien-infor-helgens-cykelcross-vm","status":"publish","type":"post","link":"https:\/\/scf.se\/cykelcross\/laget-fint-for-de-tre-svenskarna-i-tjeckien-infor-helgens-cykelcross-vm\/","title":{"rendered":"L\u00e4get fint f\u00f6r de tre svenskarna i Tjeckien inf\u00f6r helgens CX-VM"},"content":{"rendered":"<p><strong>L\u00e4get \u00e4r bra tjeckiska T\u00e1bor f\u00f6r de tre svenska cyklisterna n\u00e4r VM i cykelcross f\u00f6r svensk del drar i g\u00e5ng i dag l\u00f6rdag med U23-loppet d\u00e4r Filip M\u00e5rd finns med. I morgon s\u00f6ndag k\u00f6r f\u00f6rst f\u00f6rsta\u00e5rsjunioren Vilmer Ekman och sedan David Risberg i seniorelit.<\/strong><\/p>\n<p>Det \u00e4r bara fint i Tjeckien och vid parkbanan som i helgen blir VM-arena, rapporterar f\u00f6rbundskaptenen Peter Vingstedt p\u00e5 plats i T\u00e1bor.<\/p>\n<blockquote><p>&#8221;Cyklisterna har tr\u00e4nat p\u00e5 banan torsdag och fredag, testat linjer, d\u00e4ck och d\u00e4cktryck. Samtliga gillar banan som \u00e4r relativt lurig p\u00e5 grund av att det \u00e4r v\u00e5tt men samtidigt tj\u00e4le kvar i marken, s\u00e5 r\u00e4tt var det \u00e4r s\u00e5 blir det blixthalka p\u00e5 sina st\u00e4llen. Men samtliga ser fram emot att k\u00f6ra sina race&#8221;, s\u00e4ger Vingstedt.<\/p><\/blockquote>\n<p>Filip M\u00e5rd och Vilmer Ekman har t\u00e4vlat sig i form medan David Risberg (bilden ovan) kom ner senare men under ett inomhuspass p\u00e5 Faluvelodramen f\u00f6rklarade ha att formen visserligen inte k\u00e4nns som absolut topp men \u00e4nd\u00e5 riktigt bra \u2013 vilket kan beh\u00f6vas n\u00e4r man t\u00e4vlar mot Mathieu van der Poel och kompani i seniorelit.<\/p>\n<a href=\"https:\/\/scf.se\/cykelcross\/wp-content\/uploads\/sites\/4\/2024\/02\/FilipM1.jpg\"><img loading=\"lazy\" decoding=\"async\" class=\"alignnone size-full wp-image-1461\" src=\"https:\/\/scf.se\/cykelcross\/wp-content\/uploads\/sites\/4\/2024\/02\/FilipM1.jpg\" alt=\"\" width=\"877\" height=\"712\" srcset=\"https:\/\/scf.se\/cykelcross\/wp-content\/uploads\/sites\/4\/2024\/02\/FilipM1.jpg 877w, https:\/\/scf.se\/cykelcross\/wp-content\/uploads\/sites\/4\/2024\/02\/FilipM1-300x244.jpg 300w, https:\/\/scf.se\/cykelcross\/wp-content\/uploads\/sites\/4\/2024\/02\/FilipM1-768x624.jpg 768w\" sizes=\"auto, (max-width: 877px) 100vw, 877px\" \/><\/a>\n<p>F\u00f6rst ut \u00e4r Filip M\u00e5rd som k\u00f6r vid lunchtid i dag l\u00f6rdag, sedan p\u00e5 s\u00f6ndag s\u00e5 k\u00f6r Vilmer Ekman strax innan lunch medan David Risbergs\u00a0 herrseniorlopp avslutar hela VM. S\u00e5 h\u00e4r ser det ut i exakta tider.<\/p>\n<h3>S\u00e5 k\u00f6rs CX-VM i Tjeckien<\/h3>\n<ul>\n<li><strong>L\u00f6rdag 3 februari:<\/strong> 12.35 U23 med Filip M\u00e5rd.<\/li>\n<li><strong>S\u00f6ndag 4 februari:<\/strong>\u00a011.05 junior med Vilmer Ekman, 14.35 herrelit med David Risberg.<\/li>\n<\/ul>\n<p>Damernas och herrarnas seniorelitlopp s\u00e4nds i Eurosport 2 med s\u00e4ndningsstart 14.30 l\u00f6rdag och 14.15 s\u00f6ndag.<\/p>\n<p><em>Text och foto: SCF<\/em><\/p>\n<hr \/>\n<p><em><strong>Svenska Cykelf\u00f6rbundet \u00e4r stolta \u00f6ver att presentera v\u00e5ra samarbetspartners. Tack vare dessa fantastiska f\u00f6retag kan v\u00e5ra cyklister oftare ta sig l\u00e4ngre ut i v\u00e4rlden.<\/strong><\/em><\/p>\n<h2><a href=\"https:\/\/scf.se\/forbundet\/sponsorer\/\"><img loading=\"lazy\" decoding=\"async\" class=\"alignnone size-full wp-image-3872\" src=\"https:\/\/scf.se\/landsvag\/wp-content\/uploads\/sites\/5\/2023\/02\/LiggandeBannerNyheterHemsida2023.png\" alt=\"\" width=\"1200\" height=\"200\" \/><\/a><\/h2>\n","protected":false},"excerpt":{"rendered":"<p>L\u00e4get \u00e4r bra tjeckiska T\u00e1bor f\u00f6r de tre svenska cyklisterna n\u00e4r VM i cykelcross f\u00f6r svensk del drar i g\u00e5ng i dag l\u00f6rdag med U23-loppet d\u00e4r Filip M\u00e5rd finns med. I morgon s\u00f6ndag k\u00f6r f\u00f6rst f\u00f6rsta\u00e5rsjunioren Vilmer Ekman och sedan David Risberg i seniorelit. Det \u00e4r bara fint i Tjeckien och vid parkbanan som<a href=\"https:\/\/scf.se\/cykelcross\/laget-fint-for-de-tre-svenskarna-i-tjeckien-infor-helgens-cykelcross-vm\/\" class=\"news-card__more\"> &#8230;<\/a><\/p>\n","protected":false},"author":41,"featured_media":1460,"comment_status":"open","ping_status":"open","sticky":false,"template":"","format":"standard","meta":{"_acf_changed":false,"footnotes":""},"categories":[1],"tags":[],"class_list":["post-1459","post","type-post","status-publish","format-standard","hentry","category-cykelcross"],"acf":[],"_links":{"self":[{"href":"https:\/\/scf.se\/cykelcross\/wp-json\/wp\/v2\/posts\/1459","targetHints":{"allow":["GET"]}}],"collection":[{"href":"https:\/\/scf.se\/cykelcross\/wp-json\/wp\/v2\/posts"}],"about":[{"href":"https:\/\/scf.se\/cykelcross\/wp-json\/wp\/v2\/types\/post"}],"author":[{"embeddable":true,"href":"https:\/\/scf.se\/cykelcross\/wp-json\/wp\/v2\/users\/41"}],"replies":[{"embeddable":true,"href":"https:\/\/scf.se\/cykelcross\/wp-json\/wp\/v2\/comments?post=1459"}],"version-history":[{"count":0,"href":"https:\/\/scf.se\/cykelcross\/wp-json\/wp\/v2\/posts\/1459\/revisions"}],"wp:featuredmedia":[{"embeddable":true,"href":"https:\/\/scf.se\/cykelcross\/wp-json\/wp\/v2\/media\/1460"}],"wp:attachment":[{"href":"https:\/\/scf.se\/cykelcross\/wp-json\/wp\/v2\/media?parent=1459"}],"wp:term":[{"taxonomy":"category","embeddable":true,"href":"https:\/\/scf.se\/cykelcross\/wp-json\/wp\/v2\/categories?post=1459"},{"taxonomy":"post_tag","embeddable":true,"href":"https:\/\/scf.se\/cykelcross\/wp-json\/wp\/v2\/tags?post=1459"}],"curies":[{"name":"wp","href":"https:\/\/api.w.org\/{rel}","templated":true}]}}