
{"id":1452,"date":"2024-01-29T07:40:24","date_gmt":"2024-01-29T06:40:24","guid":{"rendered":"https:\/\/scf.se\/cykelcross\/?p=1452"},"modified":"2024-01-29T07:43:03","modified_gmt":"2024-01-29T06:43:03","slug":"1452-2","status":"publish","type":"post","link":"https:\/\/scf.se\/cykelcross\/1452-2\/","title":{"rendered":"Filip M\u00e5rd och Vilmer Ekman k\u00f6rde stabilt p\u00e5 VM-genrep i Hoogerheide"},"content":{"rendered":"<p><strong>Filip M\u00e5rd och Vilmer Ekman k\u00f6rde stabilt i VM-genrepet vid den stora v\u00e4rldscupdelt\u00e4vlingen i nederl\u00e4ndska Hoogerheide. M\u00e5rd var 35:a i U23 och f\u00f6rsta\u00e5rsjunioren Ekman 47:a.<\/strong><\/p>\n<p>Sverige \u00e5ker med en liten trupp med tre cyklister till T\u00e1bor i Tjeckien och\u00a0VM cykelcross 3\u20134 februari. F\u00f6rutom M\u00e5rd och Ekman \u00e4r det David Risberg i seniorelit.<\/p>\n<p>M\u00e5rd hade en r\u00e4tt jobbig roadtrip i Beligien kring ny\u00e5r med sjukdom som han h\u00e4mmades av n\u00e4r Filip v\u00e4l kom tillbaka till de tv\u00e5 sista t\u00e4vlingarna. Nu var han under fyra minuter efter segraren i tuffa U23-klassen, vilket r\u00e4ckte till 35:e plats.<\/p>\n<a href=\"https:\/\/scf.se\/cykelcross\/wp-content\/uploads\/sites\/4\/2023\/11\/CX-SM4.jpg\"><img loading=\"lazy\" decoding=\"async\" class=\"alignnone size-full wp-image-1327\" src=\"https:\/\/scf.se\/cykelcross\/wp-content\/uploads\/sites\/4\/2023\/11\/CX-SM4.jpg\" alt=\"\" width=\"942\" height=\"672\" srcset=\"https:\/\/scf.se\/cykelcross\/wp-content\/uploads\/sites\/4\/2023\/11\/CX-SM4.jpg 942w, https:\/\/scf.se\/cykelcross\/wp-content\/uploads\/sites\/4\/2023\/11\/CX-SM4-300x214.jpg 300w, https:\/\/scf.se\/cykelcross\/wp-content\/uploads\/sites\/4\/2023\/11\/CX-SM4-768x548.jpg 768w\" sizes=\"auto, (max-width: 942px) 100vw, 942px\" \/><\/a>\n<p>Ekman var ocks\u00e5 fyra minuter fr\u00e5n segraren och 47:a i ett startf\u00e4lt med 75 av de b\u00e4sta i v\u00e4rlden. En andra svensk i form av Vilmar Aastrup var ocks\u00e5 i Hoogerheide f\u00f6r att samla erfarenheter men noterade denna g\u00e5ng en DNF.<\/p>\n<h3>V\u00e4rldscupen herrar U23<\/h3>\n<ul>\n<li>1 Tibor del Grosso, Nederl\u00e4nderna 50.24<\/li>\n<li>2 R\u00e9mi Lelandais, Frankrike +0.16<\/li>\n<li>3 Jente Michels, Belgien +0.16<\/li>\n<li>35 Filip M\u00e5rd, +3.55<\/li>\n<\/ul>\n<h3>V\u00e4rldscupen herrjunior<\/h3>\n<ul>\n<li>1 Stefano Viezzi, Italien 43.34<\/li>\n<li>2 Senna Remijn, Nederl\u00e4nderna +0.20<\/li>\n<li>3 Jules Simon, Frankrike +0.20<\/li>\n<li>47 Vilmer Ekman, Sverige +4.00<\/li>\n<li>DNF Vilmar Aastrup, Sverige<\/li>\n<\/ul>\n<p><em>Text: SCF<\/em><br \/>\n<em>Arkivbilder: Bauhaus Cycling Team och SCF<\/em><\/p>\n<hr \/>\n<p><em><strong>Svenska Cykelf\u00f6rbundet \u00e4r stolta \u00f6ver att presentera v\u00e5ra samarbetspartners.\u00a0<\/strong><\/em><\/p>\n<h2><a href=\"https:\/\/scf.se\/forbundet\/sponsorer\/\"><img loading=\"lazy\" decoding=\"async\" class=\"alignnone size-full wp-image-3872\" src=\"https:\/\/scf.se\/landsvag\/wp-content\/uploads\/sites\/5\/2023\/02\/LiggandeBannerNyheterHemsida2023.png\" alt=\"\" width=\"1200\" height=\"200\" \/><\/a><\/h2>\n","protected":false},"excerpt":{"rendered":"<p>Filip M\u00e5rd och Vilmer Ekman k\u00f6rde stabilt i VM-genrepet vid den stora v\u00e4rldscupdelt\u00e4vlingen i nederl\u00e4ndska Hoogerheide. M\u00e5rd var 35:a i U23 och f\u00f6rsta\u00e5rsjunioren Ekman 47:a. Sverige \u00e5ker med en liten trupp med tre cyklister till T\u00e1bor i Tjeckien och\u00a0VM cykelcross 3\u20134 februari. F\u00f6rutom M\u00e5rd och Ekman \u00e4r det David Risberg i seniorelit. M\u00e5rd hade<a href=\"https:\/\/scf.se\/cykelcross\/1452-2\/\" class=\"news-card__more\"> &#8230;<\/a><\/p>\n","protected":false},"author":41,"featured_media":1454,"comment_status":"open","ping_status":"open","sticky":false,"template":"","format":"standard","meta":{"_acf_changed":false,"footnotes":""},"categories":[1],"tags":[],"class_list":["post-1452","post","type-post","status-publish","format-standard","hentry","category-cykelcross"],"acf":[],"_links":{"self":[{"href":"https:\/\/scf.se\/cykelcross\/wp-json\/wp\/v2\/posts\/1452","targetHints":{"allow":["GET"]}}],"collection":[{"href":"https:\/\/scf.se\/cykelcross\/wp-json\/wp\/v2\/posts"}],"about":[{"href":"https:\/\/scf.se\/cykelcross\/wp-json\/wp\/v2\/types\/post"}],"author":[{"embeddable":true,"href":"https:\/\/scf.se\/cykelcross\/wp-json\/wp\/v2\/users\/41"}],"replies":[{"embeddable":true,"href":"https:\/\/scf.se\/cykelcross\/wp-json\/wp\/v2\/comments?post=1452"}],"version-history":[{"count":0,"href":"https:\/\/scf.se\/cykelcross\/wp-json\/wp\/v2\/posts\/1452\/revisions"}],"wp:featuredmedia":[{"embeddable":true,"href":"https:\/\/scf.se\/cykelcross\/wp-json\/wp\/v2\/media\/1454"}],"wp:attachment":[{"href":"https:\/\/scf.se\/cykelcross\/wp-json\/wp\/v2\/media?parent=1452"}],"wp:term":[{"taxonomy":"category","embeddable":true,"href":"https:\/\/scf.se\/cykelcross\/wp-json\/wp\/v2\/categories?post=1452"},{"taxonomy":"post_tag","embeddable":true,"href":"https:\/\/scf.se\/cykelcross\/wp-json\/wp\/v2\/tags?post=1452"}],"curies":[{"name":"wp","href":"https:\/\/api.w.org\/{rel}","templated":true}]}}