
{"id":1428,"date":"2024-01-23T09:10:19","date_gmt":"2024-01-23T08:10:19","guid":{"rendered":"http:\/\/scf.se\/cykelcross\/?p=1428"},"modified":"2024-01-23T11:07:43","modified_gmt":"2024-01-23T10:07:43","slug":"tre-cyklister-har-fatt-och-gett-klartecken-for-cx-vm-i-tjeckien","status":"publish","type":"post","link":"https:\/\/scf.se\/cykelcross\/tre-cyklister-har-fatt-och-gett-klartecken-for-cx-vm-i-tjeckien\/","title":{"rendered":"Tre svenska cyklister har f\u00e5tt och gett klartecken f\u00f6r CX-VM i Tjeckien"},"content":{"rendered":"<p><strong>Det blir en f\u00f6rh\u00e5llandevis liten svensk trupp till VM i cykelcross 3\u20134 februari i Tjeckien. De som ska f\u00f6rsvara de svenska f\u00e4rgerna i T\u00e1bor blir junioren Vilmer Ekman, U23-cyklisten Filip M\u00e5rd och David Risberg i seniorelit. M\u00e5rd och Ekman genrepar dessutom i stora v\u00e4rldscupt\u00e4vlingen i Hoogerheide i helgen, d\u00e4r ocks\u00e5 Vilmar Aastrup k\u00f6r.<\/strong><\/p>\n<p>F\u00f6rsta\u00e5rsjunioren Vilmer Ekman (bilden nedan) visade gott gry efter ny\u00e5r nere i Belgien.<\/p>\n<a href=\"https:\/\/scf.se\/cykelcross\/wp-content\/uploads\/sites\/4\/2023\/11\/ForeCX-VM2.jpg\"><img loading=\"lazy\" decoding=\"async\" class=\"alignnone size-full wp-image-1437\" src=\"https:\/\/scf.se\/cykelcross\/wp-content\/uploads\/sites\/4\/2023\/11\/ForeCX-VM2.jpg\" alt=\"\" width=\"1280\" height=\"1224\" srcset=\"https:\/\/scf.se\/cykelcross\/wp-content\/uploads\/sites\/4\/2023\/11\/ForeCX-VM2.jpg 1280w, https:\/\/scf.se\/cykelcross\/wp-content\/uploads\/sites\/4\/2023\/11\/ForeCX-VM2-300x287.jpg 300w, https:\/\/scf.se\/cykelcross\/wp-content\/uploads\/sites\/4\/2023\/11\/ForeCX-VM2-1024x979.jpg 1024w, https:\/\/scf.se\/cykelcross\/wp-content\/uploads\/sites\/4\/2023\/11\/ForeCX-VM2-768x734.jpg 768w\" sizes=\"auto, (max-width: 1280px) 100vw, 1280px\" \/><\/a>\n<blockquote><p>&#8221;Han har g\u00e5tt fr\u00e5n klarhet till klarhet efter att ha tagit ett litet uppeh\u00e5ll efter SM. Det gick bara b\u00e4ttre och b\u00e4ttre, tyckte han sj\u00e4lv ocks\u00e5. Det ska bli sp\u00e4nnande att se hans f\u00f6rsta VM&#8221;, s\u00e4ger Vingstedt.<\/p><\/blockquote>\n<a href=\"https:\/\/scf.se\/cykelcross\/wp-content\/uploads\/sites\/4\/2023\/11\/CXEM8-1.jpg\"><img loading=\"lazy\" decoding=\"async\" class=\"alignnone size-full wp-image-1439\" src=\"https:\/\/scf.se\/cykelcross\/wp-content\/uploads\/sites\/4\/2023\/11\/CXEM8-1.jpg\" alt=\"\" width=\"1252\" height=\"1280\" srcset=\"https:\/\/scf.se\/cykelcross\/wp-content\/uploads\/sites\/4\/2023\/11\/CXEM8-1.jpg 1252w, https:\/\/scf.se\/cykelcross\/wp-content\/uploads\/sites\/4\/2023\/11\/CXEM8-1-293x300.jpg 293w, https:\/\/scf.se\/cykelcross\/wp-content\/uploads\/sites\/4\/2023\/11\/CXEM8-1-1002x1024.jpg 1002w, https:\/\/scf.se\/cykelcross\/wp-content\/uploads\/sites\/4\/2023\/11\/CXEM8-1-768x785.jpg 768w\" sizes=\"auto, (max-width: 1252px) 100vw, 1252px\" \/><\/a>\n<p>U23-cykisten Filip M\u00e5rd (bilden ovan och nedan) blev sjuk kring ny\u00e5r men hann t\u00e4vla lite just innan de andra l\u00e4ndernas nationella m\u00e4sterskap br\u00f6t av CX-turn\u00e9n. H\u00e4r finns gott om internationell rutin. Det kan beh\u00f6vas p\u00e5 en bana som f\u00f6rv\u00e4ntas bli lerig vid plusgrader, som bara inneh\u00e5ller 16 h\u00f6jdmeter i en parkmilj\u00f6, men \u00e4nd\u00e5 \u00e4r teknisk d\u00e5 det g\u00e5r lite upp och ner med m\u00e5nga tv\u00e4ra sv\u00e4ngar.<\/p>\n<p>Vilmer Ekman och Filip M\u00e5rd kommer att genrepa p\u00e5 v\u00e4rldscupen i nederl\u00e4ndska Hoogerheide, tillika f\u00f6rra \u00e5rets VM-ort \u2013 d\u00e4r ocks\u00e5 Vilmar Aastrup finns med i juniorklassen.<\/p>\n<a href=\"https:\/\/scf.se\/cykelcross\/wp-content\/uploads\/sites\/4\/2023\/11\/ForeCX-VM3.jpg\"><img loading=\"lazy\" decoding=\"async\" class=\"alignnone size-full wp-image-1440\" src=\"https:\/\/scf.se\/cykelcross\/wp-content\/uploads\/sites\/4\/2023\/11\/ForeCX-VM3.jpg\" alt=\"\" width=\"1351\" height=\"1351\" srcset=\"https:\/\/scf.se\/cykelcross\/wp-content\/uploads\/sites\/4\/2023\/11\/ForeCX-VM3.jpg 1351w, https:\/\/scf.se\/cykelcross\/wp-content\/uploads\/sites\/4\/2023\/11\/ForeCX-VM3-300x300.jpg 300w, https:\/\/scf.se\/cykelcross\/wp-content\/uploads\/sites\/4\/2023\/11\/ForeCX-VM3-1024x1024.jpg 1024w, https:\/\/scf.se\/cykelcross\/wp-content\/uploads\/sites\/4\/2023\/11\/ForeCX-VM3-150x150.jpg 150w, https:\/\/scf.se\/cykelcross\/wp-content\/uploads\/sites\/4\/2023\/11\/ForeCX-VM3-768x768.jpg 768w\" sizes=\"auto, (max-width: 1351px) 100vw, 1351px\" \/><\/a>\n<blockquote><p>&#8221;Det blir ett j\u00e4ttebra genrep f\u00f6r Vilmer och Filip helgen innan VM. Hoogerheide kommer perfekt i tiden f\u00f6r dem. Kul ocks\u00e5 att Vilmar, som har haft en del otur med sjukdomar i vinter, \u00e4r nere och k\u00f6r cykelcross mot de b\u00e4sta igen. Det ger bra erfarenheter f\u00f6r framtiden&#8221;, s\u00e4ger Peter Vingstedt.<\/p><\/blockquote>\n<p>David Risberg i seniorelit, som \u00e5ker direkt till Tjeckien, f\u00e5r t\u00e4vla mot n\u00e5gra av v\u00e4rldens b\u00e4sta cyklister alla kategorier.<\/p>\n<div id=\"attachment_1444\" class=\"wp-caption alignnone\" ><a href=\"https:\/\/scf.se\/cykelcross\/wp-content\/uploads\/sites\/4\/2024\/01\/Risberg1111.jpg\"><img loading=\"lazy\" decoding=\"async\" class=\"size-full wp-image-1444\" src=\"https:\/\/scf.se\/cykelcross\/wp-content\/uploads\/sites\/4\/2024\/01\/Risberg1111.jpg\" alt=\"\" width=\"1169\" height=\"1053\" srcset=\"https:\/\/scf.se\/cykelcross\/wp-content\/uploads\/sites\/4\/2024\/01\/Risberg1111.jpg 1169w, https:\/\/scf.se\/cykelcross\/wp-content\/uploads\/sites\/4\/2024\/01\/Risberg1111-300x270.jpg 300w, https:\/\/scf.se\/cykelcross\/wp-content\/uploads\/sites\/4\/2024\/01\/Risberg1111-1024x922.jpg 1024w, https:\/\/scf.se\/cykelcross\/wp-content\/uploads\/sites\/4\/2024\/01\/Risberg1111-768x692.jpg 768w\" sizes=\"auto, (max-width: 1169px) 100vw, 1169px\" \/><\/a><p class=\"wp-caption-text\"><em>David Risberg missade EM p\u00e5 grund av f\u00f6rkylning men har nu f\u00e5tt och gett klartecken till att starta i CX-VM. Foto: Team Vostroblock Evolite Cycling<\/em><\/p><\/div>\n<blockquote><p>&#8221;Det vore fantastiskt om han lyckas ta sig i m\u00e5l p\u00e5 samma varv med tanke p\u00e5 hur fort det g\u00e5r just nu f\u00f6r s\u00e5dana som van der Poel med flera. Men David \u00e4r startsnabb och med svenska m\u00e5tt m\u00e4tt har han v\u00e4ldigt fin finess p\u00e5 hojen&#8221;, s\u00e4ger Vingstedt.<\/p><\/blockquote>\n<p>Anledningen till att VM-truppen bara blev tre cyklister stor denna g\u00e5ng \u00e4r en del att ett par cyklister har varit tvungna att tacka nej av olika sk\u00e4l i samr\u00e5d med Peter Vingstedt. Liksom fallet var till EM blir det heller inget VM f\u00f6r f\u00f6rsta\u00e5rsseniorerna Ville Merl\u00f6v och Paul Greijus som b\u00e5da gjorde det bra under loppen i mestadels Belgien. kring jul och ny\u00e5r.<\/p>\n<h3>Sveriges VM-trupp i T\u00e1bor<\/h3>\n<ul>\n<li><strong>Herrelit:<\/strong> David Risberg, Evolite Cycling Club<\/li>\n<li><strong>Herrar U23:<\/strong> Filip M\u00e5rd, Bauhaus Sportklubb<\/li>\n<li><strong>Herrjunior:<\/strong> Vilmer Ekman, Biketown Cycling Club<\/li>\n<\/ul>\n<h3>S\u00e5 k\u00f6rs CX-VM i Tjeckien<\/h3>\n<ul>\n<li><strong>L\u00f6rdag 3 februari:<\/strong> 12.35 U23 med Filip M\u00e5rd.<\/li>\n<li><strong>S\u00f6ndag 4 februari:<\/strong>\u00a011.05 junior med Vilmer Ekman, 14.35 herrelit med David Risberg.<\/li>\n<\/ul>\n<p><em>Text: SCF<\/em><br \/>\n<em>Foto: SCF d\u00e4r ej annat anges<\/em><\/p>\n<hr \/>\n<p><em><strong>Svenska Cykelf\u00f6rbundet \u00e4r stolta \u00f6ver att presentera v\u00e5ra samarbetspartners. Tack vare dessa fantastiska f\u00f6retag kan v\u00e5ra cyklister oftare ta sig l\u00e4ngre ut i v\u00e4rlden.<\/strong><\/em><\/p>\n<h2><a href=\"https:\/\/scf.se\/forbundet\/sponsorer\/\"><img loading=\"lazy\" decoding=\"async\" class=\"alignnone size-full wp-image-3872\" src=\"https:\/\/scf.se\/landsvag\/wp-content\/uploads\/sites\/5\/2023\/02\/LiggandeBannerNyheterHemsida2023.png\" alt=\"\" width=\"1200\" height=\"200\" \/><\/a><\/h2>\n","protected":false},"excerpt":{"rendered":"<p>Det blir en f\u00f6rh\u00e5llandevis liten svensk trupp till VM i cykelcross 3\u20134 februari i Tjeckien. De som ska f\u00f6rsvara de svenska f\u00e4rgerna i T\u00e1bor blir junioren Vilmer Ekman, U23-cyklisten Filip M\u00e5rd och David Risberg i seniorelit. M\u00e5rd och Ekman genrepar dessutom i stora v\u00e4rldscupt\u00e4vlingen i Hoogerheide i helgen, d\u00e4r ocks\u00e5 Vilmar Aastrup k\u00f6r. F\u00f6rsta\u00e5rsjunioren<a href=\"https:\/\/scf.se\/cykelcross\/tre-cyklister-har-fatt-och-gett-klartecken-for-cx-vm-i-tjeckien\/\" class=\"news-card__more\"> &#8230;<\/a><\/p>\n","protected":false},"author":41,"featured_media":1438,"comment_status":"open","ping_status":"open","sticky":false,"template":"","format":"standard","meta":{"_acf_changed":false,"footnotes":""},"categories":[1],"tags":[],"class_list":["post-1428","post","type-post","status-publish","format-standard","hentry","category-cykelcross"],"acf":[],"_links":{"self":[{"href":"https:\/\/scf.se\/cykelcross\/wp-json\/wp\/v2\/posts\/1428","targetHints":{"allow":["GET"]}}],"collection":[{"href":"https:\/\/scf.se\/cykelcross\/wp-json\/wp\/v2\/posts"}],"about":[{"href":"https:\/\/scf.se\/cykelcross\/wp-json\/wp\/v2\/types\/post"}],"author":[{"embeddable":true,"href":"https:\/\/scf.se\/cykelcross\/wp-json\/wp\/v2\/users\/41"}],"replies":[{"embeddable":true,"href":"https:\/\/scf.se\/cykelcross\/wp-json\/wp\/v2\/comments?post=1428"}],"version-history":[{"count":0,"href":"https:\/\/scf.se\/cykelcross\/wp-json\/wp\/v2\/posts\/1428\/revisions"}],"wp:featuredmedia":[{"embeddable":true,"href":"https:\/\/scf.se\/cykelcross\/wp-json\/wp\/v2\/media\/1438"}],"wp:attachment":[{"href":"https:\/\/scf.se\/cykelcross\/wp-json\/wp\/v2\/media?parent=1428"}],"wp:term":[{"taxonomy":"category","embeddable":true,"href":"https:\/\/scf.se\/cykelcross\/wp-json\/wp\/v2\/categories?post=1428"},{"taxonomy":"post_tag","embeddable":true,"href":"https:\/\/scf.se\/cykelcross\/wp-json\/wp\/v2\/tags?post=1428"}],"curies":[{"name":"wp","href":"https:\/\/api.w.org\/{rel}","templated":true}]}}