
{"id":1414,"date":"2024-01-08T11:44:47","date_gmt":"2024-01-08T10:44:47","guid":{"rendered":"http:\/\/scf.se\/cykelcross\/?p=1414"},"modified":"2024-01-08T12:43:55","modified_gmt":"2024-01-08T11:43:55","slug":"paul-greijus-avslutade-cx-resan-i-belgien-bra-pa-sugande-sandbanor","status":"publish","type":"post","link":"https:\/\/scf.se\/cykelcross\/paul-greijus-avslutade-cx-resan-i-belgien-bra-pa-sugande-sandbanor\/","title":{"rendered":"Paul Greijus avslutade CX-resan bra \u2013 p\u00e5 sugande sandbanor i Belgien"},"content":{"rendered":"<p><strong>F\u00f6rsta\u00e5rssenioren Paul Greijus avslutade CX-vistelsen i mestadels Belgien \u00f6ver jul och mellandagarna starkt med att vara 26:a i Koksijde (bilden) och b\u00e4sta svensk i herrelitens v\u00e4rldscup i Zonhoven. Nya cykelerfarenheter \u00e4ven in p\u00e5 kontot hos U23-kollegan Filip M\u00e5rd, som var tillbaka efter sjukdom, och David Risberg i seniorelit.<\/strong><\/p>\n<p>Risberg, som k\u00f6r f\u00f6r Team Vostroblock Evolite Cycling, var 37:a i herrelit i <strong>Koksijde<\/strong> innan helgen. Det var 52 startande, varav Mathieu van der Poel vid det h\u00e4r laget p\u00e5 CX-s\u00e4songen helt ostoppbar ut efter att exempelvis ha slagit av Wout van Aert med n\u00e4stan tv\u00e5 minuter.<\/p>\n<p>Greijus, som denna s\u00e4song finns med i Bauhaus Cycling Teams CX-satsning,\u00a0 var fin 26:a i ett starkt startf\u00e4lt med \u00f6ver 70 cyklister p\u00e5 en klassisk sandbana.<\/p>\n<div id=\"attachment_1417\" class=\"wp-caption alignnone\" ><a href=\"https:\/\/scf.se\/cykelcross\/wp-content\/uploads\/sites\/4\/2024\/01\/Charlotte_Desmet.jpg\"><img loading=\"lazy\" decoding=\"async\" class=\"size-full wp-image-1417\" src=\"https:\/\/scf.se\/cykelcross\/wp-content\/uploads\/sites\/4\/2024\/01\/Charlotte_Desmet.jpg\" alt=\"\" width=\"1437\" height=\"2200\" srcset=\"https:\/\/scf.se\/cykelcross\/wp-content\/uploads\/sites\/4\/2024\/01\/Charlotte_Desmet.jpg 1437w, https:\/\/scf.se\/cykelcross\/wp-content\/uploads\/sites\/4\/2024\/01\/Charlotte_Desmet-196x300.jpg 196w, https:\/\/scf.se\/cykelcross\/wp-content\/uploads\/sites\/4\/2024\/01\/Charlotte_Desmet-669x1024.jpg 669w, https:\/\/scf.se\/cykelcross\/wp-content\/uploads\/sites\/4\/2024\/01\/Charlotte_Desmet-768x1176.jpg 768w, https:\/\/scf.se\/cykelcross\/wp-content\/uploads\/sites\/4\/2024\/01\/Charlotte_Desmet-1003x1536.jpg 1003w, https:\/\/scf.se\/cykelcross\/wp-content\/uploads\/sites\/4\/2024\/01\/Charlotte_Desmet-1338x2048.jpg 1338w\" sizes=\"auto, (max-width: 1437px) 100vw, 1437px\" \/><\/a><p class=\"wp-caption-text\"><em>Sk\u00f6nt att slippa kletiga lerbanor efter ny\u00e5r men bl\u00f6ta sandbanor \u00e4r givetvis ocks\u00e5 rej\u00e4lt tuffa och sugande, h\u00e4r Paul Greijus i l\u00f6partagen. Foto: Charlotte Desmet<\/em><\/p><\/div>\n<blockquote><p>&#8221;Jag fick starta i femte startled denna g\u00e5ng men tyv\u00e4rr gick det ihop framf\u00f6r mig och jag tappade m\u00e5nga placeringar. Efter starten s\u00e5 b\u00f6rjade jag plocka placeringar och k\u00f6rde p\u00e5 ganska starkt hela v\u00e4gen in i m\u00e5l. Jag \u00e4r n\u00f6jd med min 26:e plats&#8221;, s\u00e4ger Paul Greijus.<\/p><\/blockquote>\n<a href=\"https:\/\/scf.se\/cykelcross\/wp-content\/uploads\/sites\/4\/2024\/01\/Mard234.jpg\"><img loading=\"lazy\" decoding=\"async\" class=\"alignnone size-full wp-image-1419\" src=\"https:\/\/scf.se\/cykelcross\/wp-content\/uploads\/sites\/4\/2024\/01\/Mard234.jpg\" alt=\"\" width=\"939\" height=\"832\" srcset=\"https:\/\/scf.se\/cykelcross\/wp-content\/uploads\/sites\/4\/2024\/01\/Mard234.jpg 939w, https:\/\/scf.se\/cykelcross\/wp-content\/uploads\/sites\/4\/2024\/01\/Mard234-300x266.jpg 300w, https:\/\/scf.se\/cykelcross\/wp-content\/uploads\/sites\/4\/2024\/01\/Mard234-768x680.jpg 768w\" sizes=\"auto, (max-width: 939px) 100vw, 939px\" \/><\/a>\n<p>Filip M\u00e5rd var tillbaka efter sjukdom som gjorde att han missade ett antal lopp kring ny\u00e5r; som v\u00e4ntat tungt men bra k\u00e4mpat sammanfattar Bauhaus Cycling Team insatsen som gav en 50:e plats.<\/p>\n<p>I belgiska <strong>Zonhoven<\/strong> den 7 januari var det v\u00e4rldscupstatus i elitklassen och gl\u00e4djande nog tre svenskar p\u00e5 till start, trots att Ville Merl\u00f6v var tvungen att \u00e5ka hem strax efter ny\u00e5r.<\/p>\n<a href=\"https:\/\/scf.se\/cykelcross\/wp-content\/uploads\/sites\/4\/2024\/01\/GreijusStart.jpg\"><img loading=\"lazy\" decoding=\"async\" class=\"alignnone size-full wp-image-1418\" src=\"https:\/\/scf.se\/cykelcross\/wp-content\/uploads\/sites\/4\/2024\/01\/GreijusStart.jpg\" alt=\"\" width=\"1500\" height=\"1478\" srcset=\"https:\/\/scf.se\/cykelcross\/wp-content\/uploads\/sites\/4\/2024\/01\/GreijusStart.jpg 1500w, https:\/\/scf.se\/cykelcross\/wp-content\/uploads\/sites\/4\/2024\/01\/GreijusStart-300x296.jpg 300w, https:\/\/scf.se\/cykelcross\/wp-content\/uploads\/sites\/4\/2024\/01\/GreijusStart-1024x1009.jpg 1024w, https:\/\/scf.se\/cykelcross\/wp-content\/uploads\/sites\/4\/2024\/01\/GreijusStart-768x757.jpg 768w\" sizes=\"auto, (max-width: 1500px) 100vw, 1500px\" \/><\/a>\n<blockquote><p>&#8221;Fick starta sist som vanligt vilket var position 65, och det blev ytterligare en startkrasch som jag lyckades undvika n\u00e4tt och j\u00e4mnt. Jag k\u00f6rde sedan p\u00e5 r\u00e4tt s\u00e5 bra och varvade p\u00e5 f\u00f6rsta varvet runt position 45. Jag k\u00f6rde bra och plockade placeringar sakta men s\u00e4kert. P\u00e5 tredje varvet f\u00e5r jag punka direkt efter dep\u00e5n och tappar flera placeringar. Fick byta cykel och kunde jaga p\u00e5 igen och k\u00f6ra upp mig till en 42:a plats&#8221;, ber\u00e4ttar Paul Greijus.<\/p><\/blockquote>\n<p>Det var lika med n\u00e4sta b\u00e4sta f\u00f6rsta\u00e5rssenior i VC-loppet. Filip M\u00e5rd var lite p\u00e5 g\u00e5ng igen efter sin sjukdom och slutade 51:a.<\/p>\n<h3>V\u00e4rldscupen i Zonhoven herrelit<\/h3>\n<ul>\n<li>1 <strong>Mathieu van der Poel<\/strong>, Nederl\u00e4nderna 59.35<\/li>\n<li>2 <strong>Joris Nieuwenhuis<\/strong>, Nederl\u00e4nderna +0.20<\/li>\n<li>3 <strong>Laurens Sweeck<\/strong>, Belgien +0.22<\/li>\n<li>42<strong> Paul Greijus<\/strong>, Sverige +1 varv<\/li>\n<li>51 <strong>Filip M\u00e5rd<\/strong>, Sverige +1 varv<\/li>\n<li>DNF David Risberg, Sverige<\/li>\n<\/ul>\n<p>Nu v\u00e4ntar de flesta l\u00e4nders nationella m\u00e4sterskap och f\u00f6r svensk del kommer n\u00e4sta CX-h\u00f6jdare 3\u20134 februari d\u00e5 det \u00e4r VM i tjeckiska Tabor. Vi \u00e5terkommer n\u00e4r den svenska truppen dit \u00e4r uttagen!<\/p>\n<p><em>Text: Tomas Larsson\/SCF<\/em><br \/>\n<em>Foto: Hans M\u00e5rd\/Bauhaus Cycling Team d\u00e4r ej annat anges<\/em><\/p>\n","protected":false},"excerpt":{"rendered":"<p>F\u00f6rsta\u00e5rssenioren Paul Greijus avslutade CX-vistelsen i mestadels Belgien \u00f6ver jul och mellandagarna starkt med att vara 26:a i Koksijde (bilden) och b\u00e4sta svensk i herrelitens v\u00e4rldscup i Zonhoven. Nya cykelerfarenheter \u00e4ven in p\u00e5 kontot hos U23-kollegan Filip M\u00e5rd, som var tillbaka efter sjukdom, och David Risberg i seniorelit. Risberg, som k\u00f6r f\u00f6r Team Vostroblock<a href=\"https:\/\/scf.se\/cykelcross\/paul-greijus-avslutade-cx-resan-i-belgien-bra-pa-sugande-sandbanor\/\" class=\"news-card__more\"> &#8230;<\/a><\/p>\n","protected":false},"author":41,"featured_media":1416,"comment_status":"open","ping_status":"open","sticky":false,"template":"","format":"standard","meta":{"_acf_changed":false,"footnotes":""},"categories":[1],"tags":[],"class_list":["post-1414","post","type-post","status-publish","format-standard","hentry","category-cykelcross"],"acf":[],"_links":{"self":[{"href":"https:\/\/scf.se\/cykelcross\/wp-json\/wp\/v2\/posts\/1414","targetHints":{"allow":["GET"]}}],"collection":[{"href":"https:\/\/scf.se\/cykelcross\/wp-json\/wp\/v2\/posts"}],"about":[{"href":"https:\/\/scf.se\/cykelcross\/wp-json\/wp\/v2\/types\/post"}],"author":[{"embeddable":true,"href":"https:\/\/scf.se\/cykelcross\/wp-json\/wp\/v2\/users\/41"}],"replies":[{"embeddable":true,"href":"https:\/\/scf.se\/cykelcross\/wp-json\/wp\/v2\/comments?post=1414"}],"version-history":[{"count":0,"href":"https:\/\/scf.se\/cykelcross\/wp-json\/wp\/v2\/posts\/1414\/revisions"}],"wp:featuredmedia":[{"embeddable":true,"href":"https:\/\/scf.se\/cykelcross\/wp-json\/wp\/v2\/media\/1416"}],"wp:attachment":[{"href":"https:\/\/scf.se\/cykelcross\/wp-json\/wp\/v2\/media?parent=1414"}],"wp:term":[{"taxonomy":"category","embeddable":true,"href":"https:\/\/scf.se\/cykelcross\/wp-json\/wp\/v2\/categories?post=1414"},{"taxonomy":"post_tag","embeddable":true,"href":"https:\/\/scf.se\/cykelcross\/wp-json\/wp\/v2\/tags?post=1414"}],"curies":[{"name":"wp","href":"https:\/\/api.w.org\/{rel}","templated":true}]}}