
{"id":1385,"date":"2024-01-03T12:42:17","date_gmt":"2024-01-03T11:42:17","guid":{"rendered":"http:\/\/scf.se\/cykelcross\/?p=1385"},"modified":"2024-01-04T11:44:59","modified_gmt":"2024-01-04T10:44:59","slug":"manga-nya-erfarenheter-fran-stora-och-riktigt-tuffa-cx-lopp-kring-nyar","status":"publish","type":"post","link":"https:\/\/scf.se\/cykelcross\/manga-nya-erfarenheter-fran-stora-och-riktigt-tuffa-cx-lopp-kring-nyar\/","title":{"rendered":"M\u00e5nga nya erfarenheter fr\u00e5n stora och riktigt tuffa CX-lopp kring ny\u00e5r"},"content":{"rendered":"<p><strong>Det fylls p\u00e5 med nya erfarenheter fr\u00e5n stora och riktigt tuffa CX-t\u00e4vlingarna i Belgien och Nederl\u00e4nderna f\u00f6r svenska cyklister som David Risberg, f\u00f6rsta\u00e5rsseniorerna Paul Greijus och Ville Merl\u00f6v samt junioren Vilmer Ekman. H\u00e4r kommer en ny rapport!\u00a0<\/strong><\/p>\n<a href=\"https:\/\/scf.se\/cykelcross\/wp-content\/uploads\/sites\/4\/2024\/01\/IMG_6259.jpg\"><img loading=\"lazy\" decoding=\"async\" class=\"alignnone size-full wp-image-1411\" src=\"https:\/\/scf.se\/cykelcross\/wp-content\/uploads\/sites\/4\/2024\/01\/IMG_6259.jpg\" alt=\"\" width=\"1506\" height=\"1194\" srcset=\"https:\/\/scf.se\/cykelcross\/wp-content\/uploads\/sites\/4\/2024\/01\/IMG_6259.jpg 1506w, https:\/\/scf.se\/cykelcross\/wp-content\/uploads\/sites\/4\/2024\/01\/IMG_6259-300x238.jpg 300w, https:\/\/scf.se\/cykelcross\/wp-content\/uploads\/sites\/4\/2024\/01\/IMG_6259-1024x812.jpg 1024w, https:\/\/scf.se\/cykelcross\/wp-content\/uploads\/sites\/4\/2024\/01\/IMG_6259-768x609.jpg 768w\" sizes=\"auto, (max-width: 1506px) 100vw, 1506px\" \/><\/a>\n<p>Paul Greijus (de b\u00e4gge bilderna ovan) slutade 42:a i seniorelit i <strong>Superprestige Diegem,<\/strong> som \u00e4r en kv\u00e4llst\u00e4vling. Mathieu van der Poel gav valuta f\u00f6r startpengarna och vann med n\u00e4stan minuten denna g\u00e5ng. Paul gick i m\u00e5l p\u00e5 samma varv som van der Poel i Diegem \u2013\u00a0en bedrift fr\u00e5n sista startposition med n\u00e4ra 100 startande.<\/p>\n<a href=\"https:\/\/scf.se\/cykelcross\/wp-content\/uploads\/sites\/4\/2024\/01\/Ville3.jpg\"><img loading=\"lazy\" decoding=\"async\" class=\"alignnone size-full wp-image-1390\" src=\"https:\/\/scf.se\/cykelcross\/wp-content\/uploads\/sites\/4\/2024\/01\/Ville3.jpg\" alt=\"\" width=\"1170\" height=\"1118\" srcset=\"https:\/\/scf.se\/cykelcross\/wp-content\/uploads\/sites\/4\/2024\/01\/Ville3.jpg 1170w, https:\/\/scf.se\/cykelcross\/wp-content\/uploads\/sites\/4\/2024\/01\/Ville3-300x287.jpg 300w, https:\/\/scf.se\/cykelcross\/wp-content\/uploads\/sites\/4\/2024\/01\/Ville3-1024x978.jpg 1024w, https:\/\/scf.se\/cykelcross\/wp-content\/uploads\/sites\/4\/2024\/01\/Ville3-768x734.jpg 768w\" sizes=\"auto, (max-width: 1170px) 100vw, 1170px\" \/><\/a>\n<p>I<strong> Loenhout &#8211; Azencross<\/strong> fick Ville Merl\u00f6v (bilden ovan) till ett riktigt bra lopp, var 39:a och klarade \u00e4ven han av att g\u00e5 i m\u00e5l p\u00e5 samma varv som regerande linjeloppsv\u00e4rldsv\u00e4rldsm\u00e4staren, nederl\u00e4ndske superstj\u00e4rnan Mathieu van der Poel. Starkt!<\/p>\n<a href=\"https:\/\/scf.se\/cykelcross\/wp-content\/uploads\/sites\/4\/2024\/01\/Risberg22.jpg\"><img loading=\"lazy\" decoding=\"async\" class=\"alignnone size-full wp-image-1395\" src=\"https:\/\/scf.se\/cykelcross\/wp-content\/uploads\/sites\/4\/2024\/01\/Risberg22.jpg\" alt=\"\" width=\"819\" height=\"741\" srcset=\"https:\/\/scf.se\/cykelcross\/wp-content\/uploads\/sites\/4\/2024\/01\/Risberg22.jpg 819w, https:\/\/scf.se\/cykelcross\/wp-content\/uploads\/sites\/4\/2024\/01\/Risberg22-300x271.jpg 300w, https:\/\/scf.se\/cykelcross\/wp-content\/uploads\/sites\/4\/2024\/01\/Risberg22-768x695.jpg 768w\" sizes=\"auto, (max-width: 819px) 100vw, 819px\" \/><\/a>\n<p>P\u00e5 <strong>v\u00e4rldscupen i Hulst<\/strong> var David Risberg (bilden ovan) b\u00e4sta svensk med en 58:e plats, Greijus 75:a och Ville Merl\u00f6v 81:a. De senare hamnade bakom en startkrasch och hittade sedan inte flytet.<\/p>\n<a href=\"https:\/\/scf.se\/cykelcross\/wp-content\/uploads\/sites\/4\/2024\/01\/Ville2.jpg\"><img loading=\"lazy\" decoding=\"async\" class=\"alignnone size-full wp-image-1394\" src=\"https:\/\/scf.se\/cykelcross\/wp-content\/uploads\/sites\/4\/2024\/01\/Ville2.jpg\" alt=\"\" width=\"910\" height=\"668\" srcset=\"https:\/\/scf.se\/cykelcross\/wp-content\/uploads\/sites\/4\/2024\/01\/Ville2.jpg 910w, https:\/\/scf.se\/cykelcross\/wp-content\/uploads\/sites\/4\/2024\/01\/Ville2-300x220.jpg 300w, https:\/\/scf.se\/cykelcross\/wp-content\/uploads\/sites\/4\/2024\/01\/Ville2-768x564.jpg 768w\" sizes=\"auto, (max-width: 910px) 100vw, 910px\" \/><\/a> <a href=\"https:\/\/scf.se\/cykelcross\/wp-content\/uploads\/sites\/4\/2024\/01\/Ville1.jpg\"><img loading=\"lazy\" decoding=\"async\" class=\"alignnone size-full wp-image-1393\" src=\"https:\/\/scf.se\/cykelcross\/wp-content\/uploads\/sites\/4\/2024\/01\/Ville1.jpg\" alt=\"\" width=\"786\" height=\"618\" srcset=\"https:\/\/scf.se\/cykelcross\/wp-content\/uploads\/sites\/4\/2024\/01\/Ville1.jpg 786w, https:\/\/scf.se\/cykelcross\/wp-content\/uploads\/sites\/4\/2024\/01\/Ville1-300x236.jpg 300w, https:\/\/scf.se\/cykelcross\/wp-content\/uploads\/sites\/4\/2024\/01\/Ville1-768x604.jpg 768w\" sizes=\"auto, (max-width: 786px) 100vw, 786px\" \/><\/a>\n<p>Men i juniorklassen i Hulst gjorde Vilmer Ekman ett riktigt topplopp; 27:a i ett startf\u00e4lt med n\u00e4stan 90 cyklister fyra minuter fr\u00e5n segrande holl\u00e4ndaren Senna Remijn.<\/p>\n<p>Kul med tv\u00e5 juniorer p\u00e5 plats \u00e4ven i \u00e5r.\u00a0 Vilmer Ekman, som radade upp topplaceringar f\u00f6rra s\u00e4songen i \u00e4ldsta ungdomsklassen, k\u00f6rde superstarkt i Loehout. Han var i ledning&#8230;n\u00e4r skon gick s\u00f6nder. Ekman k\u00f6rde \u00e4nd\u00e5 in som fin tia d\u00e4r.<\/p>\n<a href=\"https:\/\/scf.se\/cykelcross\/wp-content\/uploads\/sites\/4\/2024\/01\/Depa.jpg\"><img loading=\"lazy\" decoding=\"async\" class=\"alignnone size-full wp-image-1408\" src=\"https:\/\/scf.se\/cykelcross\/wp-content\/uploads\/sites\/4\/2024\/01\/Depa.jpg\" alt=\"\" width=\"1512\" height=\"1743\" srcset=\"https:\/\/scf.se\/cykelcross\/wp-content\/uploads\/sites\/4\/2024\/01\/Depa.jpg 1512w, https:\/\/scf.se\/cykelcross\/wp-content\/uploads\/sites\/4\/2024\/01\/Depa-260x300.jpg 260w, https:\/\/scf.se\/cykelcross\/wp-content\/uploads\/sites\/4\/2024\/01\/Depa-888x1024.jpg 888w, https:\/\/scf.se\/cykelcross\/wp-content\/uploads\/sites\/4\/2024\/01\/Depa-768x885.jpg 768w, https:\/\/scf.se\/cykelcross\/wp-content\/uploads\/sites\/4\/2024\/01\/Depa-1332x1536.jpg 1332w\" sizes=\"auto, (max-width: 1512px) 100vw, 1512px\" \/><\/a> <a href=\"https:\/\/scf.se\/cykelcross\/wp-content\/uploads\/sites\/4\/2024\/01\/IMG_8240.jpg\"><img loading=\"lazy\" decoding=\"async\" class=\"alignnone size-full wp-image-1409\" src=\"https:\/\/scf.se\/cykelcross\/wp-content\/uploads\/sites\/4\/2024\/01\/IMG_8240.jpg\" alt=\"\" width=\"1256\" height=\"910\" srcset=\"https:\/\/scf.se\/cykelcross\/wp-content\/uploads\/sites\/4\/2024\/01\/IMG_8240.jpg 1256w, https:\/\/scf.se\/cykelcross\/wp-content\/uploads\/sites\/4\/2024\/01\/IMG_8240-300x217.jpg 300w, https:\/\/scf.se\/cykelcross\/wp-content\/uploads\/sites\/4\/2024\/01\/IMG_8240-1024x742.jpg 1024w, https:\/\/scf.se\/cykelcross\/wp-content\/uploads\/sites\/4\/2024\/01\/IMG_8240-768x556.jpg 768w\" sizes=\"auto, (max-width: 1256px) 100vw, 1256px\" \/><\/a>\n<a href=\"https:\/\/scf.se\/cykelcross\/wp-content\/uploads\/sites\/4\/2024\/01\/IMG_8251.jpg\"><img loading=\"lazy\" decoding=\"async\" class=\"alignnone size-full wp-image-1407\" src=\"https:\/\/scf.se\/cykelcross\/wp-content\/uploads\/sites\/4\/2024\/01\/IMG_8251.jpg\" alt=\"\" width=\"1170\" height=\"1140\" srcset=\"https:\/\/scf.se\/cykelcross\/wp-content\/uploads\/sites\/4\/2024\/01\/IMG_8251.jpg 1170w, https:\/\/scf.se\/cykelcross\/wp-content\/uploads\/sites\/4\/2024\/01\/IMG_8251-300x292.jpg 300w, https:\/\/scf.se\/cykelcross\/wp-content\/uploads\/sites\/4\/2024\/01\/IMG_8251-1024x998.jpg 1024w, https:\/\/scf.se\/cykelcross\/wp-content\/uploads\/sites\/4\/2024\/01\/IMG_8251-768x748.jpg 768w\" sizes=\"auto, (max-width: 1170px) 100vw, 1170px\" \/><\/a>\n<p>\u00c4ven Vilmar Aastrup k\u00f6rde bra fr\u00e5n sista startposition k\u00f6rde han om halva start f\u00e4ltet p\u00e5 f\u00f6rsta varvet; tr\u00f6ttande dock p\u00e5 slutet men slutande \u00e4nd\u00e5 57.<\/p>\n<p>P\u00e5 ny\u00e5rsdagen var det s\u00e5 dags f\u00f6r <strong>GP Sven Nys i Baal<\/strong>. I seniorelit var David Risberg 28:a av 41 startande.<\/p>\n<a href=\"https:\/\/scf.se\/cykelcross\/wp-content\/uploads\/sites\/4\/2024\/01\/IMG_6354.jpg\"><img loading=\"lazy\" decoding=\"async\" class=\"alignnone size-full wp-image-1389\" src=\"https:\/\/scf.se\/cykelcross\/wp-content\/uploads\/sites\/4\/2024\/01\/IMG_6354.jpg\" alt=\"\" width=\"1500\" height=\"1428\" srcset=\"https:\/\/scf.se\/cykelcross\/wp-content\/uploads\/sites\/4\/2024\/01\/IMG_6354.jpg 1500w, https:\/\/scf.se\/cykelcross\/wp-content\/uploads\/sites\/4\/2024\/01\/IMG_6354-300x286.jpg 300w, https:\/\/scf.se\/cykelcross\/wp-content\/uploads\/sites\/4\/2024\/01\/IMG_6354-1024x975.jpg 1024w, https:\/\/scf.se\/cykelcross\/wp-content\/uploads\/sites\/4\/2024\/01\/IMG_6354-768x731.jpg 768w\" sizes=\"auto, (max-width: 1500px) 100vw, 1500px\" \/><\/a>\n<p>I U23 lyckades Paul Greijus bra i de brutalaste f\u00f6rh\u00e5llandena hittills. Med tanke p\u00e5 att endast 43 av 66 startande kom i m\u00e5l p\u00e5 samma varv som segraren var 30:e man f\u00f6r Paul stabilt.\u00a0Han hade sex minuter upp till segrande belgaren Victor van de Putte; var relativt sett snabbare p\u00e5 asfalten \u00e4n i lerv\u00e4llingen.<\/p>\n<p>Ville Merl\u00f6v kraschade riktigt h\u00e5rt och landade med strupen i en stolpe. Efter fem timmar p\u00e5 sjukhuset i Leuven var l\u00e4get betydligt ljusare och han fick l\u00e4mna sjukhuset.<\/p>\n<a href=\"https:\/\/scf.se\/cykelcross\/wp-content\/uploads\/sites\/4\/2024\/01\/Ville4.jpg\"><img loading=\"lazy\" decoding=\"async\" class=\"alignnone size-full wp-image-1391\" src=\"https:\/\/scf.se\/cykelcross\/wp-content\/uploads\/sites\/4\/2024\/01\/Ville4.jpg\" alt=\"\" width=\"1170\" height=\"959\" srcset=\"https:\/\/scf.se\/cykelcross\/wp-content\/uploads\/sites\/4\/2024\/01\/Ville4.jpg 1170w, https:\/\/scf.se\/cykelcross\/wp-content\/uploads\/sites\/4\/2024\/01\/Ville4-300x246.jpg 300w, https:\/\/scf.se\/cykelcross\/wp-content\/uploads\/sites\/4\/2024\/01\/Ville4-1024x839.jpg 1024w, https:\/\/scf.se\/cykelcross\/wp-content\/uploads\/sites\/4\/2024\/01\/Ville4-768x629.jpg 768w\" sizes=\"auto, (max-width: 1170px) 100vw, 1170px\" \/><\/a>\n<p>En tidigarelagd avslutning av CX-s\u00e4songen var redan best\u00e4md. P\u00e5 hemresan rapporterade Ville att kroppen \u00e4nd\u00e5 k\u00e4nns bra efter sm\u00e4llen.<\/p>\n<p>\u00c4ven i Baal k\u00f6rde de svenska juniorerna stabilt; Vilmer 21:a och Vilmar 48:a.<\/p>\n<p>Rutinerade U23-cyklisten Filip M\u00e5rd, som liksom Paul Greijus k\u00f6r i Bauhaus Cycling team, har varit sjuk och missat t\u00e4vlingarna kring ny\u00e5r.<\/p>\n<p>Denna CX-roadtrip forts\u00e4tter i alla fall f\u00f6r n\u00e5gra av cyklisterna och d\u00e5 \u00e4r det fr\u00e4mst\u00a0 Koksijde 4 januari och Zonhoven 7 januari som g\u00e4ller. Det \u00e4r lika med sandbanor som inneh\u00e5ller mycket mindre lera.<\/p>\n<ul>\n<li><a href=\"https:\/\/scf.se\/cykelcross\/cykla-mot-varldseliten-i-cx-ar-en-riktigt-tuff-men-bra-skola\/\"><em><strong>L\u00e4s ocks\u00e5 &#8221;Cykla mot CX-v\u00e4rldseliten i Belgien \u00e4r en riktigt tuff men l\u00e4rorik skola&#8221;.<\/strong><\/em><\/a><\/li>\n<\/ul>\n<p><em>Text: SCF<\/em><br \/>\n<em>Foto: Erik Greijus och Privat<\/em><\/p>\n<p>&nbsp;<\/p>\n<p>&nbsp;<\/p>\n","protected":false},"excerpt":{"rendered":"<p>Det fylls p\u00e5 med nya erfarenheter fr\u00e5n stora och riktigt tuffa CX-t\u00e4vlingarna i Belgien och Nederl\u00e4nderna f\u00f6r svenska cyklister som David Risberg, f\u00f6rsta\u00e5rsseniorerna Paul Greijus och Ville Merl\u00f6v samt junioren Vilmer Ekman. H\u00e4r kommer en ny rapport!\u00a0 Paul Greijus (de b\u00e4gge bilderna ovan) slutade 42:a i seniorelit i Superprestige Diegem, som \u00e4r en kv\u00e4llst\u00e4vling.<a href=\"https:\/\/scf.se\/cykelcross\/manga-nya-erfarenheter-fran-stora-och-riktigt-tuffa-cx-lopp-kring-nyar\/\" class=\"news-card__more\"> &#8230;<\/a><\/p>\n","protected":false},"author":41,"featured_media":1392,"comment_status":"open","ping_status":"open","sticky":false,"template":"","format":"standard","meta":{"_acf_changed":false,"footnotes":""},"categories":[1],"tags":[],"class_list":["post-1385","post","type-post","status-publish","format-standard","hentry","category-cykelcross"],"acf":[],"_links":{"self":[{"href":"https:\/\/scf.se\/cykelcross\/wp-json\/wp\/v2\/posts\/1385","targetHints":{"allow":["GET"]}}],"collection":[{"href":"https:\/\/scf.se\/cykelcross\/wp-json\/wp\/v2\/posts"}],"about":[{"href":"https:\/\/scf.se\/cykelcross\/wp-json\/wp\/v2\/types\/post"}],"author":[{"embeddable":true,"href":"https:\/\/scf.se\/cykelcross\/wp-json\/wp\/v2\/users\/41"}],"replies":[{"embeddable":true,"href":"https:\/\/scf.se\/cykelcross\/wp-json\/wp\/v2\/comments?post=1385"}],"version-history":[{"count":0,"href":"https:\/\/scf.se\/cykelcross\/wp-json\/wp\/v2\/posts\/1385\/revisions"}],"wp:featuredmedia":[{"embeddable":true,"href":"https:\/\/scf.se\/cykelcross\/wp-json\/wp\/v2\/media\/1392"}],"wp:attachment":[{"href":"https:\/\/scf.se\/cykelcross\/wp-json\/wp\/v2\/media?parent=1385"}],"wp:term":[{"taxonomy":"category","embeddable":true,"href":"https:\/\/scf.se\/cykelcross\/wp-json\/wp\/v2\/categories?post=1385"},{"taxonomy":"post_tag","embeddable":true,"href":"https:\/\/scf.se\/cykelcross\/wp-json\/wp\/v2\/tags?post=1385"}],"curies":[{"name":"wp","href":"https:\/\/api.w.org\/{rel}","templated":true}]}}