
{"id":1367,"date":"2023-12-28T09:24:33","date_gmt":"2023-12-28T08:24:33","guid":{"rendered":"http:\/\/scf.se\/cykelcross\/?p=1367"},"modified":"2023-12-28T15:24:58","modified_gmt":"2023-12-28T14:24:58","slug":"cykla-mot-varldseliten-i-cx-ar-en-riktigt-tuff-men-bra-skola","status":"publish","type":"post","link":"https:\/\/scf.se\/cykelcross\/cykla-mot-varldseliten-i-cx-ar-en-riktigt-tuff-men-bra-skola\/","title":{"rendered":"Cykla mot CX-v\u00e4rldseliten i Belgien \u00e4r en riktigt tuff men l\u00e4rorik skola"},"content":{"rendered":"<p><strong>En handfull unga svenska CX-cyklister har valt att fira jul och ny\u00e5r i cykelcrossland \u2013 mestadels Belgien. P\u00e5 onsdagen fanns Ville Merl\u00f6v med i herrelitklassen i Superprestige Hausden-Zolder. P\u00e5 annandagen cyklade en annan f\u00f6rsta\u00e5rssenior, Paul Greijus, med i v\u00e4rldscupen i seniorelit. En stentuff men l\u00e4rorik skola.<\/strong><\/p>\n<p>I Zolder segrade belgiske v\u00e4rldsstj\u00e4rnan i s\u00e5v\u00e4l CX som landsv\u00e4g, Wout van Aert, \u00e5tta sekunder f\u00f6re landsmannen Eli Iserbyt. Ni h\u00f6r. En tuff skola var ordet. Det \u00e4r ett starkt lopp av en 18-\u00e5ringen Ville Merl\u00f6v att vara \u00e5tta placeringar ifr\u00e5n att sluta p\u00e5 samma varv som van Aert.<\/p>\n<p>SM-bronsmedalj\u00f6ren Ville Merl\u00f6v var 59:a och David Risberg, som dominerade SWE Cup i h\u00f6stas och var tv\u00e5a p\u00e5 SM, slutade p\u00e5 plats 63 av de 85 startande i herrelitklassen.<\/p>\n<a href=\"https:\/\/scf.se\/cykelcross\/wp-content\/uploads\/sites\/4\/2023\/12\/409540912_681258550660993_5755477726568065115_n-1.jpg\"><img loading=\"lazy\" decoding=\"async\" class=\"alignnone size-full wp-image-1369\" src=\"https:\/\/scf.se\/cykelcross\/wp-content\/uploads\/sites\/4\/2023\/12\/409540912_681258550660993_5755477726568065115_n-1.jpg\" alt=\"\" width=\"748\" height=\"777\" srcset=\"https:\/\/scf.se\/cykelcross\/wp-content\/uploads\/sites\/4\/2023\/12\/409540912_681258550660993_5755477726568065115_n-1.jpg 748w, https:\/\/scf.se\/cykelcross\/wp-content\/uploads\/sites\/4\/2023\/12\/409540912_681258550660993_5755477726568065115_n-1-289x300.jpg 289w\" sizes=\"auto, (max-width: 748px) 100vw, 748px\" \/><\/a>\n<blockquote><p>&#8221;Det var s\u00e5klart jobbigt och nerv\u00f6st att t\u00e4vla mot de b\u00e4sta i v\u00e4rlden. Men det var kul och det \u00e4r \u00e4ven h\u00e4ftigt att f\u00e5 t\u00e4vla mot folk som jobbar med det! Benen var inte d\u00e5liga, men de var inte de b\u00e4sta i v\u00e4rden \u2013 har l\u00e4rt mig mycket idag och vet nu vad jag beh\u00f6ver jobba p\u00e5&#8221;, s\u00e4ger Ville Merl\u00f6v.<\/p><\/blockquote>\n<p>F\u00f6rsta\u00e5rsjunioren Vilmer Ekman var 64:a i juniorklassen.<\/p>\n<p>SM-vinnaren Paul Greijus \u00e4r en annan f\u00f6rsta\u00e5rssenior som har vanan inne att vara i Belgien och h\u00e4rdas p\u00e5 CX-cykeln. I v\u00e4rldscupen i belgiska Gavere p\u00e5 annandagen var han enda svensk till start i seniorelit; slutade p\u00e5 plats 56 av 77 cyklister till start.<\/p>\n<p>Regerande v\u00e4rldsm\u00e4staren p\u00e5 landsv\u00e4g, Mathieu van der Poel, vann f\u00f6re Wout van Aert och britten Tom Pidcock. Hur m\u00e5nga g\u00e5nger segerstriden i CX-lopp har varit stenh\u00e5rd och st\u00e5tt mellan nederl\u00e4ndaren och belgaren \u00e4r n\u00e4rmast om\u00f6jligt att h\u00e5lla r\u00e4kningen p\u00e5. S\u00e5 h\u00e4r sammanfattade Greijus upplevelsen p\u00e5 Bauhaus Cycling Teams Instagramkonto:<\/p>\n<a href=\"https:\/\/scf.se\/cykelcross\/wp-content\/uploads\/sites\/4\/2023\/12\/BF4R9425.jpg\"><img loading=\"lazy\" decoding=\"async\" class=\"alignnone size-full wp-image-1373\" src=\"https:\/\/scf.se\/cykelcross\/wp-content\/uploads\/sites\/4\/2023\/12\/BF4R9425.jpg\" alt=\"\" width=\"2000\" height=\"1576\" srcset=\"https:\/\/scf.se\/cykelcross\/wp-content\/uploads\/sites\/4\/2023\/12\/BF4R9425.jpg 2000w, https:\/\/scf.se\/cykelcross\/wp-content\/uploads\/sites\/4\/2023\/12\/BF4R9425-300x236.jpg 300w, https:\/\/scf.se\/cykelcross\/wp-content\/uploads\/sites\/4\/2023\/12\/BF4R9425-1024x807.jpg 1024w, https:\/\/scf.se\/cykelcross\/wp-content\/uploads\/sites\/4\/2023\/12\/BF4R9425-768x605.jpg 768w, https:\/\/scf.se\/cykelcross\/wp-content\/uploads\/sites\/4\/2023\/12\/BF4R9425-1536x1210.jpg 1536w\" sizes=\"auto, (max-width: 2000px) 100vw, 2000px\" \/><\/a>\n<blockquote><p>&#8221;Fick starta absolut sist. Kaos f\u00f6rsta varvet och sv\u00e5rt att avancera. Otroligt tunga f\u00f6rh\u00e5llanden idag vilket tyv\u00e4rr \u00e4r mindre bra f\u00f6r mitt &#8217;d\u00e5liga&#8217; ben. B\u00f6rjade tillslut komma in i det, men d\u00e5 var racet strax \u00f6ver f\u00f6r min del. Blickar fram mot nya t\u00e4vlingar snart som ska passa mig b\u00e4ttre.\u201d<\/p><\/blockquote>\n<p>I v\u00e4rldscupen i Antwerpen den 23 december var det rimligare motst\u00e5nd i U23-klassen. D\u00e5 hade Greijus rygg p\u00e5 Daniel Nielsen, den vassa dansken i samma \u00e5ldersspann, p\u00e5 sista varvet. Paul slutade p\u00e5 plats 28, mindre \u00e4n fyra minuter fr\u00e5n nederl\u00e4ndske segraren Tibor del Grosso.<\/p>\n<a href=\"https:\/\/scf.se\/cykelcross\/wp-content\/uploads\/sites\/4\/2023\/12\/BF4R9424-1.jpg\"><img loading=\"lazy\" decoding=\"async\" class=\"alignnone size-full wp-image-1372\" src=\"https:\/\/scf.se\/cykelcross\/wp-content\/uploads\/sites\/4\/2023\/12\/BF4R9424-1.jpg\" alt=\"\" width=\"2000\" height=\"2076\" srcset=\"https:\/\/scf.se\/cykelcross\/wp-content\/uploads\/sites\/4\/2023\/12\/BF4R9424-1.jpg 2000w, https:\/\/scf.se\/cykelcross\/wp-content\/uploads\/sites\/4\/2023\/12\/BF4R9424-1-289x300.jpg 289w, https:\/\/scf.se\/cykelcross\/wp-content\/uploads\/sites\/4\/2023\/12\/BF4R9424-1-987x1024.jpg 987w, https:\/\/scf.se\/cykelcross\/wp-content\/uploads\/sites\/4\/2023\/12\/BF4R9424-1-768x797.jpg 768w, https:\/\/scf.se\/cykelcross\/wp-content\/uploads\/sites\/4\/2023\/12\/BF4R9424-1-1480x1536.jpg 1480w, https:\/\/scf.se\/cykelcross\/wp-content\/uploads\/sites\/4\/2023\/12\/BF4R9424-1-1973x2048.jpg 1973w\" sizes=\"auto, (max-width: 2000px) 100vw, 2000px\" \/><\/a>\n<p>Kollegan fr\u00e5n Bauhausteamet, Filip M\u00e5rd tappade kedjan p\u00e5 f\u00f6rsta varvet och slutade 40:e d\u00e4r och Ville Merl\u00f6v som k\u00f6r f\u00f6r \u00c5strorps CK 47:a. Team Vostroblocks David Risberg slutade 42:a av de 47 startande i herrelit.<\/p>\n<p>Vilmer Ekman slutade p\u00e5 plats 50 i den belgiska staden som arrangerade OS 1920 \u2013\u00a0och det blev svensk cykelseger genom Harry Stenqvist.<\/p>\n<p>I Namurs v\u00e4rldscup 17 december Risberg 33:a i seniorelit. M\u00e5rd hade fin form i det racet och slutade 29:a i U23 och Merl\u00f6v 41:a i samma klass. Greijus br\u00f6t d\u00e4r efter att ha varit 18:e dagarna innan i t\u00e4vlingen i Herentals men vurpat p\u00e5 tr\u00e4ning innan Namur.<\/p>\n<a href=\"https:\/\/scf.se\/cykelcross\/wp-content\/uploads\/sites\/4\/2023\/12\/BF4R9429.jpg\"><img loading=\"lazy\" decoding=\"async\" class=\"alignnone size-full wp-image-1382\" src=\"https:\/\/scf.se\/cykelcross\/wp-content\/uploads\/sites\/4\/2023\/12\/BF4R9429.jpg\" alt=\"\" width=\"1878\" height=\"2265\" srcset=\"https:\/\/scf.se\/cykelcross\/wp-content\/uploads\/sites\/4\/2023\/12\/BF4R9429.jpg 1878w, https:\/\/scf.se\/cykelcross\/wp-content\/uploads\/sites\/4\/2023\/12\/BF4R9429-249x300.jpg 249w, https:\/\/scf.se\/cykelcross\/wp-content\/uploads\/sites\/4\/2023\/12\/BF4R9429-849x1024.jpg 849w, https:\/\/scf.se\/cykelcross\/wp-content\/uploads\/sites\/4\/2023\/12\/BF4R9429-768x926.jpg 768w, https:\/\/scf.se\/cykelcross\/wp-content\/uploads\/sites\/4\/2023\/12\/BF4R9429-1274x1536.jpg 1274w, https:\/\/scf.se\/cykelcross\/wp-content\/uploads\/sites\/4\/2023\/12\/BF4R9429-1698x2048.jpg 1698w\" sizes=\"auto, (max-width: 1878px) 100vw, 1878px\" \/><\/a>\n<p>Paul Greijus s\u00e4ger s\u00e5 h\u00e4r till SCF.se om helhetsk\u00e4nslan efter CX-t\u00e4vlingarna i Herentals, Namur, Antwerpen och Gavere:<\/p>\n<blockquote><p>&#8221;Jag har haft lite blandade resultat och prestationer, men generellt sett s\u00e5 \u00e4r formen god, vilket jag kunde visa bra i Herentals och Antwerpen! I kv\u00e4ll torsdag ska jag starta mitt andra lopp i elitklassen denna vistelse. Loppet \u00e4r ett kv\u00e4llsrace i Diegem vilket ska bli kul! Tyv\u00e4rr startar jag sist igen, men det \u00e4r en bra erfarenhet det med&#8221;, s\u00e4ger Paul.<\/p>\n<p>&#8221;Efter det s\u00e5 \u00e5terst\u00e5r det t\u00e4vlingar i Hulst, Baal, Koksijde och Zonhoven. D\u00e4r jag i Hulst och Zonhoven ska f\u00e5 m\u00e4ta mig mot elitklassen och de b\u00e4sta i v\u00e4rlden igen!&#8221;<\/p><\/blockquote>\n<p>Men allt \u00e4r inte bara t\u00e4vling och resultat. Det \u00e4r utvecklande att leva cykel p\u00e5 belgiskt vis med tr\u00e4ningsteam fr\u00e5n landet d\u00e4r sporten \u00e4r som st\u00f6rst.<\/p>\n<blockquote><p>&#8221;Ja, det funkar bra och allt blir lite enklare n\u00e4r man k\u00e4nner n\u00e5gon h\u00e4r nere&#8221;, s\u00e4ger Ville Merl\u00f6v.<\/p><\/blockquote>\n<a href=\"https:\/\/scf.se\/cykelcross\/wp-content\/uploads\/sites\/4\/2023\/12\/Trainer.jpg\"><img loading=\"lazy\" decoding=\"async\" class=\"alignnone size-full wp-image-1371\" src=\"https:\/\/scf.se\/cykelcross\/wp-content\/uploads\/sites\/4\/2023\/12\/Trainer.jpg\" alt=\"\" width=\"480\" height=\"417\" srcset=\"https:\/\/scf.se\/cykelcross\/wp-content\/uploads\/sites\/4\/2023\/12\/Trainer.jpg 480w, https:\/\/scf.se\/cykelcross\/wp-content\/uploads\/sites\/4\/2023\/12\/Trainer-300x261.jpg 300w\" sizes=\"auto, (max-width: 480px) 100vw, 480px\" \/><\/a>\n<p>Kolla ocks\u00e5 in hur det kan vara att vara p\u00e5 v\u00e4g ner mot julfirande i en husbil vid leriga CX-banor i Belgien med cykeltr\u00e4ning som dagens viktigaste ingrediens i Thomas Merl\u00f6vs film:<\/p>\n<p><div class=\"video-wrapper\"><iframe loading=\"lazy\" title=\"Tr\u00e4ning i Belgien\" src=\"https:\/\/player.vimeo.com\/video\/896968578?dnt=1&amp;app_id=122963\" width=\"500\" height=\"281\" frameborder=\"0\" allow=\"autoplay; fullscreen; picture-in-picture; clipboard-write\"><\/iframe><\/div><\/p>\n<p><em>Text: Tomas Larsson\/SCF<\/em><br \/>\n<em>Foto: Luc Wilms och privat<\/em><\/p>\n<p>&nbsp;<\/p>\n","protected":false},"excerpt":{"rendered":"<p>En handfull unga svenska CX-cyklister har valt att fira jul och ny\u00e5r i cykelcrossland \u2013 mestadels Belgien. P\u00e5 onsdagen fanns Ville Merl\u00f6v med i herrelitklassen i Superprestige Hausden-Zolder. P\u00e5 annandagen cyklade en annan f\u00f6rsta\u00e5rssenior, Paul Greijus, med i v\u00e4rldscupen i seniorelit. En stentuff men l\u00e4rorik skola. I Zolder segrade belgiske v\u00e4rldsstj\u00e4rnan i s\u00e5v\u00e4l CX<a href=\"https:\/\/scf.se\/cykelcross\/cykla-mot-varldseliten-i-cx-ar-en-riktigt-tuff-men-bra-skola\/\" class=\"news-card__more\"> &#8230;<\/a><\/p>\n","protected":false},"author":41,"featured_media":1370,"comment_status":"open","ping_status":"open","sticky":false,"template":"","format":"standard","meta":{"_acf_changed":false,"footnotes":""},"categories":[1],"tags":[],"class_list":["post-1367","post","type-post","status-publish","format-standard","hentry","category-cykelcross"],"acf":[],"_links":{"self":[{"href":"https:\/\/scf.se\/cykelcross\/wp-json\/wp\/v2\/posts\/1367","targetHints":{"allow":["GET"]}}],"collection":[{"href":"https:\/\/scf.se\/cykelcross\/wp-json\/wp\/v2\/posts"}],"about":[{"href":"https:\/\/scf.se\/cykelcross\/wp-json\/wp\/v2\/types\/post"}],"author":[{"embeddable":true,"href":"https:\/\/scf.se\/cykelcross\/wp-json\/wp\/v2\/users\/41"}],"replies":[{"embeddable":true,"href":"https:\/\/scf.se\/cykelcross\/wp-json\/wp\/v2\/comments?post=1367"}],"version-history":[{"count":0,"href":"https:\/\/scf.se\/cykelcross\/wp-json\/wp\/v2\/posts\/1367\/revisions"}],"wp:featuredmedia":[{"embeddable":true,"href":"https:\/\/scf.se\/cykelcross\/wp-json\/wp\/v2\/media\/1370"}],"wp:attachment":[{"href":"https:\/\/scf.se\/cykelcross\/wp-json\/wp\/v2\/media?parent=1367"}],"wp:term":[{"taxonomy":"category","embeddable":true,"href":"https:\/\/scf.se\/cykelcross\/wp-json\/wp\/v2\/categories?post=1367"},{"taxonomy":"post_tag","embeddable":true,"href":"https:\/\/scf.se\/cykelcross\/wp-json\/wp\/v2\/tags?post=1367"}],"curies":[{"name":"wp","href":"https:\/\/api.w.org\/{rel}","templated":true}]}}