
{"id":1349,"date":"2023-11-28T11:56:53","date_gmt":"2023-11-28T10:56:53","guid":{"rendered":"http:\/\/scf.se\/cykelcross\/?p=1349"},"modified":"2023-11-29T09:04:47","modified_gmt":"2023-11-29T08:04:47","slug":"swe-cup-ungdomar-prisades-med-presentkort-fran-scf-partnern-sportson","status":"publish","type":"post","link":"https:\/\/scf.se\/cykelcross\/swe-cup-ungdomar-prisades-med-presentkort-fran-scf-partnern-sportson\/","title":{"rendered":"SWE Cup-ungdomar prisades med presentkort fr\u00e5n Sportson p\u00e5 CX-SM"},"content":{"rendered":"<p><strong>I samband med CX-SM p\u00e5 Ring Knutstorp var det ocks\u00e5 prisutdelning f\u00f6r SWE Cup i cykelcross totalt i klasserna 13\u201314 och 15\u201316. Svenska Cykelf\u00f6rbundets samarbetspartner Sportson bidrog med v\u00e4lf\u00f6rtj\u00e4nta presentkort.<\/strong><\/p>\n<p>Det har under hela cykels\u00e4songen g\u00e5tt v\u00e4ldigt fort i de h\u00e4r klasserna. De flesta medalj\u00f6rerna fanns p\u00e5 plats under l\u00f6rdagen p\u00e5 Ring Knutstorp utanf\u00f6r K\u00e5ger\u00f6d i Sk\u00e5ne.<\/p>\n<p>J\u00e4mnaste kampen om segern i SWE Cup-totalen i det h\u00e4r \u00e5ldersspannet var det i \u00e4ldsta flickklassen mellan systrarna Elinore och Linnea Nilsson fr\u00e5n IK Trasten. Elinore vann till sist SWE Cup medan Linnea fick revansch p\u00e5 SM.<\/p>\n<p>Tv\u00e5 av de \u00f6vriga tre vinnarna som prisades var fr\u00e5n SM-arrang\u00f6ren FK Trampen; Melvin P\u00e5lsson Gustafsson och Sophia Widestadh. Popul\u00e4rt p\u00e5 Ring Knutstorp. Den fj\u00e4rde var Gustaf Schenstr\u00f6m, Saltsj\u00f6badens CK.<\/p>\n<h3><a href=\"https:\/\/scf.se\/cykelcross\/wp-content\/uploads\/sites\/4\/2023\/11\/SWE-Cup-prispallar-2.png\"><img loading=\"lazy\" decoding=\"async\" class=\"alignnone size-full wp-image-1353\" src=\"https:\/\/scf.se\/cykelcross\/wp-content\/uploads\/sites\/4\/2023\/11\/SWE-Cup-prispallar-2.png\" alt=\"\" width=\"800\" height=\"548\" srcset=\"https:\/\/scf.se\/cykelcross\/wp-content\/uploads\/sites\/4\/2023\/11\/SWE-Cup-prispallar-2.png 800w, https:\/\/scf.se\/cykelcross\/wp-content\/uploads\/sites\/4\/2023\/11\/SWE-Cup-prispallar-2-300x206.png 300w, https:\/\/scf.se\/cykelcross\/wp-content\/uploads\/sites\/4\/2023\/11\/SWE-Cup-prispallar-2-768x526.png 768w\" sizes=\"auto, (max-width: 800px) 100vw, 800px\" \/><\/a><\/h3>\n<h3>Flickor 15\u201316<\/h3>\n<ol>\n<li>Elinore Nilsson, IK Trasten 476<\/li>\n<li>Linnea Nilsson, IK Trasten 464<\/li>\n<li>Greta Andersson, Falu CK 234<\/li>\n<\/ol>\n<h3><a href=\"https:\/\/scf.se\/cykelcross\/wp-content\/uploads\/sites\/4\/2023\/11\/SWE-Cup-prispallar-3-1.jpg\"><img loading=\"lazy\" decoding=\"async\" class=\"alignnone size-full wp-image-1354\" src=\"https:\/\/scf.se\/cykelcross\/wp-content\/uploads\/sites\/4\/2023\/11\/SWE-Cup-prispallar-3-1.jpg\" alt=\"\" width=\"1153\" height=\"884\" srcset=\"https:\/\/scf.se\/cykelcross\/wp-content\/uploads\/sites\/4\/2023\/11\/SWE-Cup-prispallar-3-1.jpg 1153w, https:\/\/scf.se\/cykelcross\/wp-content\/uploads\/sites\/4\/2023\/11\/SWE-Cup-prispallar-3-1-300x230.jpg 300w, https:\/\/scf.se\/cykelcross\/wp-content\/uploads\/sites\/4\/2023\/11\/SWE-Cup-prispallar-3-1-1024x785.jpg 1024w, https:\/\/scf.se\/cykelcross\/wp-content\/uploads\/sites\/4\/2023\/11\/SWE-Cup-prispallar-3-1-768x589.jpg 768w\" sizes=\"auto, (max-width: 1153px) 100vw, 1153px\" \/><\/a><\/h3>\n<h3>Pojkar 15\u201316<\/h3>\n<ol>\n<li>Melvin P\u00e5lsson Gustafsson, FK Trampen 450<\/li>\n<li>Oscar Lorentsson, Anderstorps OK 344<\/li>\n<li>Ludvig Berndt, \u00c5storps CK 317<\/li>\n<\/ol>\n<a href=\"https:\/\/scf.se\/cykelcross\/wp-content\/uploads\/sites\/4\/2023\/11\/SWE-Cup-prispallar-1.jpg\"><img loading=\"lazy\" decoding=\"async\" class=\"alignnone size-full wp-image-1352\" src=\"https:\/\/scf.se\/cykelcross\/wp-content\/uploads\/sites\/4\/2023\/11\/SWE-Cup-prispallar-1.jpg\" alt=\"\" width=\"676\" height=\"1008\" srcset=\"https:\/\/scf.se\/cykelcross\/wp-content\/uploads\/sites\/4\/2023\/11\/SWE-Cup-prispallar-1.jpg 676w, https:\/\/scf.se\/cykelcross\/wp-content\/uploads\/sites\/4\/2023\/11\/SWE-Cup-prispallar-1-201x300.jpg 201w\" sizes=\"auto, (max-width: 676px) 100vw, 676px\" \/><\/a>\n<h3>Flickor 13\u201314<\/h3>\n<ol>\n<li>Sophia Widestadh, FK Trampen 498<\/li>\n<li>Nellie Wester, IK Rex 368<\/li>\n<li>Lilly Temar, IKHP 200<\/li>\n<\/ol>\n<h3>Pojkar 13\u201314<\/h3>\n<ol>\n<li>Gustaf Schenstr\u00f6m, Saltsj\u00f6badens CK 400<\/li>\n<li>Oliver Jansson, \u00c5storps CK 322<\/li>\n<li>Teodor Melsom-Johansen, Norge 258<\/li>\n<li>Helmer Wallin, Tyres\u00f6 CK 256<\/li>\n<\/ol>\n<p>N\u00e4r det g\u00e4ller <a href=\"https:\/\/scf.se\/cykelcross\/david-risberg-och-alma-johansson-segrade-i-swe-cup-totalen-i-cx\/\"><em><strong>seniorelit och juniorer har vi redovisat topp tre i samband med SWE Cup-avslutningen<\/strong><\/em><\/a> med dubbla t\u00e4vlingar i Falun. Men h\u00e4r \u00e4r podiecyklisterna.<\/p>\n<h3>Damelit<\/h3>\n<ol>\n<li>Alma Johanssson, M\u00f6lndals CK 400<\/li>\n<li>Ida Ullstrand, CK Hymer 323<\/li>\n<li>Irma Johansson, CK Vansbro MTB 234<\/li>\n<\/ol>\n<h3>Herrelit<\/h3>\n<ol>\n<li>David Risberg, Evolite Cycling Club 480<\/li>\n<li>Filip M\u00e5rd, Bauhaus Sportklubb 436<\/li>\n<li>Henrik Jansson, Bauhaus Sportklubb 352<\/li>\n<\/ol>\n<h3>Damjunior<\/h3>\n<ol>\n<li>Thea Persson, FK Trampen 417<\/li>\n<li>Disa Molin, Falu Cykelklubb 330<\/li>\n<li>Elin \u00c5lsj\u00f6, CK Uni 288<\/li>\n<\/ol>\n<h3>Herrjunior<\/h3>\n<ol>\n<li>Dexter Kock, Tyres\u00f6 375<\/li>\n<li>Vilmer Ekman, Biketown Cycling Club 357<\/li>\n<li>Anton Karlsson, Enk\u00f6pings CK 222<\/li>\n<\/ol>\n<ul>\n<li><a href=\"https:\/\/www.sportstiming.se\/event\/13285\/points?scoringId=1676\"><em><strong>Alla andra klasser under \u00e5rets SWE Cup i cykelcross hittar ni h\u00e4r!<\/strong><\/em><\/a><\/li>\n<\/ul>\n<p><em>Text: SCF<\/em><br \/>\n<em>Foto: Jessica Berndt<\/em><\/p>\n<hr \/>\n<p><em><strong>Svenska Cykelf\u00f6rbundet \u00e4r stolta \u00f6ver att presentera v\u00e5ra samarbetspartners.\u00a0<\/strong><\/em><\/p>\n<h2><a href=\"https:\/\/scf.se\/forbundet\/sponsorer\/\"><img loading=\"lazy\" decoding=\"async\" class=\"alignnone size-full wp-image-3872\" src=\"https:\/\/scf.se\/landsvag\/wp-content\/uploads\/sites\/5\/2023\/02\/LiggandeBannerNyheterHemsida2023.png\" alt=\"\" width=\"1200\" height=\"200\" \/><\/a><\/h2>\n","protected":false},"excerpt":{"rendered":"<p>I samband med CX-SM p\u00e5 Ring Knutstorp var det ocks\u00e5 prisutdelning f\u00f6r SWE Cup i cykelcross totalt i klasserna 13\u201314 och 15\u201316. Svenska Cykelf\u00f6rbundets samarbetspartner Sportson bidrog med v\u00e4lf\u00f6rtj\u00e4nta presentkort. Det har under hela cykels\u00e4songen g\u00e5tt v\u00e4ldigt fort i de h\u00e4r klasserna. De flesta medalj\u00f6rerna fanns p\u00e5 plats under l\u00f6rdagen p\u00e5 Ring Knutstorp utanf\u00f6r<a href=\"https:\/\/scf.se\/cykelcross\/swe-cup-ungdomar-prisades-med-presentkort-fran-scf-partnern-sportson\/\" class=\"news-card__more\"> &#8230;<\/a><\/p>\n","protected":false},"author":41,"featured_media":1355,"comment_status":"open","ping_status":"open","sticky":false,"template":"","format":"standard","meta":{"_acf_changed":false,"footnotes":""},"categories":[1],"tags":[],"class_list":["post-1349","post","type-post","status-publish","format-standard","hentry","category-cykelcross"],"acf":[],"_links":{"self":[{"href":"https:\/\/scf.se\/cykelcross\/wp-json\/wp\/v2\/posts\/1349","targetHints":{"allow":["GET"]}}],"collection":[{"href":"https:\/\/scf.se\/cykelcross\/wp-json\/wp\/v2\/posts"}],"about":[{"href":"https:\/\/scf.se\/cykelcross\/wp-json\/wp\/v2\/types\/post"}],"author":[{"embeddable":true,"href":"https:\/\/scf.se\/cykelcross\/wp-json\/wp\/v2\/users\/41"}],"replies":[{"embeddable":true,"href":"https:\/\/scf.se\/cykelcross\/wp-json\/wp\/v2\/comments?post=1349"}],"version-history":[{"count":0,"href":"https:\/\/scf.se\/cykelcross\/wp-json\/wp\/v2\/posts\/1349\/revisions"}],"wp:featuredmedia":[{"embeddable":true,"href":"https:\/\/scf.se\/cykelcross\/wp-json\/wp\/v2\/media\/1355"}],"wp:attachment":[{"href":"https:\/\/scf.se\/cykelcross\/wp-json\/wp\/v2\/media?parent=1349"}],"wp:term":[{"taxonomy":"category","embeddable":true,"href":"https:\/\/scf.se\/cykelcross\/wp-json\/wp\/v2\/categories?post=1349"},{"taxonomy":"post_tag","embeddable":true,"href":"https:\/\/scf.se\/cykelcross\/wp-json\/wp\/v2\/tags?post=1349"}],"curies":[{"name":"wp","href":"https:\/\/api.w.org\/{rel}","templated":true}]}}