
{"id":1317,"date":"2023-11-26T19:01:36","date_gmt":"2023-11-26T18:01:36","guid":{"rendered":"http:\/\/scf.se\/cykelcross\/?p=1317"},"modified":"2024-01-11T09:59:20","modified_gmt":"2024-01-11T08:59:20","slug":"fina-sm-tavlingar-pa-ring-knutstorp-har-ar-alla-medaljorerna","status":"publish","type":"post","link":"https:\/\/scf.se\/cykelcross\/fina-sm-tavlingar-pa-ring-knutstorp-har-ar-alla-medaljorerna\/","title":{"rendered":"Flera unga cyklister var vassa p\u00e5 fint CX-SM \u2013 h\u00e4r \u00e4r alla medalj\u00f6rerna"},"content":{"rendered":"<p><strong>Flera unga cyklister imponerade verkligen vid cykelcross-SM p\u00e5 Ring Knutstorp. P\u00e5 damsidan var 16-\u00e5riga Elin \u00c5lsj\u00f6 snabbast av alla i den gemensamma junior- och seniorstarten. Landsv\u00e4gsproffset Caroline Andersson vann damseniorklassen. F\u00f6rsta\u00e5rssenioren Paul Greijus vann i herrarnas motsvarighet medan Vilmer Ekman segrade i herrjunior.<\/strong><\/p>\n<p>Arrangerande FK Trampen \u00f6nskade sig inte sn\u00f6 och blev b\u00f6nh\u00f6rda p\u00e5 l\u00f6rdagen. Lite vitt p\u00e5 backen under s\u00f6ndagen d\u00e5 det ocks\u00e5 var minus \u00e5tta p\u00e5 morgonen, vilket bidrog till att g\u00f6ra underlaget lite lynnigare f\u00f6r de knappa 130 SM-cyklisterna samt de 50 deltagarna i Musettecrossen.<\/p>\n<a href=\"https:\/\/scf.se\/cykelcross\/wp-content\/uploads\/sites\/4\/2023\/11\/CX-SM6.jpg\"><img loading=\"lazy\" decoding=\"async\" class=\"alignnone size-full wp-image-1325\" src=\"https:\/\/scf.se\/cykelcross\/wp-content\/uploads\/sites\/4\/2023\/11\/CX-SM6.jpg\" alt=\"\" width=\"469\" height=\"683\" srcset=\"https:\/\/scf.se\/cykelcross\/wp-content\/uploads\/sites\/4\/2023\/11\/CX-SM6.jpg 469w, https:\/\/scf.se\/cykelcross\/wp-content\/uploads\/sites\/4\/2023\/11\/CX-SM6-206x300.jpg 206w\" sizes=\"auto, (max-width: 469px) 100vw, 469px\" \/><\/a>\n<p>Underlaget gjorde sitt till att \u00f6ka dramatiken. Ta bara den avslutande herrseniorklassen d\u00e4r det skiftade en hel del mellan de fyra i t\u00e4ten. Paul Greijus har haft lite skadeproblem som har h\u00e4mmat honom tidigare i h\u00f6st, men nu s\u00e5g han stark ut \u2013 och tog hand om kommandot i loppet.<\/p>\n<a href=\"https:\/\/scf.se\/cykelcross\/wp-content\/uploads\/sites\/4\/2023\/11\/CX-SM7.jpg\"><img loading=\"lazy\" decoding=\"async\" class=\"alignnone size-full wp-image-1324\" src=\"https:\/\/scf.se\/cykelcross\/wp-content\/uploads\/sites\/4\/2023\/11\/CX-SM7.jpg\" alt=\"\" width=\"1203\" height=\"765\" srcset=\"https:\/\/scf.se\/cykelcross\/wp-content\/uploads\/sites\/4\/2023\/11\/CX-SM7.jpg 1203w, https:\/\/scf.se\/cykelcross\/wp-content\/uploads\/sites\/4\/2023\/11\/CX-SM7-300x191.jpg 300w, https:\/\/scf.se\/cykelcross\/wp-content\/uploads\/sites\/4\/2023\/11\/CX-SM7-1024x651.jpg 1024w, https:\/\/scf.se\/cykelcross\/wp-content\/uploads\/sites\/4\/2023\/11\/CX-SM7-768x488.jpg 768w\" sizes=\"auto, (max-width: 1203px) 100vw, 1203px\" \/><\/a>\n<p>David Risberg, som har dominerat i SWE Cup, var ett tag nere p\u00e5 fj\u00e4rde men slutade tv\u00e5a. Han var snabbast p\u00e5 asfalten medan Greijus hade vissa tekniska partier d\u00e4r han k\u00f6rde p\u00e5 lite extra och d\u00e4r det gick v\u00e4ldigt fort. Vinnande taktik.<\/p>\n<div id=\"attachment_1342\" class=\"wp-caption alignnone\" ><a href=\"https:\/\/scf.se\/cykelcross\/wp-content\/uploads\/sites\/4\/2023\/11\/Greijus1.jpg\"><img loading=\"lazy\" decoding=\"async\" class=\"size-full wp-image-1342\" src=\"https:\/\/scf.se\/cykelcross\/wp-content\/uploads\/sites\/4\/2023\/11\/Greijus1.jpg\" alt=\"\" width=\"871\" height=\"759\" srcset=\"https:\/\/scf.se\/cykelcross\/wp-content\/uploads\/sites\/4\/2023\/11\/Greijus1.jpg 871w, https:\/\/scf.se\/cykelcross\/wp-content\/uploads\/sites\/4\/2023\/11\/Greijus1-300x261.jpg 300w, https:\/\/scf.se\/cykelcross\/wp-content\/uploads\/sites\/4\/2023\/11\/Greijus1-768x669.jpg 768w\" sizes=\"auto, (max-width: 871px) 100vw, 871px\" \/><\/a><p class=\"wp-caption-text\"><em>Paul Greijus vann f\u00f6rra \u00e5ret juniortiteln vid CX-SM p\u00e5 Ring Knutstorp. Det blev SM-seger ocks\u00e5 som f\u00f6rsta\u00e5rssenior med Pauls nya CX-team, Bauhaus Sportklubb.\u00a0 Foto: Erik Greijus<\/em><\/p><\/div>\n<p>&nbsp;<\/p>\n<p>Ville Merl\u00f6v har funnits med i banbyggarg\u00e4nget och det var popul\u00e4rt hos den lokala delen av publiken n\u00e4r han kom tillbaka efter en vurpa och till sist slutade trea. Filip M\u00e5rd var till sist den som blev utan medalj i den vassa kvartetten; fick sl\u00e5 av p\u00e5 takten efter problem med h\u00e5ll.<\/p>\n<a href=\"https:\/\/scf.se\/cykelcross\/wp-content\/uploads\/sites\/4\/2023\/11\/CX-SM91.jpg\"><img loading=\"lazy\" decoding=\"async\" class=\"alignnone size-full wp-image-1321\" src=\"https:\/\/scf.se\/cykelcross\/wp-content\/uploads\/sites\/4\/2023\/11\/CX-SM91.jpg\" alt=\"\" width=\"1268\" height=\"771\" srcset=\"https:\/\/scf.se\/cykelcross\/wp-content\/uploads\/sites\/4\/2023\/11\/CX-SM91.jpg 1268w, https:\/\/scf.se\/cykelcross\/wp-content\/uploads\/sites\/4\/2023\/11\/CX-SM91-300x182.jpg 300w, https:\/\/scf.se\/cykelcross\/wp-content\/uploads\/sites\/4\/2023\/11\/CX-SM91-1024x623.jpg 1024w, https:\/\/scf.se\/cykelcross\/wp-content\/uploads\/sites\/4\/2023\/11\/CX-SM91-768x467.jpg 768w, https:\/\/scf.se\/cykelcross\/wp-content\/uploads\/sites\/4\/2023\/11\/CX-SM91-788x480.jpg 788w\" sizes=\"auto, (max-width: 1268px) 100vw, 1268px\" \/><\/a>\n<p>I damernas lopp tog Elin \u00c5lsj\u00f6 kommandot fr\u00e5n start i den gemensamma junior- och seniorstarten p\u00e5 damsidan. Imponerande d\u00e5 \u00c5lsj\u00f6 under MTB-s\u00e4songen tillh\u00f6rde klassen flickor 15\u201316 \u00e5r. H\u00e4r ska noteras att FK Trampens Thea Persson vurpade p\u00e5 f\u00f6rsta varvet, l\u00e5g sist ett tag &#8211; men jobbade sig upp\u00e5t.<\/p>\n<p>Caroline Andersson motsvarade favoritskapet i damsenior och fick sitt SM-guld\u00a0 CX efter att problem med cykeln f\u00f6rst\u00f6rde guldchansen f\u00f6rra \u00e5ret p\u00e5 Ring Knutstorp. U23-m\u00e4stare blev Irma Johansson.<\/p>\n<p>I herrjuniorklassen vann Vilmer Ekman, som har dominerat pojkar 15\u201316 \u00e5r, kampen mot f\u00f6rra \u00e5rets SM-bronsmedalj\u00f6r Nils Johansson.<\/p>\n<a href=\"https:\/\/scf.se\/cykelcross\/wp-content\/uploads\/sites\/4\/2023\/11\/CX-SM1.jpg\"><img loading=\"lazy\" decoding=\"async\" class=\"alignnone size-full wp-image-1330\" src=\"https:\/\/scf.se\/cykelcross\/wp-content\/uploads\/sites\/4\/2023\/11\/CX-SM1.jpg\" alt=\"\" width=\"1170\" height=\"801\" srcset=\"https:\/\/scf.se\/cykelcross\/wp-content\/uploads\/sites\/4\/2023\/11\/CX-SM1.jpg 1170w, https:\/\/scf.se\/cykelcross\/wp-content\/uploads\/sites\/4\/2023\/11\/CX-SM1-300x205.jpg 300w, https:\/\/scf.se\/cykelcross\/wp-content\/uploads\/sites\/4\/2023\/11\/CX-SM1-1024x701.jpg 1024w, https:\/\/scf.se\/cykelcross\/wp-content\/uploads\/sites\/4\/2023\/11\/CX-SM1-768x526.jpg 768w\" sizes=\"auto, (max-width: 1170px) 100vw, 1170px\" \/><\/a>\n<a href=\"https:\/\/scf.se\/cykelcross\/wp-content\/uploads\/sites\/4\/2023\/11\/CX-SM4.jpg\"><img loading=\"lazy\" decoding=\"async\" class=\"alignnone size-full wp-image-1327\" src=\"https:\/\/scf.se\/cykelcross\/wp-content\/uploads\/sites\/4\/2023\/11\/CX-SM4.jpg\" alt=\"\" width=\"942\" height=\"672\" srcset=\"https:\/\/scf.se\/cykelcross\/wp-content\/uploads\/sites\/4\/2023\/11\/CX-SM4.jpg 942w, https:\/\/scf.se\/cykelcross\/wp-content\/uploads\/sites\/4\/2023\/11\/CX-SM4-300x214.jpg 300w, https:\/\/scf.se\/cykelcross\/wp-content\/uploads\/sites\/4\/2023\/11\/CX-SM4-768x548.jpg 768w\" sizes=\"auto, (max-width: 942px) 100vw, 942px\" \/><\/a>\n<div id=\"attachment_1328\" class=\"wp-caption alignnone\" ><a href=\"https:\/\/scf.se\/cykelcross\/wp-content\/uploads\/sites\/4\/2023\/11\/CX-SM3.jpg\"><img loading=\"lazy\" decoding=\"async\" class=\"size-full wp-image-1328\" src=\"https:\/\/scf.se\/cykelcross\/wp-content\/uploads\/sites\/4\/2023\/11\/CX-SM3.jpg\" alt=\"\" width=\"983\" height=\"697\" srcset=\"https:\/\/scf.se\/cykelcross\/wp-content\/uploads\/sites\/4\/2023\/11\/CX-SM3.jpg 983w, https:\/\/scf.se\/cykelcross\/wp-content\/uploads\/sites\/4\/2023\/11\/CX-SM3-300x213.jpg 300w, https:\/\/scf.se\/cykelcross\/wp-content\/uploads\/sites\/4\/2023\/11\/CX-SM3-768x545.jpg 768w, https:\/\/scf.se\/cykelcross\/wp-content\/uploads\/sites\/4\/2023\/11\/CX-SM3-662x468.jpg 662w\" sizes=\"auto, (max-width: 983px) 100vw, 983px\" \/><\/a><p class=\"wp-caption-text\"><em>Vilmer Ekman upprepade ocks\u00e5 fjol\u00e5rssegern; vann P15-16 f\u00f6rra \u00e5ret och i \u00e5r blev det SM-guld i juniorklassen efter en tuff kamp mot IKHP:s Nils Johansson f\u00f6r Ekman.\u00a0 Foto x 3: SCF<\/em><\/p><\/div>\n<p>&nbsp;<\/p>\n<p>Aprop\u00e5 15\u201316 \u00e5r s\u00e5 har Linnea Nilsson verkligen k\u00f6rt starkt i h\u00f6st och hon vann duellen mot syster Ellinore. Och i \u00e4ldsta pojkklassen blev det popul\u00e4r hemmaseger f\u00f6r\u00a0 Melvin P\u00e5lsson Gustafsson.<\/p>\n<h2>SM cykelcross 2023<\/h2>\n<h3><a href=\"https:\/\/scf.se\/cykelcross\/wp-content\/uploads\/sites\/4\/2023\/11\/CX-SM5.jpg\"><img loading=\"lazy\" decoding=\"async\" class=\"alignnone size-full wp-image-1326\" src=\"https:\/\/scf.se\/cykelcross\/wp-content\/uploads\/sites\/4\/2023\/11\/CX-SM5.jpg\" alt=\"\" width=\"1804\" height=\"922\" srcset=\"https:\/\/scf.se\/cykelcross\/wp-content\/uploads\/sites\/4\/2023\/11\/CX-SM5.jpg 1804w, https:\/\/scf.se\/cykelcross\/wp-content\/uploads\/sites\/4\/2023\/11\/CX-SM5-300x153.jpg 300w, https:\/\/scf.se\/cykelcross\/wp-content\/uploads\/sites\/4\/2023\/11\/CX-SM5-1024x523.jpg 1024w, https:\/\/scf.se\/cykelcross\/wp-content\/uploads\/sites\/4\/2023\/11\/CX-SM5-768x393.jpg 768w, https:\/\/scf.se\/cykelcross\/wp-content\/uploads\/sites\/4\/2023\/11\/CX-SM5-1536x785.jpg 1536w\" sizes=\"auto, (max-width: 1804px) 100vw, 1804px\" \/><\/a><\/h3>\n<h3>Herrar senior<\/h3>\n<ol>\n<li><strong>Paul Greijus<\/strong> (U23), Bauhaus Sportklubb 1.01.55<\/li>\n<li><strong>David Risberg<\/strong>, Evolite Cycling Club 1:02:29<\/li>\n<li><strong>Ville Merl\u00f6v<\/strong> (U23), \u00c5storps CK 1.02.56<\/li>\n<\/ol>\n<a href=\"https:\/\/scf.se\/cykelcross\/wp-content\/uploads\/sites\/4\/2023\/11\/CX-SM8.jpg\"><img loading=\"lazy\" decoding=\"async\" class=\"alignnone size-full wp-image-1323\" src=\"https:\/\/scf.se\/cykelcross\/wp-content\/uploads\/sites\/4\/2023\/11\/CX-SM8.jpg\" alt=\"\" width=\"949\" height=\"579\" srcset=\"https:\/\/scf.se\/cykelcross\/wp-content\/uploads\/sites\/4\/2023\/11\/CX-SM8.jpg 949w, https:\/\/scf.se\/cykelcross\/wp-content\/uploads\/sites\/4\/2023\/11\/CX-SM8-300x183.jpg 300w, https:\/\/scf.se\/cykelcross\/wp-content\/uploads\/sites\/4\/2023\/11\/CX-SM8-768x469.jpg 768w, https:\/\/scf.se\/cykelcross\/wp-content\/uploads\/sites\/4\/2023\/11\/CX-SM8-788x480.jpg 788w\" sizes=\"auto, (max-width: 949px) 100vw, 949px\" \/><\/a>\n<h3>Damer senior<\/h3>\n<ol>\n<li><strong>Caroline Andersson<\/strong>, Halmstad CK 51.10<\/li>\n<li><strong>\u00c5sa-Maria Erlandsson<\/strong>, Varbergs MTB 52.49<\/li>\n<li><strong>Anna Eriksmo,<\/strong> Beijer Coaching CK 53.21<\/li>\n<li><strong>Irma Johansson<\/strong> (U23-m\u00e4stare), CK Vansbro MTB 53.21<\/li>\n<\/ol>\n<h3><a href=\"https:\/\/scf.se\/cykelcross\/wp-content\/uploads\/sites\/4\/2023\/11\/CX-SM9.jpg\"><img loading=\"lazy\" decoding=\"async\" class=\"alignnone size-full wp-image-1322\" src=\"https:\/\/scf.se\/cykelcross\/wp-content\/uploads\/sites\/4\/2023\/11\/CX-SM9.jpg\" alt=\"\" width=\"702\" height=\"579\" srcset=\"https:\/\/scf.se\/cykelcross\/wp-content\/uploads\/sites\/4\/2023\/11\/CX-SM9.jpg 702w, https:\/\/scf.se\/cykelcross\/wp-content\/uploads\/sites\/4\/2023\/11\/CX-SM9-300x247.jpg 300w\" sizes=\"auto, (max-width: 702px) 100vw, 702px\" \/><\/a><\/h3>\n<h3>Herrar junior<\/h3>\n<ol>\n<li><strong>Vilmer Ekman,<\/strong> Biketown CC 43:20<\/li>\n<li><strong>Nils Johansson<\/strong>, IKHP 43.41<\/li>\n<li><strong>Anton Karlsson,<\/strong> Enk\u00f6pings CK 44:29<\/li>\n<\/ol>\n<h3><a href=\"https:\/\/scf.se\/cykelcross\/wp-content\/uploads\/sites\/4\/2023\/11\/CX-SM93.jpg\"><img loading=\"lazy\" decoding=\"async\" class=\"alignnone size-full wp-image-1320\" src=\"https:\/\/scf.se\/cykelcross\/wp-content\/uploads\/sites\/4\/2023\/11\/CX-SM93.jpg\" alt=\"\" width=\"1069\" height=\"899\" srcset=\"https:\/\/scf.se\/cykelcross\/wp-content\/uploads\/sites\/4\/2023\/11\/CX-SM93.jpg 1069w, https:\/\/scf.se\/cykelcross\/wp-content\/uploads\/sites\/4\/2023\/11\/CX-SM93-300x252.jpg 300w, https:\/\/scf.se\/cykelcross\/wp-content\/uploads\/sites\/4\/2023\/11\/CX-SM93-1024x861.jpg 1024w, https:\/\/scf.se\/cykelcross\/wp-content\/uploads\/sites\/4\/2023\/11\/CX-SM93-768x646.jpg 768w\" sizes=\"auto, (max-width: 1069px) 100vw, 1069px\" \/><\/a><\/h3>\n<h3>Damer junior<\/h3>\n<ol>\n<li><strong>Elin \u00c5lsj\u00f6,<\/strong> CK Uni 49.40<\/li>\n<li><strong>Thea Persson,<\/strong> FK Trampen 52.12<\/li>\n<li><strong>Clara Widell<\/strong>, Bor\u00e5s CA 52.48<\/li>\n<\/ol>\n<h3><a href=\"https:\/\/scf.se\/cykelcross\/wp-content\/uploads\/sites\/4\/2023\/11\/H16111.jpg\"><img loading=\"lazy\" decoding=\"async\" class=\"alignnone size-full wp-image-1332\" src=\"https:\/\/scf.se\/cykelcross\/wp-content\/uploads\/sites\/4\/2023\/11\/H16111.jpg\" alt=\"\" width=\"1153\" height=\"1073\" srcset=\"https:\/\/scf.se\/cykelcross\/wp-content\/uploads\/sites\/4\/2023\/11\/H16111.jpg 1153w, https:\/\/scf.se\/cykelcross\/wp-content\/uploads\/sites\/4\/2023\/11\/H16111-300x279.jpg 300w, https:\/\/scf.se\/cykelcross\/wp-content\/uploads\/sites\/4\/2023\/11\/H16111-1024x953.jpg 1024w, https:\/\/scf.se\/cykelcross\/wp-content\/uploads\/sites\/4\/2023\/11\/H16111-768x715.jpg 768w\" sizes=\"auto, (max-width: 1153px) 100vw, 1153px\" \/><\/a><\/h3>\n<h3>Pojkar 15\u201316<\/h3>\n<ol>\n<li><strong>Melvin P\u00e5lsson Gustafsson<\/strong>, FK Trampen 39.56<\/li>\n<li><strong>John Temar,<\/strong> IKHP 40.35<\/li>\n<li><strong>Elias Augustsson,<\/strong> Uddevalla CK 41.01<\/li>\n<\/ol>\n<h3><a href=\"https:\/\/scf.se\/cykelcross\/wp-content\/uploads\/sites\/4\/2023\/11\/D161111.jpg\"><img loading=\"lazy\" decoding=\"async\" class=\"alignnone size-full wp-image-1331\" src=\"https:\/\/scf.se\/cykelcross\/wp-content\/uploads\/sites\/4\/2023\/11\/D161111.jpg\" alt=\"\" width=\"937\" height=\"579\" srcset=\"https:\/\/scf.se\/cykelcross\/wp-content\/uploads\/sites\/4\/2023\/11\/D161111.jpg 937w, https:\/\/scf.se\/cykelcross\/wp-content\/uploads\/sites\/4\/2023\/11\/D161111-300x185.jpg 300w, https:\/\/scf.se\/cykelcross\/wp-content\/uploads\/sites\/4\/2023\/11\/D161111-768x475.jpg 768w\" sizes=\"auto, (max-width: 937px) 100vw, 937px\" \/><\/a><\/h3>\n<h3>Flickor 15\u201316<\/h3>\n<ol>\n<li><strong>Linnea Nilsson, <\/strong>IK Trasten 46.06<\/li>\n<li><strong>Elinore Nilsson,<\/strong> IK Trasten 47.24<\/li>\n<li><strong>Molly Evaldsson<\/strong>, Kv\u00e4nums IF 49.40<\/li>\n<\/ol>\n<a href=\"https:\/\/scf.se\/cykelcross\/wp-content\/uploads\/sites\/4\/2023\/11\/404343940_320798697376197_6981715550568000534_n.jpg\"><img loading=\"lazy\" decoding=\"async\" class=\"alignnone size-full wp-image-1346\" src=\"https:\/\/scf.se\/cykelcross\/wp-content\/uploads\/sites\/4\/2023\/11\/404343940_320798697376197_6981715550568000534_n.jpg\" alt=\"\" width=\"2048\" height=\"922\" srcset=\"https:\/\/scf.se\/cykelcross\/wp-content\/uploads\/sites\/4\/2023\/11\/404343940_320798697376197_6981715550568000534_n.jpg 2048w, https:\/\/scf.se\/cykelcross\/wp-content\/uploads\/sites\/4\/2023\/11\/404343940_320798697376197_6981715550568000534_n-300x135.jpg 300w, https:\/\/scf.se\/cykelcross\/wp-content\/uploads\/sites\/4\/2023\/11\/404343940_320798697376197_6981715550568000534_n-1024x461.jpg 1024w, https:\/\/scf.se\/cykelcross\/wp-content\/uploads\/sites\/4\/2023\/11\/404343940_320798697376197_6981715550568000534_n-768x346.jpg 768w, https:\/\/scf.se\/cykelcross\/wp-content\/uploads\/sites\/4\/2023\/11\/404343940_320798697376197_6981715550568000534_n-1536x692.jpg 1536w\" sizes=\"auto, (max-width: 2048px) 100vw, 2048px\" \/><\/a>\n<h3>Pojkar 13\u201314<\/h3>\n<ol>\n<li><strong>Otto G\u00f6land<\/strong>, CK Ringen 25.29<\/li>\n<li><strong>Albert Belforth<\/strong>, CK Master 25.37<\/li>\n<li><strong>Oliver Emanuelsson<\/strong>, Trollh\u00e4ttans SOK 25.44<\/li>\n<\/ol>\n<h3><a href=\"https:\/\/scf.se\/cykelcross\/wp-content\/uploads\/sites\/4\/2023\/11\/405730000_320795197376547_5863261339557643253_n-scaled.jpg\"><img loading=\"lazy\" decoding=\"async\" class=\"alignnone size-full wp-image-1345\" src=\"https:\/\/scf.se\/cykelcross\/wp-content\/uploads\/sites\/4\/2023\/11\/405730000_320795197376547_5863261339557643253_n-scaled.jpg\" alt=\"\" width=\"2560\" height=\"1153\" srcset=\"https:\/\/scf.se\/cykelcross\/wp-content\/uploads\/sites\/4\/2023\/11\/405730000_320795197376547_5863261339557643253_n-scaled.jpg 2560w, https:\/\/scf.se\/cykelcross\/wp-content\/uploads\/sites\/4\/2023\/11\/405730000_320795197376547_5863261339557643253_n-300x135.jpg 300w, https:\/\/scf.se\/cykelcross\/wp-content\/uploads\/sites\/4\/2023\/11\/405730000_320795197376547_5863261339557643253_n-1024x461.jpg 1024w, https:\/\/scf.se\/cykelcross\/wp-content\/uploads\/sites\/4\/2023\/11\/405730000_320795197376547_5863261339557643253_n-768x346.jpg 768w, https:\/\/scf.se\/cykelcross\/wp-content\/uploads\/sites\/4\/2023\/11\/405730000_320795197376547_5863261339557643253_n-1536x692.jpg 1536w, https:\/\/scf.se\/cykelcross\/wp-content\/uploads\/sites\/4\/2023\/11\/405730000_320795197376547_5863261339557643253_n-2048x922.jpg 2048w\" sizes=\"auto, (max-width: 2560px) 100vw, 2560px\" \/><\/a><\/h3>\n<h3>Flickor 13\u201314<\/h3>\n<ol>\n<li><strong>Lilly Temar<\/strong>, IKHP 27.11<\/li>\n<li><strong>Elsa Widell, Bor\u00e5s<\/strong> CA 28.14<\/li>\n<li><strong>Sophia Widestadh<\/strong>, FK Trampen 29:05<\/li>\n<\/ol>\n<a href=\"https:\/\/scf.se\/cykelcross\/wp-content\/uploads\/sites\/4\/2023\/11\/405664280_320795304043203_3887803030443163494_n.jpg\"><img loading=\"lazy\" decoding=\"async\" class=\"alignnone size-full wp-image-1344\" src=\"https:\/\/scf.se\/cykelcross\/wp-content\/uploads\/sites\/4\/2023\/11\/405664280_320795304043203_3887803030443163494_n.jpg\" alt=\"\" width=\"2048\" height=\"922\" srcset=\"https:\/\/scf.se\/cykelcross\/wp-content\/uploads\/sites\/4\/2023\/11\/405664280_320795304043203_3887803030443163494_n.jpg 2048w, https:\/\/scf.se\/cykelcross\/wp-content\/uploads\/sites\/4\/2023\/11\/405664280_320795304043203_3887803030443163494_n-300x135.jpg 300w, https:\/\/scf.se\/cykelcross\/wp-content\/uploads\/sites\/4\/2023\/11\/405664280_320795304043203_3887803030443163494_n-1024x461.jpg 1024w, https:\/\/scf.se\/cykelcross\/wp-content\/uploads\/sites\/4\/2023\/11\/405664280_320795304043203_3887803030443163494_n-768x346.jpg 768w, https:\/\/scf.se\/cykelcross\/wp-content\/uploads\/sites\/4\/2023\/11\/405664280_320795304043203_3887803030443163494_n-1536x692.jpg 1536w\" sizes=\"auto, (max-width: 2048px) 100vw, 2048px\" \/><\/a>\n<ul>\n<li><a href=\"https:\/\/www.sportstiming.se\/event\/12474\/results\"><em><strong>Alla resultat fr\u00e5n SM-helgen p\u00e5 Ring Knutstorp hittar ni h\u00e4r!<\/strong><\/em><\/a><\/li>\n<\/ul>\n<p>Det blev ett mycket lyckat SM-arrangemang d\u00e4r alla SM-starter har tv-s\u00e4nts; inte minst livedr\u00f6narbilderna gav grym n\u00e4rvaro. Missa inte att kolla in loppen i efterhand:<\/p>\n<ul>\n<li><a href=\"https:\/\/vimeo.com\/event\/3886023\"><em><strong>Sista tv-blocket med junior- och seniorklasserna hittar ni h\u00e4r!<\/strong><\/em><\/a><\/li>\n<li><em><strong>Portalen f\u00f6r all SM-stream under helgen hittar ni h\u00e4r: https:\/\/raafilm.se\/<\/strong><\/em><\/li>\n<\/ul>\n<p><em>Text: SCF<br \/>\nFoto: Rocky Sk\u00e5ne\/ Jessica Berndt samt SCF och Erik Greijus d\u00e4r s\u00e5 anges<\/em><\/p>\n<hr \/>\n<p><em><strong>Vi p\u00e5 Svenska Cykelf\u00f6rbundet \u00e4r stolta \u00f6ver att presentera v\u00e5ra samarbetspartners.\u00a0<\/strong><\/em><\/p>\n<h2><a href=\"https:\/\/scf.se\/forbundet\/sponsorer\/\"><img loading=\"lazy\" decoding=\"async\" class=\"alignnone size-full wp-image-3872\" src=\"https:\/\/scf.se\/landsvag\/wp-content\/uploads\/sites\/5\/2023\/02\/LiggandeBannerNyheterHemsida2023.png\" alt=\"\" width=\"1200\" height=\"200\" \/><\/a><\/h2>\n<p>&nbsp;<\/p>\n","protected":false},"excerpt":{"rendered":"<p>Flera unga cyklister imponerade verkligen vid cykelcross-SM p\u00e5 Ring Knutstorp. P\u00e5 damsidan var 16-\u00e5riga Elin \u00c5lsj\u00f6 snabbast av alla i den gemensamma junior- och seniorstarten. Landsv\u00e4gsproffset Caroline Andersson vann damseniorklassen. F\u00f6rsta\u00e5rssenioren Paul Greijus vann i herrarnas motsvarighet medan Vilmer Ekman segrade i herrjunior. Arrangerande FK Trampen \u00f6nskade sig inte sn\u00f6 och blev b\u00f6nh\u00f6rda p\u00e5<a href=\"https:\/\/scf.se\/cykelcross\/fina-sm-tavlingar-pa-ring-knutstorp-har-ar-alla-medaljorerna\/\" class=\"news-card__more\"> &#8230;<\/a><\/p>\n","protected":false},"author":41,"featured_media":1335,"comment_status":"open","ping_status":"open","sticky":false,"template":"","format":"standard","meta":{"_acf_changed":false,"footnotes":""},"categories":[1],"tags":[],"class_list":["post-1317","post","type-post","status-publish","format-standard","hentry","category-cykelcross"],"acf":[],"_links":{"self":[{"href":"https:\/\/scf.se\/cykelcross\/wp-json\/wp\/v2\/posts\/1317","targetHints":{"allow":["GET"]}}],"collection":[{"href":"https:\/\/scf.se\/cykelcross\/wp-json\/wp\/v2\/posts"}],"about":[{"href":"https:\/\/scf.se\/cykelcross\/wp-json\/wp\/v2\/types\/post"}],"author":[{"embeddable":true,"href":"https:\/\/scf.se\/cykelcross\/wp-json\/wp\/v2\/users\/41"}],"replies":[{"embeddable":true,"href":"https:\/\/scf.se\/cykelcross\/wp-json\/wp\/v2\/comments?post=1317"}],"version-history":[{"count":0,"href":"https:\/\/scf.se\/cykelcross\/wp-json\/wp\/v2\/posts\/1317\/revisions"}],"wp:featuredmedia":[{"embeddable":true,"href":"https:\/\/scf.se\/cykelcross\/wp-json\/wp\/v2\/media\/1335"}],"wp:attachment":[{"href":"https:\/\/scf.se\/cykelcross\/wp-json\/wp\/v2\/media?parent=1317"}],"wp:term":[{"taxonomy":"category","embeddable":true,"href":"https:\/\/scf.se\/cykelcross\/wp-json\/wp\/v2\/categories?post=1317"},{"taxonomy":"post_tag","embeddable":true,"href":"https:\/\/scf.se\/cykelcross\/wp-json\/wp\/v2\/tags?post=1317"}],"curies":[{"name":"wp","href":"https:\/\/api.w.org\/{rel}","templated":true}]}}