
{"id":1309,"date":"2023-11-23T09:00:18","date_gmt":"2023-11-23T08:00:18","guid":{"rendered":"http:\/\/scf.se\/cykelcross\/?p=1309"},"modified":"2023-11-27T12:51:18","modified_gmt":"2023-11-27T11:51:18","slug":"har-ar-alla-tv-tider-fran-sm-helgen-i-cykelcross-pa-ring-knutstorp","status":"publish","type":"post","link":"https:\/\/scf.se\/cykelcross\/har-ar-alla-tv-tider-fran-sm-helgen-i-cykelcross-pa-ring-knutstorp\/","title":{"rendered":"H\u00e4r \u00e4r alla tv-tider fr\u00e5n SM-helgen med CX-festen p\u00e5 Ring Knutstorp!"},"content":{"rendered":"<p><strong>D\u00e5 \u00e4r det laddat och klart p\u00e5 alla s\u00e4tt inf\u00f6r SM i cykelcross p\u00e5 Ring Knutstorp 25\u201326 november! Det blir lives\u00e4ndningar av precis alla t\u00e4vlingarna under dagarna tv\u00e5! <em><a href=\"https:\/\/raafilm.se\/\">Ni hittar s\u00e5v\u00e4l f\u00f6rhandsfilmer om SM-banan och annat sk\u00f6nt CX-snack h\u00e4r<\/a><\/em>, direktl\u00e4nkar till respektive block se nedan!<\/strong><\/p>\n<p>I skrivande stund \u00e4r det 125 cyklister som har anm\u00e4lt sig till cykelcross-SM. <a href=\"https:\/\/www.sportstiming.se\/event\/12474\"><em><strong>Registreringen st\u00e4nger s\u00e5 sent som 24 november klockan 15.00 och ni hittar den h\u00e4r!<\/strong><\/em><\/a><\/p>\n<div id=\"attachment_1062\" class=\"wp-caption alignnone\" ><a href=\"https:\/\/scf.se\/cykelcross\/wp-content\/uploads\/sites\/4\/2023\/02\/557A9341-1.jpg\"><img loading=\"lazy\" decoding=\"async\" class=\"size-full wp-image-1062\" src=\"https:\/\/scf.se\/cykelcross\/wp-content\/uploads\/sites\/4\/2023\/02\/557A9341-1.jpg\" alt=\"\" width=\"2300\" height=\"1767\" srcset=\"https:\/\/scf.se\/cykelcross\/wp-content\/uploads\/sites\/4\/2023\/02\/557A9341-1.jpg 2300w, https:\/\/scf.se\/cykelcross\/wp-content\/uploads\/sites\/4\/2023\/02\/557A9341-1-300x230.jpg 300w, https:\/\/scf.se\/cykelcross\/wp-content\/uploads\/sites\/4\/2023\/02\/557A9341-1-1024x787.jpg 1024w, https:\/\/scf.se\/cykelcross\/wp-content\/uploads\/sites\/4\/2023\/02\/557A9341-1-768x590.jpg 768w, https:\/\/scf.se\/cykelcross\/wp-content\/uploads\/sites\/4\/2023\/02\/557A9341-1-1536x1180.jpg 1536w, https:\/\/scf.se\/cykelcross\/wp-content\/uploads\/sites\/4\/2023\/02\/557A9341-1-2048x1573.jpg 2048w\" sizes=\"auto, (max-width: 2300px) 100vw, 2300px\" \/><\/a><p class=\"wp-caption-text\"><em>Caroline Anderssons fick problem med cykeln l\u00e5ngt ifr\u00e5n dep\u00e5n f\u00f6rra \u00e5ret p\u00e5 SM men gjorde ett fint VM. Foto: Amanda Nordin<\/em><\/p><\/div>\n<p>I damelit kommer gl\u00e4djande nog Caroline Andersson, som har gjort en bra landsv\u00e4gss\u00e4song som \u00e4r proffs i Liv Racing, till start igen p\u00e5 ring Knutstorp. F\u00f6rra \u00e5ret punkterade hon i fel l\u00e4ge p\u00e5 banan. Den h\u00e4r g\u00e5ngen tillh\u00f6r hon favoriterna tillsammans med Alma Johansson och Emma Belforth.<\/p>\n<div id=\"attachment_1142\" class=\"wp-caption alignnone\" ><a href=\"https:\/\/scf.se\/cykelcross\/wp-content\/uploads\/sites\/4\/2023\/09\/53208488324_a6e493dae5_k.jpg\"><img loading=\"lazy\" decoding=\"async\" class=\"size-full wp-image-1142\" src=\"https:\/\/scf.se\/cykelcross\/wp-content\/uploads\/sites\/4\/2023\/09\/53208488324_a6e493dae5_k.jpg\" alt=\"\" width=\"2000\" height=\"1333\" srcset=\"https:\/\/scf.se\/cykelcross\/wp-content\/uploads\/sites\/4\/2023\/09\/53208488324_a6e493dae5_k.jpg 2000w, https:\/\/scf.se\/cykelcross\/wp-content\/uploads\/sites\/4\/2023\/09\/53208488324_a6e493dae5_k-300x200.jpg 300w, https:\/\/scf.se\/cykelcross\/wp-content\/uploads\/sites\/4\/2023\/09\/53208488324_a6e493dae5_k-1024x682.jpg 1024w, https:\/\/scf.se\/cykelcross\/wp-content\/uploads\/sites\/4\/2023\/09\/53208488324_a6e493dae5_k-768x512.jpg 768w, https:\/\/scf.se\/cykelcross\/wp-content\/uploads\/sites\/4\/2023\/09\/53208488324_a6e493dae5_k-1536x1024.jpg 1536w\" sizes=\"auto, (max-width: 2000px) 100vw, 2000px\" \/><\/a><p class=\"wp-caption-text\"><em>David Risberg har dominerat i SWE Cup, h\u00e4r i Varberg. Foto: H\u00e5kan Wassberg<\/em><\/p><\/div>\n<p>I herrelit \u00e4r \u00e4n s\u00e5 l\u00e4nge 14 cyklister anm\u00e4lda. Fjol\u00e5rsvinnaren David Risberg missade EM p\u00e5 grund av f\u00f6rkylning men kommer fr\u00e5n en mycket stark SWE Cup-s\u00e4song. Utmanare finns bland annat i form av tre U23-cykister; Filip M\u00e5rd samt f\u00f6rsta\u00e5rsseniorerna Paul Greijus och hemmacyklisten Ville Merl\u00f6v.<\/p>\n<p>Men innan det \u00e4r dags f\u00f6r de snabbaste cyklisterna \u00e4r det v\u00e4ldigt m\u00e5nga fina dueller som ska utk\u00e4mpas p\u00e5 Ring Knutstorps CX-bana. <a href=\"https:\/\/scf.se\/cykelcross\/fixat-och-klart-med-en-harlig-bana-till-cx-sm-pa-ring-knutstorp\/\"><em><strong>Reportage om banan hittar ni h\u00e4r!<\/strong><\/em><\/a><\/p>\n<p>I s\u00e5v\u00e4l juniorklasserna som de \u00e4ldsta ungdomsklasserna finns det v\u00e4ldigt m\u00e5nga snabba cyklister. Ta bara Vilmer Ekman (\u00f6versta bilden) som hade ett startvarv som stod sig som hela t\u00e4vlingarnas snabbaste f\u00f6rra \u00e5ret d\u00e5 han fortfarande k\u00f6rde i ungdomsklass.<\/p>\n<p>Och det finns flera utmanare. S\u00e5 missa inte de yngre klasserna \u2013 eller mastersklasserna f\u00f6r den delen. Filmteamet har laddat upp med mycket folk och en skicklig dr\u00f6narpilot. S\u00e5 kolla in alla tider nedan!<\/p>\n<h2>Alla tv-tider under SM-helgen med CX-fest<\/h2>\n<h3><strong>L\u00f6rdag 25 november<\/strong><\/h3>\n<ul>\n<li><strong>SM cykelcross, block 1, start p\u00e5 s\u00e4ndningen 9.45:<\/strong><br \/>\n<strong>10.00<\/strong>: Pojkar och flickor 10\u201312.<br \/>\n<strong>10.30:<\/strong> Pojkar 13\u201314 och 30 sekunder efter\u00e5t flickor 13\u201314.<br \/>\n<strong>11.15:<\/strong> Flickor 15\u201316 och damer master.<\/li>\n<li><a href=\"https:\/\/vimeo.com\/event\/3885948\"><em><strong>Stream block ett hittar ni h\u00e4r!<\/strong><\/em><\/a><\/li>\n<li><strong>SM cykelcross, block 2 start 12.45:<br \/>\n<\/strong><strong>13.00:<\/strong> Herrar masters 30, 40, 50 och 60 \u00e5r, 30 sekunder efter varandra.<br \/>\n<strong>14.00:<\/strong> Pojkar 15\u201316.<\/li>\n<li><a href=\"https:\/\/vimeo.com\/event\/3885992\"><em><strong>Stream block tv\u00e5 hittar ni h\u00e4r!<\/strong><\/em><\/a><\/li>\n<\/ul>\n<h3><strong>S\u00f6ndag 26 november<\/strong><\/h3>\n<ul>\n<li><strong>Musettecross, block 3 start p\u00e5 s\u00e4ndningen 8.45. <\/strong><\/li>\n<li><a href=\"https:\/\/vimeo.com\/event\/3886005\"><em><strong>Stream block tre hittar ni h\u00e4r!<\/strong><\/em><\/a><\/li>\n<li>SM cykelcross, block 4, start p\u00e5 s\u00e4ndningen 11.45.<br \/>\n<strong>12.00:<\/strong> Herrar junior.<br \/>\n<strong>13.00:<\/strong> Damer seniorelit, U23 och junior.<br \/>\n<strong>14.15:<\/strong> Herrar U23 och seniorelit.<\/li>\n<li><a href=\"https:\/\/vimeo.com\/event\/3886023\"><em><strong>Stream block fyra hittar ni h\u00e4r!<\/strong><\/em><\/a><\/li>\n<\/ul>\n<p><em><strong>Portalen f\u00f6r alla filmer hittar ni h\u00e4r: https:\/\/raafilm.se\/<\/strong><\/em><\/p>\n<p><em>Text: SCF<\/em><br \/>\n<em>Foto: SCF, Amanda Nordin och H\u00e5kan Wassberg<\/em><\/p>\n<hr \/>\n<p><em><strong>Vi p\u00e5 Svenska Cykelf\u00f6rbundet \u00e4r stolta \u00f6ver att presentera v\u00e5ra samarbetspartners.\u00a0<\/strong><\/em><\/p>\n<h2><a href=\"https:\/\/scf.se\/forbundet\/sponsorer\/\"><img loading=\"lazy\" decoding=\"async\" class=\"alignnone size-full wp-image-3872\" src=\"https:\/\/scf.se\/landsvag\/wp-content\/uploads\/sites\/5\/2023\/02\/LiggandeBannerNyheterHemsida2023.png\" alt=\"\" width=\"1200\" height=\"200\" \/><\/a><\/h2>\n<p>&nbsp;<\/p>\n<p>&nbsp;<\/p>\n","protected":false},"excerpt":{"rendered":"<p>D\u00e5 \u00e4r det laddat och klart p\u00e5 alla s\u00e4tt inf\u00f6r SM i cykelcross p\u00e5 Ring Knutstorp 25\u201326 november! Det blir lives\u00e4ndningar av precis alla t\u00e4vlingarna under dagarna tv\u00e5! Ni hittar s\u00e5v\u00e4l f\u00f6rhandsfilmer om SM-banan och annat sk\u00f6nt CX-snack h\u00e4r, direktl\u00e4nkar till respektive block se nedan! I skrivande stund \u00e4r det 125 cyklister som har<a href=\"https:\/\/scf.se\/cykelcross\/har-ar-alla-tv-tider-fran-sm-helgen-i-cykelcross-pa-ring-knutstorp\/\" class=\"news-card__more\"> &#8230;<\/a><\/p>\n","protected":false},"author":41,"featured_media":936,"comment_status":"open","ping_status":"open","sticky":false,"template":"","format":"standard","meta":{"_acf_changed":false,"footnotes":""},"categories":[1],"tags":[],"class_list":["post-1309","post","type-post","status-publish","format-standard","hentry","category-cykelcross"],"acf":[],"_links":{"self":[{"href":"https:\/\/scf.se\/cykelcross\/wp-json\/wp\/v2\/posts\/1309","targetHints":{"allow":["GET"]}}],"collection":[{"href":"https:\/\/scf.se\/cykelcross\/wp-json\/wp\/v2\/posts"}],"about":[{"href":"https:\/\/scf.se\/cykelcross\/wp-json\/wp\/v2\/types\/post"}],"author":[{"embeddable":true,"href":"https:\/\/scf.se\/cykelcross\/wp-json\/wp\/v2\/users\/41"}],"replies":[{"embeddable":true,"href":"https:\/\/scf.se\/cykelcross\/wp-json\/wp\/v2\/comments?post=1309"}],"version-history":[{"count":0,"href":"https:\/\/scf.se\/cykelcross\/wp-json\/wp\/v2\/posts\/1309\/revisions"}],"wp:featuredmedia":[{"embeddable":true,"href":"https:\/\/scf.se\/cykelcross\/wp-json\/wp\/v2\/media\/936"}],"wp:attachment":[{"href":"https:\/\/scf.se\/cykelcross\/wp-json\/wp\/v2\/media?parent=1309"}],"wp:term":[{"taxonomy":"category","embeddable":true,"href":"https:\/\/scf.se\/cykelcross\/wp-json\/wp\/v2\/categories?post=1309"},{"taxonomy":"post_tag","embeddable":true,"href":"https:\/\/scf.se\/cykelcross\/wp-json\/wp\/v2\/tags?post=1309"}],"curies":[{"name":"wp","href":"https:\/\/api.w.org\/{rel}","templated":true}]}}