
{"id":1274,"date":"2023-11-05T20:06:45","date_gmt":"2023-11-05T19:06:45","guid":{"rendered":"http:\/\/scf.se\/cykelcross\/?p=1274"},"modified":"2024-01-23T09:00:40","modified_gmt":"2024-01-23T08:00:40","slug":"komprimerad-sondag-nar-svenskarna-antligen-fick-tavla-i-cx-em","status":"publish","type":"post","link":"https:\/\/scf.se\/cykelcross\/komprimerad-sondag-nar-svenskarna-antligen-fick-tavla-i-cx-em\/","title":{"rendered":"P\u00e5 s\u00f6ndagen blev det \u00e4ntligen t\u00e4vling efter ruskv\u00e4dret p\u00e5 CX-EM"},"content":{"rendered":"<p><strong>Det blev en komprimerad EM-s\u00f6ndag n\u00e4r det \u00e4ntligen blev t\u00e4vlingar p\u00e5 cykelcross-EM f\u00f6r det svenska laget efter busv\u00e4dret i franska Pontch\u00e2teau. Elin \u00c5lsj\u00f6 (30) och Vilmer Ekman (42) var b\u00e4st placerade av v\u00e5ra fem juniorer. Filip M\u00e5rd tappade till plats 38 efter en bra start i U23-klassen. Tidigare i h\u00f6st s\u00e5 formstarke <\/strong><strong>David Risbergs f\u00f6rkylning gav inte med sig till s\u00f6ndagen, s\u00e5 han kunde inte komma till start.<\/strong><\/p>\n<p>Sverige blev en cyklist kort i fredagens stafett och l\u00f6rdagens t\u00e4vlingar blev uppskjutna i ruskv\u00e4dret som \u00e4ven drabbade syd\u00f6stra Frankrike. Men p\u00e5 s\u00f6ndagen gick et att k\u00f6ra och f\u00f6r svensk del s\u00e5g det ut s\u00e5 h\u00e4r i siffror.\u00a0<a href=\"https:\/\/scf.se\/cykelcross\/wp-content\/uploads\/sites\/4\/2023\/11\/CXEM2.jpg\"><img loading=\"lazy\" decoding=\"async\" class=\"alignnone size-full wp-image-1282\" src=\"https:\/\/scf.se\/cykelcross\/wp-content\/uploads\/sites\/4\/2023\/11\/CXEM2.jpg\" alt=\"\" width=\"1233\" height=\"1280\" srcset=\"https:\/\/scf.se\/cykelcross\/wp-content\/uploads\/sites\/4\/2023\/11\/CXEM2.jpg 1233w, https:\/\/scf.se\/cykelcross\/wp-content\/uploads\/sites\/4\/2023\/11\/CXEM2-289x300.jpg 289w, https:\/\/scf.se\/cykelcross\/wp-content\/uploads\/sites\/4\/2023\/11\/CXEM2-986x1024.jpg 986w, https:\/\/scf.se\/cykelcross\/wp-content\/uploads\/sites\/4\/2023\/11\/CXEM2-768x797.jpg 768w\" sizes=\"auto, (max-width: 1233px) 100vw, 1233px\" \/><\/a><\/p>\n<h3><a href=\"https:\/\/scf.se\/cykelcross\/wp-content\/uploads\/sites\/4\/2023\/11\/CXEM3.jpg\"><img loading=\"lazy\" decoding=\"async\" class=\"alignnone size-full wp-image-1281\" src=\"https:\/\/scf.se\/cykelcross\/wp-content\/uploads\/sites\/4\/2023\/11\/CXEM3.jpg\" alt=\"\" width=\"1280\" height=\"1273\" srcset=\"https:\/\/scf.se\/cykelcross\/wp-content\/uploads\/sites\/4\/2023\/11\/CXEM3.jpg 1280w, https:\/\/scf.se\/cykelcross\/wp-content\/uploads\/sites\/4\/2023\/11\/CXEM3-300x298.jpg 300w, https:\/\/scf.se\/cykelcross\/wp-content\/uploads\/sites\/4\/2023\/11\/CXEM3-1024x1018.jpg 1024w, https:\/\/scf.se\/cykelcross\/wp-content\/uploads\/sites\/4\/2023\/11\/CXEM3-150x150.jpg 150w, https:\/\/scf.se\/cykelcross\/wp-content\/uploads\/sites\/4\/2023\/11\/CXEM3-768x764.jpg 768w\" sizes=\"auto, (max-width: 1280px) 100vw, 1280px\" \/><\/a><\/h3>\n<h3>Damjunior<\/h3>\n<ul>\n<li><strong>1 C\u00e9lia Gery<\/strong>, Frankrike<\/li>\n<li><strong>2 Cat Ferguson<\/strong>, Storbritannien +0.26<\/li>\n<li><strong>3 Vikt\u00f3ria Cladonova<\/strong>, Slovakien +0.31<\/li>\n<li><strong>30 Elin \u00c5lsj\u00f6,<\/strong> Sverige 5.34<\/li>\n<li><strong>43 Thea Persson<\/strong>, Sverige 7.46<\/li>\n<\/ul>\n<a href=\"https:\/\/scf.se\/cykelcross\/wp-content\/uploads\/sites\/4\/2023\/11\/CXEM4.jpg\"><img loading=\"lazy\" decoding=\"async\" class=\"alignnone size-full wp-image-1280\" src=\"https:\/\/scf.se\/cykelcross\/wp-content\/uploads\/sites\/4\/2023\/11\/CXEM4.jpg\" alt=\"\" width=\"1280\" height=\"1251\" srcset=\"https:\/\/scf.se\/cykelcross\/wp-content\/uploads\/sites\/4\/2023\/11\/CXEM4.jpg 1280w, https:\/\/scf.se\/cykelcross\/wp-content\/uploads\/sites\/4\/2023\/11\/CXEM4-300x293.jpg 300w, https:\/\/scf.se\/cykelcross\/wp-content\/uploads\/sites\/4\/2023\/11\/CXEM4-1024x1001.jpg 1024w, https:\/\/scf.se\/cykelcross\/wp-content\/uploads\/sites\/4\/2023\/11\/CXEM4-768x751.jpg 768w\" sizes=\"auto, (max-width: 1280px) 100vw, 1280px\" \/><\/a>\n<h3>Herrjunior<\/h3>\n<ul>\n<li><strong>1 Aubin Sparfel,<\/strong> Frankrike<\/li>\n<li><strong>2 Zsombor Takacz,<\/strong> Ungerm +0<\/li>\n<li><strong>3 Jules Simon,<\/strong> Frankrike +0.08<\/li>\n<li><strong>42 Vilmer Ekman<\/strong>, Sverige +3.41<\/li>\n<li><strong>58 Anton Karlsson<\/strong>, Sverige +6.33<\/li>\n<li><strong>60 Dexter Kock<\/strong>, Sverige +1 varv<\/li>\n<\/ul>\n<a href=\"https:\/\/scf.se\/cykelcross\/wp-content\/uploads\/sites\/4\/2023\/11\/ForeCX-VM1.jpg\"><img loading=\"lazy\" decoding=\"async\" class=\"alignnone size-full wp-image-1438\" src=\"https:\/\/scf.se\/cykelcross\/wp-content\/uploads\/sites\/4\/2023\/11\/ForeCX-VM1.jpg\" alt=\"\" width=\"1071\" height=\"816\" srcset=\"https:\/\/scf.se\/cykelcross\/wp-content\/uploads\/sites\/4\/2023\/11\/ForeCX-VM1.jpg 1071w, https:\/\/scf.se\/cykelcross\/wp-content\/uploads\/sites\/4\/2023\/11\/ForeCX-VM1-300x229.jpg 300w, https:\/\/scf.se\/cykelcross\/wp-content\/uploads\/sites\/4\/2023\/11\/ForeCX-VM1-1024x780.jpg 1024w, https:\/\/scf.se\/cykelcross\/wp-content\/uploads\/sites\/4\/2023\/11\/ForeCX-VM1-768x585.jpg 768w\" sizes=\"auto, (max-width: 1071px) 100vw, 1071px\" \/><\/a>\n<h3>Herrar U23<\/h3>\n<ul>\n<li><strong>1 Jente Michels<\/strong>, Belgien<\/li>\n<li><strong>2 Emiel Verstrynge<\/strong>, Belgien +0.25<\/li>\n<li><strong>3 R\u00e9mi Lelandais<\/strong>, Frankrike +0.44<\/li>\n<li><strong>38 Filip M\u00e5rd<\/strong>, Sverige +6.33<\/li>\n<\/ul>\n<p>Elin \u00c5lsj\u00f6 gjorde ett stabilt lopp i damjunior d\u00e4r Thea Persson har ett \u00e5r kvar. \u00c4ven Vilmer Ekman som var b\u00e4st placerad av herrjuniorerna har ett \u00e5r kvar i klassen.<\/p>\n<a href=\"https:\/\/scf.se\/cykelcross\/wp-content\/uploads\/sites\/4\/2023\/11\/CXEM7.jpg\"><img loading=\"lazy\" decoding=\"async\" class=\"alignnone size-full wp-image-1277\" src=\"https:\/\/scf.se\/cykelcross\/wp-content\/uploads\/sites\/4\/2023\/11\/CXEM7.jpg\" alt=\"\" width=\"1280\" height=\"1273\" srcset=\"https:\/\/scf.se\/cykelcross\/wp-content\/uploads\/sites\/4\/2023\/11\/CXEM7.jpg 1280w, https:\/\/scf.se\/cykelcross\/wp-content\/uploads\/sites\/4\/2023\/11\/CXEM7-300x298.jpg 300w, https:\/\/scf.se\/cykelcross\/wp-content\/uploads\/sites\/4\/2023\/11\/CXEM7-1024x1018.jpg 1024w, https:\/\/scf.se\/cykelcross\/wp-content\/uploads\/sites\/4\/2023\/11\/CXEM7-150x150.jpg 150w, https:\/\/scf.se\/cykelcross\/wp-content\/uploads\/sites\/4\/2023\/11\/CXEM7-768x764.jpg 768w\" sizes=\"auto, (max-width: 1280px) 100vw, 1280px\" \/><\/a>\n<p>Filip M\u00e5rd\u00a0 var med bra i b\u00f6rjan men med punktering vid fel tillf\u00e4lle och v\u00e4xelstrul var det f\u00f6r sv\u00e5rt att \u00e5terh\u00e4mta halvsega ben, vilket gav plats 38.<\/p>\n<p>I herrarnas seniorelit, d\u00e4r belgaren Michael Vanthourenhout segrade, kunde tyv\u00e4rr inte den tidigare i h\u00f6st s\u00e5 formstarke David Risberg starta.<\/p>\n<p>I hopp om att bli helt frisk s\u00e5 stod han \u00f6ver tr\u00e4ning b\u00e5de fredag och l\u00f6rdag, men fick kasta in handduken till sist d\u00e5 krassligheten inte gav sig. &#8221;Jag hade ju aldrig tr\u00e4nat om jag hade m\u00e5tt s\u00e5h\u00e4r hemma.. Trist beslut att beh\u00f6va ta, men det klokaste&#8221;, sa David Risberg.<\/p>\n<p>Noteras att svenskbrittiskan Zoe B\u00e4ckstedt vann damernas U23-lopp med \u00f6ver halvminuten. Alma Johansson kom inte till start.\u00a0 I damernas seniorelit blev det storfavoritseger i form av Fem van Empel fr\u00e5n Nederl\u00e4nderna.<\/p>\n<a href=\"https:\/\/scf.se\/cykelcross\/wp-content\/uploads\/sites\/4\/2023\/11\/CXEM5.jpg\"><img loading=\"lazy\" decoding=\"async\" class=\"alignnone size-full wp-image-1279\" src=\"https:\/\/scf.se\/cykelcross\/wp-content\/uploads\/sites\/4\/2023\/11\/CXEM5.jpg\" alt=\"\" width=\"1280\" height=\"1241\" srcset=\"https:\/\/scf.se\/cykelcross\/wp-content\/uploads\/sites\/4\/2023\/11\/CXEM5.jpg 1280w, https:\/\/scf.se\/cykelcross\/wp-content\/uploads\/sites\/4\/2023\/11\/CXEM5-300x291.jpg 300w, https:\/\/scf.se\/cykelcross\/wp-content\/uploads\/sites\/4\/2023\/11\/CXEM5-1024x993.jpg 1024w, https:\/\/scf.se\/cykelcross\/wp-content\/uploads\/sites\/4\/2023\/11\/CXEM5-768x745.jpg 768w\" sizes=\"auto, (max-width: 1280px) 100vw, 1280px\" \/><\/a>\n<p>F\u00f6r det svenska EM-laget blir det till att ladda om p\u00e5 hemmaplan inf\u00f6r SM p\u00e5 Ring Knutstorp om tre veckor, 25\u201326 november n\u00e4rmare best\u00e4mt. <a href=\"https:\/\/www.sportstiming.se\/event\/12474\"><em><strong>Mera info om SM som g\u00e4ller 2024 \u00e5rs m\u00e4sterskap och anm\u00e4lan H\u00c4R!<\/strong><\/em><\/a><\/p>\n<p><em>Text och foto: SCF<\/em><\/p>\n<hr \/>\n<p><em><strong>Svenska Cykelf\u00f6rbundet \u00e4r stolta \u00f6ver att presentera v\u00e5ra samarbetspartners. Tack vare dessa fantastiska f\u00f6retag kan v\u00e5ra cyklister oftare ta sig l\u00e4ngre ut i v\u00e4rlden f\u00f6r att t\u00e4vla och samla nya erfarenheter.\u00a0<\/strong><\/em><\/p>\n<h2><a href=\"https:\/\/scf.se\/forbundet\/sponsorer\/\"><img loading=\"lazy\" decoding=\"async\" class=\"alignnone size-full wp-image-3872\" src=\"https:\/\/scf.se\/landsvag\/wp-content\/uploads\/sites\/5\/2023\/02\/LiggandeBannerNyheterHemsida2023.png\" alt=\"\" width=\"1200\" height=\"200\" \/><\/a><\/h2>\n<p>&nbsp;<\/p>\n<p>&nbsp;<\/p>\n","protected":false},"excerpt":{"rendered":"<p>Det blev en komprimerad EM-s\u00f6ndag n\u00e4r det \u00e4ntligen blev t\u00e4vlingar p\u00e5 cykelcross-EM f\u00f6r det svenska laget efter busv\u00e4dret i franska Pontch\u00e2teau. Elin \u00c5lsj\u00f6 (30) och Vilmer Ekman (42) var b\u00e4st placerade av v\u00e5ra fem juniorer. Filip M\u00e5rd tappade till plats 38 efter en bra start i U23-klassen. Tidigare i h\u00f6st s\u00e5 formstarke David Risbergs<a href=\"https:\/\/scf.se\/cykelcross\/komprimerad-sondag-nar-svenskarna-antligen-fick-tavla-i-cx-em\/\" class=\"news-card__more\"> &#8230;<\/a><\/p>\n","protected":false},"author":41,"featured_media":1278,"comment_status":"open","ping_status":"open","sticky":false,"template":"","format":"standard","meta":{"_acf_changed":false,"footnotes":""},"categories":[1],"tags":[],"class_list":["post-1274","post","type-post","status-publish","format-standard","hentry","category-cykelcross"],"acf":[],"_links":{"self":[{"href":"https:\/\/scf.se\/cykelcross\/wp-json\/wp\/v2\/posts\/1274","targetHints":{"allow":["GET"]}}],"collection":[{"href":"https:\/\/scf.se\/cykelcross\/wp-json\/wp\/v2\/posts"}],"about":[{"href":"https:\/\/scf.se\/cykelcross\/wp-json\/wp\/v2\/types\/post"}],"author":[{"embeddable":true,"href":"https:\/\/scf.se\/cykelcross\/wp-json\/wp\/v2\/users\/41"}],"replies":[{"embeddable":true,"href":"https:\/\/scf.se\/cykelcross\/wp-json\/wp\/v2\/comments?post=1274"}],"version-history":[{"count":0,"href":"https:\/\/scf.se\/cykelcross\/wp-json\/wp\/v2\/posts\/1274\/revisions"}],"wp:featuredmedia":[{"embeddable":true,"href":"https:\/\/scf.se\/cykelcross\/wp-json\/wp\/v2\/media\/1278"}],"wp:attachment":[{"href":"https:\/\/scf.se\/cykelcross\/wp-json\/wp\/v2\/media?parent=1274"}],"wp:term":[{"taxonomy":"category","embeddable":true,"href":"https:\/\/scf.se\/cykelcross\/wp-json\/wp\/v2\/categories?post=1274"},{"taxonomy":"post_tag","embeddable":true,"href":"https:\/\/scf.se\/cykelcross\/wp-json\/wp\/v2\/tags?post=1274"}],"curies":[{"name":"wp","href":"https:\/\/api.w.org\/{rel}","templated":true}]}}