
{"id":1259,"date":"2023-11-02T14:32:47","date_gmt":"2023-11-02T13:32:47","guid":{"rendered":"http:\/\/scf.se\/cykelcross\/?p=1259"},"modified":"2023-11-02T16:40:09","modified_gmt":"2023-11-02T15:40:09","slug":"fina-formbesked-nar-em-i-cykelcross-inleds-pa-fredagen","status":"publish","type":"post","link":"https:\/\/scf.se\/cykelcross\/fina-formbesked-nar-em-i-cykelcross-inleds-pa-fredagen\/","title":{"rendered":"Flera fina svenska formbesked n\u00e4r EM i cykelcross inleds p\u00e5 fredagen"},"content":{"rendered":"<p><strong>Flera cyklister har visat god form inf\u00f6r cykelcross-EM i franska Pontch\u00e2teau. Bland annat var Alma Johansson fyra i damelit i \u00c5rhus kv\u00e4llst\u00e4vling i l\u00f6rdags och senare Filip M\u00e5rd nia i tuffa belgiska klassikern Koppenbergcross. <\/strong><strong>EM inleds med mixedstafett p\u00e5 fredagen och forts\u00e4tter med de individuella t\u00e4vlingarna i helgen.<\/strong><\/p>\n<blockquote><p>&#8221;Det h\u00e4r ska bli sp\u00e4nnande och en j\u00e4kla bra erfarenhet f\u00f6r framtiden. Det h\u00e4r blir en annan storlek p\u00e5 det gentemot andra utlandsresor som jag har gjort med cyklister, s\u00e5 jag ser fram emot det s\u00e5klart. Och jag ocks\u00e5 v\u00e4ldigt m\u00e5n om att det ska bli bra f\u00f6r v\u00e5r trupp. D\u00e4rf\u00f6r \u00e4r jag glad \u00f6ver att ha med mig s\u00e5 otroligt mycket CX-rutin i en ganska stor ledarstab till EM&#8221;, s\u00e4ger nya CX-f\u00f6rbundskaptenen Peter Vingstedt.<\/p><\/blockquote>\n<p>Det \u00e4r David Eriksson, Johan Ekman, Hasse M\u00e5rd och Mathias Karlsson som assisterar med m\u00e5nga olika kompetensomr\u00e5den.<\/p>\n<p>Peter Vingstedt \u00e4r n\u00f6jd med en handfull internationella formbesked och hur det har sett ut i SWE Cup f\u00f6r den uttagna truppen.<\/p>\n<blockquote><p>&#8221;De som man hade r\u00e4knat med som skulle vara bra har levererat. Ta en s\u00e5dan som som Filip M\u00e5rd som det liksom alltid ser bra ut f\u00f6r, men nu tycker jag att han har sett starkare och starkare ut. Och det var ju flera bra resultat i \u00c5rhus UCU-t\u00e4vlingar. Kul att se&#8221;, s\u00e4ger Vingstedt<\/p><\/blockquote>\n<p>Alma Johanson (bilden ovan) forts\u00e4tter att \u00f6vertyga efter att bland annat ha radat upp fyra raka segrar i SWE Cup. Hon var fyra i damelit\u00a0 \u00c5rhus UCI C2-t\u00e4vling p\u00e5 l\u00f6rdagskv\u00e4llens elljuslopp med d\u00e5nande musik och festst\u00e4mning \u00f6ver arenan. Thea Persson, 16 \u00e5r, var fin tolva d\u00e4r.<\/p>\n<a href=\"https:\/\/scf.se\/cykelcross\/wp-content\/uploads\/sites\/4\/2023\/11\/370220489_659814012644042_9166963956447912004_n.jpg\"><img loading=\"lazy\" decoding=\"async\" class=\"alignnone size-full wp-image-1266\" src=\"https:\/\/scf.se\/cykelcross\/wp-content\/uploads\/sites\/4\/2023\/11\/370220489_659814012644042_9166963956447912004_n.jpg\" alt=\"\" width=\"1169\" height=\"1232\" srcset=\"https:\/\/scf.se\/cykelcross\/wp-content\/uploads\/sites\/4\/2023\/11\/370220489_659814012644042_9166963956447912004_n.jpg 1169w, https:\/\/scf.se\/cykelcross\/wp-content\/uploads\/sites\/4\/2023\/11\/370220489_659814012644042_9166963956447912004_n-285x300.jpg 285w, https:\/\/scf.se\/cykelcross\/wp-content\/uploads\/sites\/4\/2023\/11\/370220489_659814012644042_9166963956447912004_n-972x1024.jpg 972w, https:\/\/scf.se\/cykelcross\/wp-content\/uploads\/sites\/4\/2023\/11\/370220489_659814012644042_9166963956447912004_n-768x809.jpg 768w\" sizes=\"auto, (max-width: 1169px) 100vw, 1169px\" \/><\/a>\n<p>I herrelit var David Risberg, som ocks\u00e5 har imponerat i SWE Cup, sexa p\u00e5 l\u00f6rdagen d\u00e5 det var normala banf\u00f6rh\u00e5llanden med Filip M\u00e5rd p\u00e5 placeringen efter. Vilmer Ekman var sexa och b\u00e4sta f\u00f6rsta\u00e5rsjunior p\u00e5 l\u00f6rdagen.<\/p>\n<a href=\"https:\/\/scf.se\/cykelcross\/wp-content\/uploads\/sites\/4\/2022\/11\/VilmerNy1-1-scaled.jpeg\"><img loading=\"lazy\" decoding=\"async\" class=\"alignnone size-full wp-image-938\" src=\"https:\/\/scf.se\/cykelcross\/wp-content\/uploads\/sites\/4\/2022\/11\/VilmerNy1-1-scaled.jpeg\" alt=\"\" width=\"2560\" height=\"1994\" srcset=\"https:\/\/scf.se\/cykelcross\/wp-content\/uploads\/sites\/4\/2022\/11\/VilmerNy1-1-scaled.jpeg 2560w, https:\/\/scf.se\/cykelcross\/wp-content\/uploads\/sites\/4\/2022\/11\/VilmerNy1-1-300x234.jpeg 300w, https:\/\/scf.se\/cykelcross\/wp-content\/uploads\/sites\/4\/2022\/11\/VilmerNy1-1-1024x798.jpeg 1024w, https:\/\/scf.se\/cykelcross\/wp-content\/uploads\/sites\/4\/2022\/11\/VilmerNy1-1-768x598.jpeg 768w, https:\/\/scf.se\/cykelcross\/wp-content\/uploads\/sites\/4\/2022\/11\/VilmerNy1-1-1536x1196.jpeg 1536w, https:\/\/scf.se\/cykelcross\/wp-content\/uploads\/sites\/4\/2022\/11\/VilmerNy1-1-2048x1595.jpeg 2048w\" sizes=\"auto, (max-width: 2560px) 100vw, 2560px\" \/><\/a>\n<p>Fina formbesked det d\u00e4r. Till s\u00f6ndagen hade himlens portar \u00f6ppnat sig och bevattnat banan hela natten, vilken uppenbarligen passade Ekman som var trea d\u00e5. Filip M\u00e5rd b\u00e4sta svensk i herreliten med en ny sjundeplats.<\/p>\n<p>Kolla in Thomas Merl\u00f6vs film om hur det s\u00e5g ut i \u00c5rhus.!<\/p>\n<p><div class=\"video-wrapper\"><iframe loading=\"lazy\" title=\"Muddy A\u030arhus 2023\" src=\"https:\/\/player.vimeo.com\/video\/880297129?dnt=1&amp;app_id=122963\" width=\"500\" height=\"281\" frameborder=\"0\" allow=\"autoplay; fullscreen; picture-in-picture; clipboard-write\"><\/iframe><\/div><\/p>\n<ul>\n<li><a href=\"https:\/\/cyclocross24.com\/race\/aarhus\/\"><em><strong>Alla resultat fr\u00e5n b\u00e5da dagarna i \u00c5rhus hittar ni h\u00e4r!<\/strong><\/em><\/a><\/li>\n<\/ul>\n<p>I stora belgiska CX-t\u00e4vlingen Koppenbergcross v\u00e4ssades konkurrensen massor men svenskarna fortsatte att k\u00f6ra bra. M\u00e5rd hade \u00e4nnu mera p\u00e5 g\u00e5ng \u00e4n den fina niondeplats i U23-klassen som han landade p\u00e5. H\u00e4r \u00e4r racereport fr\u00e5n Bauhaus Cycling Team som Filip k\u00f6r cykelcross f\u00f6r fr\u00e5n och med i \u00e5r:<\/p>\n<a href=\"https:\/\/scf.se\/cykelcross\/wp-content\/uploads\/sites\/4\/2023\/11\/368051722_1394584224818884_4647837766900917408_n.jpg\"><img loading=\"lazy\" decoding=\"async\" class=\"alignnone size-full wp-image-1264\" src=\"https:\/\/scf.se\/cykelcross\/wp-content\/uploads\/sites\/4\/2023\/11\/368051722_1394584224818884_4647837766900917408_n.jpg\" alt=\"\" width=\"1170\" height=\"1054\" srcset=\"https:\/\/scf.se\/cykelcross\/wp-content\/uploads\/sites\/4\/2023\/11\/368051722_1394584224818884_4647837766900917408_n.jpg 1170w, https:\/\/scf.se\/cykelcross\/wp-content\/uploads\/sites\/4\/2023\/11\/368051722_1394584224818884_4647837766900917408_n-300x270.jpg 300w, https:\/\/scf.se\/cykelcross\/wp-content\/uploads\/sites\/4\/2023\/11\/368051722_1394584224818884_4647837766900917408_n-1024x922.jpg 1024w, https:\/\/scf.se\/cykelcross\/wp-content\/uploads\/sites\/4\/2023\/11\/368051722_1394584224818884_4647837766900917408_n-768x692.jpg 768w\" sizes=\"auto, (max-width: 1170px) 100vw, 1170px\" \/><\/a>\n<p>&#8221;Filip sp\u00e4nde b\u00e5gen rej\u00e4lt och passerade toppen som 4:e man efter starten. Han gjorde sedan ett av sina b\u00e4sta lopp i karri\u00e4ren p\u00e5 den fruktansv\u00e4rt tungk\u00f6rda banan upp och ner f\u00f6r klassiska Koppenberg. Tyv\u00e4rr hann inte mekanikern f\u00e5 cykeln i skick inf\u00f6r dep\u00e5stoppet p\u00e5 n\u00e4st sista varvet och Filip tvingades k\u00f6ra ett halvt varv med en cykel som var rej\u00e4lt rej\u00e4lt lerig, han tappade d\u00e5 n\u00e5gra placeringar men gick \u00e4nd\u00e5 in p\u00e5 en fin niondeplats!\u201d<\/p>\n<p>Ekman in p\u00e5 plats 14. Och det ser sammantaget bra ut n\u00e4r det g\u00e4ller i alla fall enstaka formindikationer f\u00f6r st\u00f6rre delen av EM-laget som ser ut s\u00e5 h\u00e4r.<\/p>\n<h3>Herrelit<\/h3>\n<ul>\n<li><strong>David Risberg<\/strong>, Evolite Cycling Club<\/li>\n<\/ul>\n<h3>Damer U23<\/h3>\n<ul>\n<li><strong>Alma Johansson<\/strong>, M\u00f6lndals CK<\/li>\n<\/ul>\n<h3>Herrar U23<\/h3>\n<ul>\n<li><strong>Filip M\u00e5rd<\/strong>, Bauhaus Sportklubb<\/li>\n<\/ul>\n<h3>Damjunior<\/h3>\n<ul>\n<li><strong>Elin \u00c5lsj\u00f6<\/strong>, CK Uni<\/li>\n<li><strong>Thea Persson<\/strong>, FK Trampen<\/li>\n<\/ul>\n<h3>Herrjunior<\/h3>\n<ul>\n<li><strong>Vilmer Ekman<\/strong>, Biketown Cycling Club<\/li>\n<li><strong>Anton Karlsson<\/strong>, Enk\u00f6pings CK<\/li>\n<li><strong>Dexter Kock<\/strong>, Tyres\u00f6 CK<\/li>\n<\/ul>\n<p>EM-t\u00e4vlingarna i Frankrike inleds p\u00e5 tidig fredagseftermiddag den 3 november med en stafett. Det blir som det set ut s\u00e5 att Filip M\u00e5rd som har t\u00e4vlat mycket inp\u00e5 och k\u00f6r sitt EM-lopp p\u00e5 l\u00f6rdagen st\u00e5r \u00f6ver stafetten. D\u00e4rmed f\u00e5r desto mera \u00e5ksugne Anton Karlsson fr\u00e5n Enk\u00f6ping en en inspirerande chans i laget som ser ut s\u00e5 h\u00e4r i bokstavsordning. L\u00e4nderna disponerar sedan cyklisterna i valfri ordning.<\/p>\n<h3>\u00a0Stafettlaget<\/h3>\n<ul>\n<li><strong>Vilmer Ekman<\/strong><\/li>\n<li><strong>Alma Johansson<\/strong><\/li>\n<li><strong>Anton Karlsson<\/strong><\/li>\n<li><strong>Thea Persson<\/strong><\/li>\n<li><strong>David Risberg<\/strong><\/li>\n<li><strong>Elin \u00c5lsj\u00f6<\/strong><\/li>\n<\/ul>\n<h3>Individuella CX-loppen p\u00e5 EM<\/h3>\n<ul>\n<li><strong>L\u00f6rdag 4 november:<\/strong><br \/>\n11.00: Damjunior med Elin \u00c5lsj\u00f6 och Thea Persson.<br \/>\n13.30: Herrarnas U23 med Filip M\u00e5rd.<\/li>\n<li><strong>S\u00f6ndag 5 november<\/strong>:<br \/>\n11.00: Herrjunior med Vilmer Ekman, Anton Karlsson och Dexter Kock.<br \/>\n13.30: Damer U23 med Alma Johansson.<br \/>\n15.00: Herrelit med David Risberg.<\/li>\n<\/ul>\n<p><em>Text: SCF<br \/>\nFoto: Respektive klubbs SoMe samt arkivbild SCF (Ekman)<\/em><\/p>\n<hr \/>\n<p><em><strong>Svenska Cykelf\u00f6rbundet \u00e4r stolta \u00f6ver att presentera v\u00e5ra samarbetspartners. Tack vare dessa fantastiska f\u00f6retag kan v\u00e5ra cyklister oftare ta sig l\u00e4ngre ut i v\u00e4rlden.<\/strong><\/em><\/p>\n<h2><a href=\"https:\/\/scf.se\/forbundet\/sponsorer\/\"><img loading=\"lazy\" decoding=\"async\" class=\"alignnone size-full wp-image-3872\" src=\"https:\/\/scf.se\/landsvag\/wp-content\/uploads\/sites\/5\/2023\/02\/LiggandeBannerNyheterHemsida2023.png\" alt=\"\" width=\"1200\" height=\"200\" \/><\/a><\/h2>\n","protected":false},"excerpt":{"rendered":"<p>Flera cyklister har visat god form inf\u00f6r cykelcross-EM i franska Pontch\u00e2teau. Bland annat var Alma Johansson fyra i damelit i \u00c5rhus kv\u00e4llst\u00e4vling i l\u00f6rdags och senare Filip M\u00e5rd nia i tuffa belgiska klassikern Koppenbergcross. EM inleds med mixedstafett p\u00e5 fredagen och forts\u00e4tter med de individuella t\u00e4vlingarna i helgen. &#8221;Det h\u00e4r ska bli sp\u00e4nnande och<a href=\"https:\/\/scf.se\/cykelcross\/fina-formbesked-nar-em-i-cykelcross-inleds-pa-fredagen\/\" class=\"news-card__more\"> &#8230;<\/a><\/p>\n","protected":false},"author":41,"featured_media":1265,"comment_status":"open","ping_status":"open","sticky":false,"template":"","format":"standard","meta":{"_acf_changed":false,"footnotes":""},"categories":[1],"tags":[],"class_list":["post-1259","post","type-post","status-publish","format-standard","hentry","category-cykelcross"],"acf":[],"_links":{"self":[{"href":"https:\/\/scf.se\/cykelcross\/wp-json\/wp\/v2\/posts\/1259","targetHints":{"allow":["GET"]}}],"collection":[{"href":"https:\/\/scf.se\/cykelcross\/wp-json\/wp\/v2\/posts"}],"about":[{"href":"https:\/\/scf.se\/cykelcross\/wp-json\/wp\/v2\/types\/post"}],"author":[{"embeddable":true,"href":"https:\/\/scf.se\/cykelcross\/wp-json\/wp\/v2\/users\/41"}],"replies":[{"embeddable":true,"href":"https:\/\/scf.se\/cykelcross\/wp-json\/wp\/v2\/comments?post=1259"}],"version-history":[{"count":0,"href":"https:\/\/scf.se\/cykelcross\/wp-json\/wp\/v2\/posts\/1259\/revisions"}],"wp:featuredmedia":[{"embeddable":true,"href":"https:\/\/scf.se\/cykelcross\/wp-json\/wp\/v2\/media\/1265"}],"wp:attachment":[{"href":"https:\/\/scf.se\/cykelcross\/wp-json\/wp\/v2\/media?parent=1259"}],"wp:term":[{"taxonomy":"category","embeddable":true,"href":"https:\/\/scf.se\/cykelcross\/wp-json\/wp\/v2\/categories?post=1259"},{"taxonomy":"post_tag","embeddable":true,"href":"https:\/\/scf.se\/cykelcross\/wp-json\/wp\/v2\/tags?post=1259"}],"curies":[{"name":"wp","href":"https:\/\/api.w.org\/{rel}","templated":true}]}}