
{"id":1241,"date":"2023-10-26T10:35:59","date_gmt":"2023-10-26T08:35:59","guid":{"rendered":"http:\/\/scf.se\/cykelcross\/?p=1241"},"modified":"2023-10-26T10:45:45","modified_gmt":"2023-10-26T08:45:45","slug":"mestadels-ung-trupp-till-cykelcross-em-i-frankrike-ar-uttagen","status":"publish","type":"post","link":"https:\/\/scf.se\/cykelcross\/mestadels-ung-trupp-till-cykelcross-em-i-frankrike-ar-uttagen\/","title":{"rendered":"Mestadels ung svensk trupp \u00e4r klar f\u00f6r cykelcross-EM i Frankrike"},"content":{"rendered":"<p><strong>Nu har nya CX-f\u00f6rbundskaptenen Peter Vingstedt presenterat sin f\u00f6rsta landslagstrupp. Det \u00e4r betoning p\u00e5 juniorer i en mestadels ung trupp med \u00e5tta cyklister som k\u00f6r cykelcross-EM i Frankrike 3\u20135 november.<\/strong><\/p>\n<p>S\u00e5 h\u00e4r ser truppen ut som \u00e5ker till EM i Pontch\u00e2teau, som ligger n\u00e4ra den franska v\u00e4stkusten \u2013 fem mil fr\u00e5n Nantes.<\/p>\n<h3><strong><a href=\"https:\/\/scf.se\/cykelcross\/wp-content\/uploads\/sites\/4\/2023\/10\/Risberg11.jpg\"><img loading=\"lazy\" decoding=\"async\" class=\"alignnone size-full wp-image-1245\" src=\"https:\/\/scf.se\/cykelcross\/wp-content\/uploads\/sites\/4\/2023\/10\/Risberg11.jpg\" alt=\"\" width=\"1170\" height=\"1148\" srcset=\"https:\/\/scf.se\/cykelcross\/wp-content\/uploads\/sites\/4\/2023\/10\/Risberg11.jpg 1170w, https:\/\/scf.se\/cykelcross\/wp-content\/uploads\/sites\/4\/2023\/10\/Risberg11-300x294.jpg 300w, https:\/\/scf.se\/cykelcross\/wp-content\/uploads\/sites\/4\/2023\/10\/Risberg11-1024x1005.jpg 1024w, https:\/\/scf.se\/cykelcross\/wp-content\/uploads\/sites\/4\/2023\/10\/Risberg11-768x754.jpg 768w\" sizes=\"auto, (max-width: 1170px) 100vw, 1170px\" \/><\/a><\/strong><\/h3>\n<h3>Herrelit<\/h3>\n<ul>\n<li><strong>David Risberg<\/strong>, Evolite Cycling Club<\/li>\n<\/ul>\n<h3><a href=\"https:\/\/scf.se\/cykelcross\/wp-content\/uploads\/sites\/4\/2023\/10\/394754410_985919669144338_834442619277894859_n.jpg\"><img loading=\"lazy\" decoding=\"async\" class=\"alignnone size-full wp-image-1236\" src=\"https:\/\/scf.se\/cykelcross\/wp-content\/uploads\/sites\/4\/2023\/10\/394754410_985919669144338_834442619277894859_n.jpg\" alt=\"\" width=\"1345\" height=\"1002\" srcset=\"https:\/\/scf.se\/cykelcross\/wp-content\/uploads\/sites\/4\/2023\/10\/394754410_985919669144338_834442619277894859_n.jpg 1345w, https:\/\/scf.se\/cykelcross\/wp-content\/uploads\/sites\/4\/2023\/10\/394754410_985919669144338_834442619277894859_n-300x223.jpg 300w, https:\/\/scf.se\/cykelcross\/wp-content\/uploads\/sites\/4\/2023\/10\/394754410_985919669144338_834442619277894859_n-1024x763.jpg 1024w, https:\/\/scf.se\/cykelcross\/wp-content\/uploads\/sites\/4\/2023\/10\/394754410_985919669144338_834442619277894859_n-768x572.jpg 768w\" sizes=\"auto, (max-width: 1345px) 100vw, 1345px\" \/><\/a><\/h3>\n<h3>Damer U23<\/h3>\n<ul>\n<li><strong>Alma Johansson<\/strong>, M\u00f6lndals CK<\/li>\n<\/ul>\n<h3><a href=\"https:\/\/scf.se\/cykelcross\/wp-content\/uploads\/sites\/4\/2023\/10\/BildspelTel6.jpg\"><img loading=\"lazy\" decoding=\"async\" class=\"alignnone size-full wp-image-1210\" src=\"https:\/\/scf.se\/cykelcross\/wp-content\/uploads\/sites\/4\/2023\/10\/BildspelTel6.jpg\" alt=\"\" width=\"1280\" height=\"1220\" srcset=\"https:\/\/scf.se\/cykelcross\/wp-content\/uploads\/sites\/4\/2023\/10\/BildspelTel6.jpg 1280w, https:\/\/scf.se\/cykelcross\/wp-content\/uploads\/sites\/4\/2023\/10\/BildspelTel6-300x286.jpg 300w, https:\/\/scf.se\/cykelcross\/wp-content\/uploads\/sites\/4\/2023\/10\/BildspelTel6-1024x976.jpg 1024w, https:\/\/scf.se\/cykelcross\/wp-content\/uploads\/sites\/4\/2023\/10\/BildspelTel6-768x732.jpg 768w\" sizes=\"auto, (max-width: 1280px) 100vw, 1280px\" \/><\/a><\/h3>\n<h3>Herrar U23<\/h3>\n<ul>\n<li><strong>Filip M\u00e5rd<\/strong>, Bauhaus Sportklubb<\/li>\n<\/ul>\n<h3><a href=\"https:\/\/scf.se\/cykelcross\/wp-content\/uploads\/sites\/4\/2023\/10\/CXEuropacup3-1.jpeg\"><img loading=\"lazy\" decoding=\"async\" class=\"alignnone size-full wp-image-1193\" src=\"https:\/\/scf.se\/cykelcross\/wp-content\/uploads\/sites\/4\/2023\/10\/CXEuropacup3-1.jpeg\" alt=\"\" width=\"1280\" height=\"934\" srcset=\"https:\/\/scf.se\/cykelcross\/wp-content\/uploads\/sites\/4\/2023\/10\/CXEuropacup3-1.jpeg 1280w, https:\/\/scf.se\/cykelcross\/wp-content\/uploads\/sites\/4\/2023\/10\/CXEuropacup3-1-300x219.jpeg 300w, https:\/\/scf.se\/cykelcross\/wp-content\/uploads\/sites\/4\/2023\/10\/CXEuropacup3-1-1024x747.jpeg 1024w, https:\/\/scf.se\/cykelcross\/wp-content\/uploads\/sites\/4\/2023\/10\/CXEuropacup3-1-768x560.jpeg 768w\" sizes=\"auto, (max-width: 1280px) 100vw, 1280px\" \/><\/a><\/h3>\n<h3>Damjunior<\/h3>\n<ul>\n<li><strong>Elin \u00c5lsj\u00f6<\/strong>, CK Uni<\/li>\n<li><strong>Thea Persson<\/strong>, FK Trampen<\/li>\n<\/ul>\n<h3><a href=\"https:\/\/scf.se\/cykelcross\/wp-content\/uploads\/sites\/4\/2023\/10\/BildspelTel94.jpg\"><img loading=\"lazy\" decoding=\"async\" class=\"alignnone size-full wp-image-1203\" src=\"https:\/\/scf.se\/cykelcross\/wp-content\/uploads\/sites\/4\/2023\/10\/BildspelTel94.jpg\" alt=\"\" width=\"1359\" height=\"1240\" srcset=\"https:\/\/scf.se\/cykelcross\/wp-content\/uploads\/sites\/4\/2023\/10\/BildspelTel94.jpg 1359w, https:\/\/scf.se\/cykelcross\/wp-content\/uploads\/sites\/4\/2023\/10\/BildspelTel94-300x274.jpg 300w, https:\/\/scf.se\/cykelcross\/wp-content\/uploads\/sites\/4\/2023\/10\/BildspelTel94-1024x934.jpg 1024w, https:\/\/scf.se\/cykelcross\/wp-content\/uploads\/sites\/4\/2023\/10\/BildspelTel94-768x701.jpg 768w\" sizes=\"auto, (max-width: 1359px) 100vw, 1359px\" \/><\/a><\/h3>\n<h3>Herrjunior<\/h3>\n<ul>\n<li><strong>Vilmer Ekman<\/strong>, Biketown Cycling Club<\/li>\n<li><strong>Anton Karlsson<\/strong>, Enk\u00f6pings CK<\/li>\n<li><strong>Dexter Kock<\/strong>, Tyres\u00f6 CK<\/li>\n<\/ul>\n<p>EM-t\u00e4vlingarna i Frankrike inleds p\u00e5 tidig fredagseftermiddag den 3 november med en stafett. F\u00f6rutom sj\u00e4lva stafetten \u00e4r det ett utm\u00e4rkt s\u00e4tt att komma in i EM-t\u00e4vlingarna f\u00f6r en cyklist per klass d\u00e4r man f\u00e5r flytta upp cyklister en klass. Peter Vingstedt bekr\u00e4ftar att Sverige kommer till start d\u00e4r. Vi \u00e5terkommer till hur laget formeras d\u00e4r det bara finns konkurrens p\u00e5 herrjuniorsidan.<\/p>\n<h3>Individuella CX-loppen p\u00e5 EM<\/h3>\n<ul>\n<li><strong>L\u00f6rdag 4 november:<\/strong><br \/>\n11.00: Damjunior med Elin \u00c5lsj\u00f6 och Thea Persson.<br \/>\n13.30: Herrarnas U23 med Filip M\u00e5rd.<\/li>\n<li><strong>S\u00f6ndag 5 november<\/strong>:<br \/>\n11.00: Herrjunior med Vilmer Ekman, Anton Karlsson och Dexter Kock.<br \/>\n13.30: Damer U23 med Alma Johansson.<br \/>\n15.00: Herrelit med David Risberg.<\/li>\n<\/ul>\n<p><a href=\"https:\/\/scf.se\/cykelcross\/har-ar-uttagningsreglerna-infor-em-i-cykelcross-2023\/\"><em><strong>H\u00e4r \u00e4r uttagningskriterierna inf\u00f6r CX-EM.<\/strong><\/em><\/a><\/p>\n<p><em>Text och foto: SCF<\/em><\/p>\n<hr \/>\n<p><em><strong>Svenska Cykelf\u00f6rbundet \u00e4r stolta \u00f6ver att presentera v\u00e5ra samarbetspartners. Tack vare dessa fantastiska f\u00f6retag kan v\u00e5ra cyklister oftare ta sig l\u00e4ngre ut i v\u00e4rlden.<\/strong><\/em><\/p>\n<h2><a href=\"https:\/\/scf.se\/forbundet\/sponsorer\/\"><img loading=\"lazy\" decoding=\"async\" class=\"alignnone size-full wp-image-3872\" src=\"https:\/\/scf.se\/landsvag\/wp-content\/uploads\/sites\/5\/2023\/02\/LiggandeBannerNyheterHemsida2023.png\" alt=\"\" width=\"1200\" height=\"200\" \/><\/a><\/h2>\n","protected":false},"excerpt":{"rendered":"<p>Nu har nya CX-f\u00f6rbundskaptenen Peter Vingstedt presenterat sin f\u00f6rsta landslagstrupp. Det \u00e4r betoning p\u00e5 juniorer i en mestadels ung trupp med \u00e5tta cyklister som k\u00f6r cykelcross-EM i Frankrike 3\u20135 november. S\u00e5 h\u00e4r ser truppen ut som \u00e5ker till EM i Pontch\u00e2teau, som ligger n\u00e4ra den franska v\u00e4stkusten \u2013 fem mil fr\u00e5n Nantes. Herrelit David<a href=\"https:\/\/scf.se\/cykelcross\/mestadels-ung-trupp-till-cykelcross-em-i-frankrike-ar-uttagen\/\" class=\"news-card__more\"> &#8230;<\/a><\/p>\n","protected":false},"author":41,"featured_media":1246,"comment_status":"open","ping_status":"open","sticky":false,"template":"","format":"standard","meta":{"_acf_changed":false,"footnotes":""},"categories":[1],"tags":[],"class_list":["post-1241","post","type-post","status-publish","format-standard","hentry","category-cykelcross"],"acf":[],"_links":{"self":[{"href":"https:\/\/scf.se\/cykelcross\/wp-json\/wp\/v2\/posts\/1241","targetHints":{"allow":["GET"]}}],"collection":[{"href":"https:\/\/scf.se\/cykelcross\/wp-json\/wp\/v2\/posts"}],"about":[{"href":"https:\/\/scf.se\/cykelcross\/wp-json\/wp\/v2\/types\/post"}],"author":[{"embeddable":true,"href":"https:\/\/scf.se\/cykelcross\/wp-json\/wp\/v2\/users\/41"}],"replies":[{"embeddable":true,"href":"https:\/\/scf.se\/cykelcross\/wp-json\/wp\/v2\/comments?post=1241"}],"version-history":[{"count":0,"href":"https:\/\/scf.se\/cykelcross\/wp-json\/wp\/v2\/posts\/1241\/revisions"}],"wp:featuredmedia":[{"embeddable":true,"href":"https:\/\/scf.se\/cykelcross\/wp-json\/wp\/v2\/media\/1246"}],"wp:attachment":[{"href":"https:\/\/scf.se\/cykelcross\/wp-json\/wp\/v2\/media?parent=1241"}],"wp:term":[{"taxonomy":"category","embeddable":true,"href":"https:\/\/scf.se\/cykelcross\/wp-json\/wp\/v2\/categories?post=1241"},{"taxonomy":"post_tag","embeddable":true,"href":"https:\/\/scf.se\/cykelcross\/wp-json\/wp\/v2\/tags?post=1241"}],"curies":[{"name":"wp","href":"https:\/\/api.w.org\/{rel}","templated":true}]}}