
{"id":1187,"date":"2023-10-08T20:44:49","date_gmt":"2023-10-08T18:44:49","guid":{"rendered":"http:\/\/scf.se\/cykelcross\/?p=1187"},"modified":"2023-10-09T08:14:17","modified_gmt":"2023-10-09T06:14:17","slug":"bra-klass-pa-manga-lopp-nar-nya-europacupen-i-cx-kom-till-taby-park","status":"publish","type":"post","link":"https:\/\/scf.se\/cykelcross\/bra-klass-pa-manga-lopp-nar-nya-europacupen-i-cx-kom-till-taby-park\/","title":{"rendered":"Riktigt fin klass p\u00e5 flera lopp n\u00e4r nya Europacupen i CX kom till T\u00e4by Park"},"content":{"rendered":"<p><strong>Det blev svensk seger i b\u00e4gge juniorklasserna genom Vilmer Ekman och Elin \u00c5lsj\u00f6 n\u00e4r Europacupen avgjordes i T\u00e4by. S\u00e5v\u00e4l Filip M\u00e5rd som Ville Merl\u00f6v avslutade med stabila lopp i herrarnas U23-klass. Fina svenska insatser \u00e4ven i U17-klassen d\u00e4r Linnea Nilsson och Oliver Andersen segrade.<\/strong><\/p>\n<a href=\"https:\/\/scf.se\/cykelcross\/wp-content\/uploads\/sites\/4\/2023\/10\/BildspelTel97.jpg\"><img loading=\"lazy\" decoding=\"async\" class=\"alignnone size-full wp-image-1200\" src=\"https:\/\/scf.se\/cykelcross\/wp-content\/uploads\/sites\/4\/2023\/10\/BildspelTel97.jpg\" alt=\"\" width=\"1846\" height=\"1512\" srcset=\"https:\/\/scf.se\/cykelcross\/wp-content\/uploads\/sites\/4\/2023\/10\/BildspelTel97.jpg 1846w, https:\/\/scf.se\/cykelcross\/wp-content\/uploads\/sites\/4\/2023\/10\/BildspelTel97-300x246.jpg 300w, https:\/\/scf.se\/cykelcross\/wp-content\/uploads\/sites\/4\/2023\/10\/BildspelTel97-1024x839.jpg 1024w, https:\/\/scf.se\/cykelcross\/wp-content\/uploads\/sites\/4\/2023\/10\/BildspelTel97-768x629.jpg 768w, https:\/\/scf.se\/cykelcross\/wp-content\/uploads\/sites\/4\/2023\/10\/BildspelTel97-1536x1258.jpg 1536w\" sizes=\"auto, (max-width: 1846px) 100vw, 1846px\" \/><\/a>\n<p>Vi fick se ett vasst lopp av Elin \u00c5lsj\u00f6 n\u00e4r den nya Europacupen i CX avgjordes p\u00e5 T\u00e4by Parks omv\u00e4xlande bana. CK Uni-junioren var minuten f\u00f6re finl\u00e4ndskan Viivi Turpeinen. FK Trampens Thea Persson var trea i ett lopp med fin niv\u00e5; h\u00e4r f\u00e5r de tre v\u00e4lf\u00f6rtj\u00e4nta priser av nya f\u00f6rbundskaptenen Peter Vingstedt.<\/p>\n<a href=\"https:\/\/scf.se\/cykelcross\/wp-content\/uploads\/sites\/4\/2023\/10\/BildspelTel93.jpg\"><img loading=\"lazy\" decoding=\"async\" class=\"alignnone size-full wp-image-1204\" src=\"https:\/\/scf.se\/cykelcross\/wp-content\/uploads\/sites\/4\/2023\/10\/BildspelTel93.jpg\" alt=\"\" width=\"1953\" height=\"1512\" srcset=\"https:\/\/scf.se\/cykelcross\/wp-content\/uploads\/sites\/4\/2023\/10\/BildspelTel93.jpg 1953w, https:\/\/scf.se\/cykelcross\/wp-content\/uploads\/sites\/4\/2023\/10\/BildspelTel93-300x232.jpg 300w, https:\/\/scf.se\/cykelcross\/wp-content\/uploads\/sites\/4\/2023\/10\/BildspelTel93-1024x793.jpg 1024w, https:\/\/scf.se\/cykelcross\/wp-content\/uploads\/sites\/4\/2023\/10\/BildspelTel93-768x595.jpg 768w, https:\/\/scf.se\/cykelcross\/wp-content\/uploads\/sites\/4\/2023\/10\/BildspelTel93-1536x1189.jpg 1536w\" sizes=\"auto, (max-width: 1953px) 100vw, 1953px\" \/><\/a>\n<p>I damernas U23-klassen kraschade g\u00e5rdagens SWE Cup-vinnare Alma Johansson i ett drop och var tvungen att bryta.<\/p>\n<a href=\"https:\/\/scf.se\/cykelcross\/wp-content\/uploads\/sites\/4\/2023\/10\/CXEuropacup4-1.jpeg\"><img loading=\"lazy\" decoding=\"async\" class=\"alignnone size-full wp-image-1194\" src=\"https:\/\/scf.se\/cykelcross\/wp-content\/uploads\/sites\/4\/2023\/10\/CXEuropacup4-1.jpeg\" alt=\"\" width=\"1233\" height=\"1280\" srcset=\"https:\/\/scf.se\/cykelcross\/wp-content\/uploads\/sites\/4\/2023\/10\/CXEuropacup4-1.jpeg 1233w, https:\/\/scf.se\/cykelcross\/wp-content\/uploads\/sites\/4\/2023\/10\/CXEuropacup4-1-289x300.jpeg 289w, https:\/\/scf.se\/cykelcross\/wp-content\/uploads\/sites\/4\/2023\/10\/CXEuropacup4-1-986x1024.jpeg 986w, https:\/\/scf.se\/cykelcross\/wp-content\/uploads\/sites\/4\/2023\/10\/CXEuropacup4-1-768x797.jpeg 768w\" sizes=\"auto, (max-width: 1233px) 100vw, 1233px\" \/><\/a>\n<a href=\"https:\/\/scf.se\/cykelcross\/wp-content\/uploads\/sites\/4\/2023\/10\/BildspelTel96.jpg\"><img loading=\"lazy\" decoding=\"async\" class=\"alignnone size-full wp-image-1201\" src=\"https:\/\/scf.se\/cykelcross\/wp-content\/uploads\/sites\/4\/2023\/10\/BildspelTel96.jpg\" alt=\"\" width=\"1808\" height=\"1448\" srcset=\"https:\/\/scf.se\/cykelcross\/wp-content\/uploads\/sites\/4\/2023\/10\/BildspelTel96.jpg 1808w, https:\/\/scf.se\/cykelcross\/wp-content\/uploads\/sites\/4\/2023\/10\/BildspelTel96-300x240.jpg 300w, https:\/\/scf.se\/cykelcross\/wp-content\/uploads\/sites\/4\/2023\/10\/BildspelTel96-1024x820.jpg 1024w, https:\/\/scf.se\/cykelcross\/wp-content\/uploads\/sites\/4\/2023\/10\/BildspelTel96-768x615.jpg 768w, https:\/\/scf.se\/cykelcross\/wp-content\/uploads\/sites\/4\/2023\/10\/BildspelTel96-1536x1230.jpg 1536w\" sizes=\"auto, (max-width: 1808px) 100vw, 1808px\" \/><\/a>\n<p>Det blev i st\u00e4llet belgisk storseger genom Febe de Smedt som verkligen cyklade bra. Tv\u00e5an Irma Johansson var distanserad med tre minuter men gjorde ett fint lopp.<\/p>\n<p>Linnea Nilsson vann tjejernas U17-lopp och hemmacyklisten Oliver Andersen vann killarnas U17. B\u00e5da klasserna ingick i Europacupen.<\/p>\n<a href=\"https:\/\/scf.se\/cykelcross\/wp-content\/uploads\/sites\/4\/2023\/10\/BildspelTel94.jpg\"><img loading=\"lazy\" decoding=\"async\" class=\"alignnone size-full wp-image-1203\" src=\"https:\/\/scf.se\/cykelcross\/wp-content\/uploads\/sites\/4\/2023\/10\/BildspelTel94.jpg\" alt=\"\" width=\"1359\" height=\"1240\" srcset=\"https:\/\/scf.se\/cykelcross\/wp-content\/uploads\/sites\/4\/2023\/10\/BildspelTel94.jpg 1359w, https:\/\/scf.se\/cykelcross\/wp-content\/uploads\/sites\/4\/2023\/10\/BildspelTel94-300x274.jpg 300w, https:\/\/scf.se\/cykelcross\/wp-content\/uploads\/sites\/4\/2023\/10\/BildspelTel94-1024x934.jpg 1024w, https:\/\/scf.se\/cykelcross\/wp-content\/uploads\/sites\/4\/2023\/10\/BildspelTel94-768x701.jpg 768w\" sizes=\"auto, (max-width: 1359px) 100vw, 1359px\" \/><\/a>\n<p>Det blev svensk seger \u00e4ven i herrjuniorernas Europacup. Vilmer Ekman s\u00e5g till att h\u00e5lla flitigt uppvaktande Lars de Nys efter sig. Taktiken var kraft\u00f6dande men visade sig bli r\u00e4tt. Belgaren hade f\u00f6rdelen av att hela tiden f\u00e5 ligga p\u00e5 rulle i vinden n\u00e4r han v\u00e4l segat sig ikapp. Men Ekman hade mer krafter denna soliga men kyligt bl\u00e5siga s\u00f6ndag p\u00e5 T\u00e4by Park.<\/p>\n<a href=\"https:\/\/scf.se\/cykelcross\/wp-content\/uploads\/sites\/4\/2023\/10\/CXEuropacup1-1.jpeg\"><img loading=\"lazy\" decoding=\"async\" class=\"alignnone size-full wp-image-1191\" src=\"https:\/\/scf.se\/cykelcross\/wp-content\/uploads\/sites\/4\/2023\/10\/CXEuropacup1-1.jpeg\" alt=\"\" width=\"1280\" height=\"855\" srcset=\"https:\/\/scf.se\/cykelcross\/wp-content\/uploads\/sites\/4\/2023\/10\/CXEuropacup1-1.jpeg 1280w, https:\/\/scf.se\/cykelcross\/wp-content\/uploads\/sites\/4\/2023\/10\/CXEuropacup1-1-300x200.jpeg 300w, https:\/\/scf.se\/cykelcross\/wp-content\/uploads\/sites\/4\/2023\/10\/CXEuropacup1-1-1024x684.jpeg 1024w, https:\/\/scf.se\/cykelcross\/wp-content\/uploads\/sites\/4\/2023\/10\/CXEuropacup1-1-768x513.jpeg 768w\" sizes=\"auto, (max-width: 1280px) 100vw, 1280px\" \/><\/a>\n<blockquote><p>\u201dMin plan var att ligga f\u00f6rst hela loppet s\u00e5 jag kunde k\u00f6ra de linjer som jag ville. han fick det lite struligt och tappade lite p\u00e5 samma i samma partier p\u00e5 varje varv\u201d, s\u00e4ger Vilmer Ekman lugnt efter\u00e5t.<\/p><\/blockquote>\n<p>Lite v\u00e4lbeh\u00f6vliga UCI-po\u00e4ng i CX in p\u00e5 kontot. Det blir en del bancykel ocks\u00e5 fram\u00f6ver ber\u00e4ttade den \u00e5kstarke f\u00f6rsta\u00e5rsjunioren.<\/p>\n<p>Enk\u00f6pings Anton Karlsson blev n\u00e4st b\u00e4sta svensk i herrjuniorloppet som en inneh\u00f6ll en krasch p\u00e5 upploppet \u2013 men l\u00e4get var okej en timme efter\u00e5t.<\/p>\n<a href=\"https:\/\/scf.se\/cykelcross\/wp-content\/uploads\/sites\/4\/2023\/10\/BildspelTel8.jpg\"><img loading=\"lazy\" decoding=\"async\" class=\"alignnone size-full wp-image-1208\" src=\"https:\/\/scf.se\/cykelcross\/wp-content\/uploads\/sites\/4\/2023\/10\/BildspelTel8.jpg\" alt=\"\" width=\"1117\" height=\"1423\" srcset=\"https:\/\/scf.se\/cykelcross\/wp-content\/uploads\/sites\/4\/2023\/10\/BildspelTel8.jpg 1117w, https:\/\/scf.se\/cykelcross\/wp-content\/uploads\/sites\/4\/2023\/10\/BildspelTel8-235x300.jpg 235w, https:\/\/scf.se\/cykelcross\/wp-content\/uploads\/sites\/4\/2023\/10\/BildspelTel8-804x1024.jpg 804w, https:\/\/scf.se\/cykelcross\/wp-content\/uploads\/sites\/4\/2023\/10\/BildspelTel8-768x978.jpg 768w\" sizes=\"auto, (max-width: 1117px) 100vw, 1117px\" \/><\/a>\n<p>Filip M\u00e5rd var b\u00e4sta svensk i herrarnas U23-lopp som avslutade Europacupen i CX p\u00e5 T\u00e4by Park.<\/p>\n<p>Det var riktigt stabila lopp av s\u00e5v\u00e4l internationellt etablerade U23-cyklisten Filip M\u00e5rd, som har anslutit till Bauhaus Sportklubbs nya CX-sektion och f\u00f6rsta\u00e5rsjunioren fr\u00e5n \u00c5storps CK, Ville Merl\u00f6v. Det var en l\u00e5ng tuff kamp dem emellan d\u00e4r det till sist skilde 13 sekunder.<\/p>\n<a href=\"https:\/\/scf.se\/cykelcross\/wp-content\/uploads\/sites\/4\/2023\/10\/BildspelTel4.jpg\"><img loading=\"lazy\" decoding=\"async\" class=\"alignnone size-full wp-image-1212\" src=\"https:\/\/scf.se\/cykelcross\/wp-content\/uploads\/sites\/4\/2023\/10\/BildspelTel4.jpg\" alt=\"\" width=\"1540\" height=\"1273\" srcset=\"https:\/\/scf.se\/cykelcross\/wp-content\/uploads\/sites\/4\/2023\/10\/BildspelTel4.jpg 1540w, https:\/\/scf.se\/cykelcross\/wp-content\/uploads\/sites\/4\/2023\/10\/BildspelTel4-300x248.jpg 300w, https:\/\/scf.se\/cykelcross\/wp-content\/uploads\/sites\/4\/2023\/10\/BildspelTel4-1024x846.jpg 1024w, https:\/\/scf.se\/cykelcross\/wp-content\/uploads\/sites\/4\/2023\/10\/BildspelTel4-768x635.jpg 768w, https:\/\/scf.se\/cykelcross\/wp-content\/uploads\/sites\/4\/2023\/10\/BildspelTel4-1536x1270.jpg 1536w\" sizes=\"auto, (max-width: 1540px) 100vw, 1540px\" \/><\/a>\n<p>Nu r\u00e4ckte det inte till pallen. Segrade gjorde danske JEM-medalj\u00f6ren Daniel Weis Nielsen. Detta trots att det, liksom f\u00f6rra \u00e5rets UCI-t\u00e4vling h\u00e4r i T\u00e4by, strulade lite. D\u00e5 kom han aldrig ifatt Paul Greijus. Nu passerade han norrmannen Kevin Andre Sandli Messel i ett huj &#8211; och h\u00f6ll de d\u00e4r tio sekunderna.<\/p>\n<a href=\"https:\/\/scf.se\/cykelcross\/wp-content\/uploads\/sites\/4\/2023\/10\/BildspelTel5.jpg\"><img loading=\"lazy\" decoding=\"async\" class=\"alignnone size-full wp-image-1211\" src=\"https:\/\/scf.se\/cykelcross\/wp-content\/uploads\/sites\/4\/2023\/10\/BildspelTel5.jpg\" alt=\"\" width=\"1891\" height=\"1511\" srcset=\"https:\/\/scf.se\/cykelcross\/wp-content\/uploads\/sites\/4\/2023\/10\/BildspelTel5.jpg 1891w, https:\/\/scf.se\/cykelcross\/wp-content\/uploads\/sites\/4\/2023\/10\/BildspelTel5-300x240.jpg 300w, https:\/\/scf.se\/cykelcross\/wp-content\/uploads\/sites\/4\/2023\/10\/BildspelTel5-1024x818.jpg 1024w, https:\/\/scf.se\/cykelcross\/wp-content\/uploads\/sites\/4\/2023\/10\/BildspelTel5-768x614.jpg 768w, https:\/\/scf.se\/cykelcross\/wp-content\/uploads\/sites\/4\/2023\/10\/BildspelTel5-1536x1227.jpg 1536w\" sizes=\"auto, (max-width: 1891px) 100vw, 1891px\" \/><\/a>\n<p>Franskt p\u00e5 tredjeplatsen, sedan M\u00e5rd fyra, Merl\u00f6v femma, Greijus sjua och Finsp\u00e5ngs Sebastian Pettersson nia av de b\u00e4sta svenska loppen.<\/p>\n<p>Om det var lite v\u00e4l halt och bl\u00f6tt p\u00e5 l\u00f6rdagen \u00e4ven f\u00f6r CX var det fina f\u00f6rh\u00e5llanden och t\u00e4vlingar under s\u00f6ndagen, h\u00e4r beskrivet i ett bildspel:<\/p>\n<a href=\"https:\/\/scf.se\/cykelcross\/wp-content\/uploads\/sites\/4\/2023\/10\/BildspelTel6.jpg\"><img loading=\"lazy\" decoding=\"async\" class=\"alignnone size-full wp-image-1210\" src=\"https:\/\/scf.se\/cykelcross\/wp-content\/uploads\/sites\/4\/2023\/10\/BildspelTel6.jpg\" alt=\"\" width=\"1280\" height=\"1220\" srcset=\"https:\/\/scf.se\/cykelcross\/wp-content\/uploads\/sites\/4\/2023\/10\/BildspelTel6.jpg 1280w, https:\/\/scf.se\/cykelcross\/wp-content\/uploads\/sites\/4\/2023\/10\/BildspelTel6-300x286.jpg 300w, https:\/\/scf.se\/cykelcross\/wp-content\/uploads\/sites\/4\/2023\/10\/BildspelTel6-1024x976.jpg 1024w, https:\/\/scf.se\/cykelcross\/wp-content\/uploads\/sites\/4\/2023\/10\/BildspelTel6-768x732.jpg 768w\" sizes=\"auto, (max-width: 1280px) 100vw, 1280px\" \/><\/a> <a href=\"https:\/\/scf.se\/cykelcross\/wp-content\/uploads\/sites\/4\/2023\/10\/BildspelTel3.jpg\"><img loading=\"lazy\" decoding=\"async\" class=\"alignnone size-full wp-image-1213\" src=\"https:\/\/scf.se\/cykelcross\/wp-content\/uploads\/sites\/4\/2023\/10\/BildspelTel3.jpg\" alt=\"\" width=\"1478\" height=\"1494\" srcset=\"https:\/\/scf.se\/cykelcross\/wp-content\/uploads\/sites\/4\/2023\/10\/BildspelTel3.jpg 1478w, https:\/\/scf.se\/cykelcross\/wp-content\/uploads\/sites\/4\/2023\/10\/BildspelTel3-297x300.jpg 297w, https:\/\/scf.se\/cykelcross\/wp-content\/uploads\/sites\/4\/2023\/10\/BildspelTel3-1013x1024.jpg 1013w, https:\/\/scf.se\/cykelcross\/wp-content\/uploads\/sites\/4\/2023\/10\/BildspelTel3-768x776.jpg 768w\" sizes=\"auto, (max-width: 1478px) 100vw, 1478px\" \/><\/a> \u00a0<a href=\"https:\/\/scf.se\/cykelcross\/wp-content\/uploads\/sites\/4\/2023\/10\/BildspelTel95.jpg\"><img loading=\"lazy\" decoding=\"async\" class=\"alignnone size-full wp-image-1202\" src=\"https:\/\/scf.se\/cykelcross\/wp-content\/uploads\/sites\/4\/2023\/10\/BildspelTel95.jpg\" alt=\"\" width=\"1552\" height=\"1430\" srcset=\"https:\/\/scf.se\/cykelcross\/wp-content\/uploads\/sites\/4\/2023\/10\/BildspelTel95.jpg 1552w, https:\/\/scf.se\/cykelcross\/wp-content\/uploads\/sites\/4\/2023\/10\/BildspelTel95-300x276.jpg 300w, https:\/\/scf.se\/cykelcross\/wp-content\/uploads\/sites\/4\/2023\/10\/BildspelTel95-1024x944.jpg 1024w, https:\/\/scf.se\/cykelcross\/wp-content\/uploads\/sites\/4\/2023\/10\/BildspelTel95-768x708.jpg 768w, https:\/\/scf.se\/cykelcross\/wp-content\/uploads\/sites\/4\/2023\/10\/BildspelTel95-1536x1415.jpg 1536w\" sizes=\"auto, (max-width: 1552px) 100vw, 1552px\" \/><\/a> <a href=\"https:\/\/scf.se\/cykelcross\/wp-content\/uploads\/sites\/4\/2023\/10\/BildspelTel98.jpg\"><img loading=\"lazy\" decoding=\"async\" class=\"alignnone size-full wp-image-1199\" src=\"https:\/\/scf.se\/cykelcross\/wp-content\/uploads\/sites\/4\/2023\/10\/BildspelTel98.jpg\" alt=\"\" width=\"1280\" height=\"916\" srcset=\"https:\/\/scf.se\/cykelcross\/wp-content\/uploads\/sites\/4\/2023\/10\/BildspelTel98.jpg 1280w, https:\/\/scf.se\/cykelcross\/wp-content\/uploads\/sites\/4\/2023\/10\/BildspelTel98-300x215.jpg 300w, https:\/\/scf.se\/cykelcross\/wp-content\/uploads\/sites\/4\/2023\/10\/BildspelTel98-1024x733.jpg 1024w, https:\/\/scf.se\/cykelcross\/wp-content\/uploads\/sites\/4\/2023\/10\/BildspelTel98-768x550.jpg 768w\" sizes=\"auto, (max-width: 1280px) 100vw, 1280px\" \/><\/a> <a href=\"https:\/\/scf.se\/cykelcross\/wp-content\/uploads\/sites\/4\/2023\/10\/CXEuropacup3-1.jpeg\"><img loading=\"lazy\" decoding=\"async\" class=\"alignnone size-full wp-image-1193\" src=\"https:\/\/scf.se\/cykelcross\/wp-content\/uploads\/sites\/4\/2023\/10\/CXEuropacup3-1.jpeg\" alt=\"\" width=\"1280\" height=\"934\" srcset=\"https:\/\/scf.se\/cykelcross\/wp-content\/uploads\/sites\/4\/2023\/10\/CXEuropacup3-1.jpeg 1280w, https:\/\/scf.se\/cykelcross\/wp-content\/uploads\/sites\/4\/2023\/10\/CXEuropacup3-1-300x219.jpeg 300w, https:\/\/scf.se\/cykelcross\/wp-content\/uploads\/sites\/4\/2023\/10\/CXEuropacup3-1-1024x747.jpeg 1024w, https:\/\/scf.se\/cykelcross\/wp-content\/uploads\/sites\/4\/2023\/10\/CXEuropacup3-1-768x560.jpeg 768w\" sizes=\"auto, (max-width: 1280px) 100vw, 1280px\" \/><\/a> \u00a0<a href=\"https:\/\/scf.se\/cykelcross\/wp-content\/uploads\/sites\/4\/2023\/10\/CXEuropacup2-1.jpeg\"><img loading=\"lazy\" decoding=\"async\" class=\"alignnone size-full wp-image-1192\" src=\"https:\/\/scf.se\/cykelcross\/wp-content\/uploads\/sites\/4\/2023\/10\/CXEuropacup2-1.jpeg\" alt=\"\" width=\"1280\" height=\"939\" srcset=\"https:\/\/scf.se\/cykelcross\/wp-content\/uploads\/sites\/4\/2023\/10\/CXEuropacup2-1.jpeg 1280w, https:\/\/scf.se\/cykelcross\/wp-content\/uploads\/sites\/4\/2023\/10\/CXEuropacup2-1-300x220.jpeg 300w, https:\/\/scf.se\/cykelcross\/wp-content\/uploads\/sites\/4\/2023\/10\/CXEuropacup2-1-1024x751.jpeg 1024w, https:\/\/scf.se\/cykelcross\/wp-content\/uploads\/sites\/4\/2023\/10\/CXEuropacup2-1-768x563.jpeg 768w\" sizes=\"auto, (max-width: 1280px) 100vw, 1280px\" \/><\/a> <a href=\"https:\/\/scf.se\/cykelcross\/wp-content\/uploads\/sites\/4\/2023\/10\/CXEuropacup5-1.jpeg\"><img loading=\"lazy\" decoding=\"async\" class=\"alignnone size-full wp-image-1195\" src=\"https:\/\/scf.se\/cykelcross\/wp-content\/uploads\/sites\/4\/2023\/10\/CXEuropacup5-1.jpeg\" alt=\"\" width=\"1280\" height=\"842\" srcset=\"https:\/\/scf.se\/cykelcross\/wp-content\/uploads\/sites\/4\/2023\/10\/CXEuropacup5-1.jpeg 1280w, https:\/\/scf.se\/cykelcross\/wp-content\/uploads\/sites\/4\/2023\/10\/CXEuropacup5-1-300x197.jpeg 300w, https:\/\/scf.se\/cykelcross\/wp-content\/uploads\/sites\/4\/2023\/10\/CXEuropacup5-1-1024x674.jpeg 1024w, https:\/\/scf.se\/cykelcross\/wp-content\/uploads\/sites\/4\/2023\/10\/CXEuropacup5-1-768x505.jpeg 768w\" sizes=\"auto, (max-width: 1280px) 100vw, 1280px\" \/><\/a> <a href=\"https:\/\/scf.se\/cykelcross\/wp-content\/uploads\/sites\/4\/2023\/10\/CXEuropacup8-1.jpeg\"><img loading=\"lazy\" decoding=\"async\" class=\"alignnone size-full wp-image-1198\" src=\"https:\/\/scf.se\/cykelcross\/wp-content\/uploads\/sites\/4\/2023\/10\/CXEuropacup8-1.jpeg\" alt=\"\" width=\"1265\" height=\"1280\" srcset=\"https:\/\/scf.se\/cykelcross\/wp-content\/uploads\/sites\/4\/2023\/10\/CXEuropacup8-1.jpeg 1265w, https:\/\/scf.se\/cykelcross\/wp-content\/uploads\/sites\/4\/2023\/10\/CXEuropacup8-1-296x300.jpeg 296w, https:\/\/scf.se\/cykelcross\/wp-content\/uploads\/sites\/4\/2023\/10\/CXEuropacup8-1-1012x1024.jpeg 1012w, https:\/\/scf.se\/cykelcross\/wp-content\/uploads\/sites\/4\/2023\/10\/CXEuropacup8-1-768x777.jpeg 768w\" sizes=\"auto, (max-width: 1265px) 100vw, 1265px\" \/><\/a> <a href=\"https:\/\/scf.se\/cykelcross\/wp-content\/uploads\/sites\/4\/2023\/10\/CXEuropacup6-1.jpeg\"><img loading=\"lazy\" decoding=\"async\" class=\"alignnone size-full wp-image-1196\" src=\"https:\/\/scf.se\/cykelcross\/wp-content\/uploads\/sites\/4\/2023\/10\/CXEuropacup6-1.jpeg\" alt=\"\" width=\"1280\" height=\"933\" srcset=\"https:\/\/scf.se\/cykelcross\/wp-content\/uploads\/sites\/4\/2023\/10\/CXEuropacup6-1.jpeg 1280w, https:\/\/scf.se\/cykelcross\/wp-content\/uploads\/sites\/4\/2023\/10\/CXEuropacup6-1-300x219.jpeg 300w, https:\/\/scf.se\/cykelcross\/wp-content\/uploads\/sites\/4\/2023\/10\/CXEuropacup6-1-1024x746.jpeg 1024w, https:\/\/scf.se\/cykelcross\/wp-content\/uploads\/sites\/4\/2023\/10\/CXEuropacup6-1-768x560.jpeg 768w\" sizes=\"auto, (max-width: 1280px) 100vw, 1280px\" \/><\/a> <a href=\"https:\/\/scf.se\/cykelcross\/wp-content\/uploads\/sites\/4\/2023\/10\/CXEuropacup7-1.jpeg\"><img loading=\"lazy\" decoding=\"async\" class=\"alignnone size-full wp-image-1197\" src=\"https:\/\/scf.se\/cykelcross\/wp-content\/uploads\/sites\/4\/2023\/10\/CXEuropacup7-1.jpeg\" alt=\"\" width=\"1280\" height=\"828\" srcset=\"https:\/\/scf.se\/cykelcross\/wp-content\/uploads\/sites\/4\/2023\/10\/CXEuropacup7-1.jpeg 1280w, https:\/\/scf.se\/cykelcross\/wp-content\/uploads\/sites\/4\/2023\/10\/CXEuropacup7-1-300x194.jpeg 300w, https:\/\/scf.se\/cykelcross\/wp-content\/uploads\/sites\/4\/2023\/10\/CXEuropacup7-1-1024x662.jpeg 1024w, https:\/\/scf.se\/cykelcross\/wp-content\/uploads\/sites\/4\/2023\/10\/CXEuropacup7-1-768x497.jpeg 768w\" sizes=\"auto, (max-width: 1280px) 100vw, 1280px\" \/><\/a>\n<h3>Europacupen herrar U23<\/h3>\n<ul>\n<li>1 Daniel Weis Nielsen, Danmark, 51.44<\/li>\n<li>2 Kevin Andre Sandli Messel, Norge 51.53<\/li>\n<li>3 Nathan dos Reis Graca, Frankrike 52.11<\/li>\n<li>4 Filip M\u00e5rd, Bauhaus Sportklubb 53.05<\/li>\n<li>5 Ville Merl\u00f6v, \u00c5storps CK\u00a0 53.18 6<\/li>\n<li>7 Paul Greijus, Bauhaus Sportklubb 54:49<\/li>\n<li>9 Sebastian Pettersson, Finsp\u00e5ngs CA 55.41<\/li>\n<\/ul>\n<h3><a href=\"https:\/\/scf.se\/cykelcross\/wp-content\/uploads\/sites\/4\/2023\/10\/BildspelTel91.jpg\"><img loading=\"lazy\" decoding=\"async\" class=\"alignnone size-full wp-image-1206\" src=\"https:\/\/scf.se\/cykelcross\/wp-content\/uploads\/sites\/4\/2023\/10\/BildspelTel91.jpg\" alt=\"\" width=\"1931\" height=\"1511\" srcset=\"https:\/\/scf.se\/cykelcross\/wp-content\/uploads\/sites\/4\/2023\/10\/BildspelTel91.jpg 1931w, https:\/\/scf.se\/cykelcross\/wp-content\/uploads\/sites\/4\/2023\/10\/BildspelTel91-300x235.jpg 300w, https:\/\/scf.se\/cykelcross\/wp-content\/uploads\/sites\/4\/2023\/10\/BildspelTel91-1024x801.jpg 1024w, https:\/\/scf.se\/cykelcross\/wp-content\/uploads\/sites\/4\/2023\/10\/BildspelTel91-768x601.jpg 768w, https:\/\/scf.se\/cykelcross\/wp-content\/uploads\/sites\/4\/2023\/10\/BildspelTel91-1536x1202.jpg 1536w\" sizes=\"auto, (max-width: 1931px) 100vw, 1931px\" \/><\/a><\/h3>\n<h3>Europacupen damer U23<\/h3>\n<ul>\n<li>1 Febe de Smedt, Belgien 46.33<\/li>\n<li>2 Irma Johansson, CK Vansbro MTB 49.34<\/li>\n<li>DNF Alma Johansson, M\u00f6lndals CK<\/li>\n<\/ul>\n<a href=\"https:\/\/scf.se\/cykelcross\/wp-content\/uploads\/sites\/4\/2023\/10\/BildspelTel9.jpg\"><img loading=\"lazy\" decoding=\"async\" class=\"alignnone size-full wp-image-1207\" src=\"https:\/\/scf.se\/cykelcross\/wp-content\/uploads\/sites\/4\/2023\/10\/BildspelTel9.jpg\" alt=\"\" width=\"1886\" height=\"1466\" srcset=\"https:\/\/scf.se\/cykelcross\/wp-content\/uploads\/sites\/4\/2023\/10\/BildspelTel9.jpg 1886w, https:\/\/scf.se\/cykelcross\/wp-content\/uploads\/sites\/4\/2023\/10\/BildspelTel9-300x233.jpg 300w, https:\/\/scf.se\/cykelcross\/wp-content\/uploads\/sites\/4\/2023\/10\/BildspelTel9-1024x796.jpg 1024w, https:\/\/scf.se\/cykelcross\/wp-content\/uploads\/sites\/4\/2023\/10\/BildspelTel9-768x597.jpg 768w, https:\/\/scf.se\/cykelcross\/wp-content\/uploads\/sites\/4\/2023\/10\/BildspelTel9-1536x1194.jpg 1536w\" sizes=\"auto, (max-width: 1886px) 100vw, 1886px\" \/><\/a>\n<h3>Europacupen herrjunior<\/h3>\n<ul>\n<li>1 Vilmer Ekman, Biketown CC 41.21<\/li>\n<li>2Lars de Nys, Belgien 41.31<\/li>\n<li>3 Nicolai Andersen, Danmark 42.02<\/li>\n<li>4 Anton Karlsson, Enk\u00f6pings CK 42.14<\/li>\n<li>5 Dexter Kock, Tyres\u00f6 CK 42.22<\/li>\n<li>6 Nils Junker, Tyres\u00f6 CK 42.30<\/li>\n<li>7 William Schenstr\u00f6m, Saltsj\u00f6badens CK 43.22<\/li>\n<\/ul>\n<h3><a href=\"https:\/\/scf.se\/cykelcross\/wp-content\/uploads\/sites\/4\/2023\/10\/BildspelTel92.jpg\"><img loading=\"lazy\" decoding=\"async\" class=\"alignnone size-full wp-image-1205\" src=\"https:\/\/scf.se\/cykelcross\/wp-content\/uploads\/sites\/4\/2023\/10\/BildspelTel92.jpg\" alt=\"\" width=\"2015\" height=\"1455\" srcset=\"https:\/\/scf.se\/cykelcross\/wp-content\/uploads\/sites\/4\/2023\/10\/BildspelTel92.jpg 2015w, https:\/\/scf.se\/cykelcross\/wp-content\/uploads\/sites\/4\/2023\/10\/BildspelTel92-300x217.jpg 300w, https:\/\/scf.se\/cykelcross\/wp-content\/uploads\/sites\/4\/2023\/10\/BildspelTel92-1024x739.jpg 1024w, https:\/\/scf.se\/cykelcross\/wp-content\/uploads\/sites\/4\/2023\/10\/BildspelTel92-768x555.jpg 768w, https:\/\/scf.se\/cykelcross\/wp-content\/uploads\/sites\/4\/2023\/10\/BildspelTel92-1536x1109.jpg 1536w\" sizes=\"auto, (max-width: 2015px) 100vw, 2015px\" \/><\/a><\/h3>\n<h3>Europacupen damjunior<\/h3>\n<ul>\n<li>1 Elin \u00c5lsj\u00f6, CK Uni 47.36<\/li>\n<li>2 Viivi Tuprpeinen, Finland 48.30<\/li>\n<li>3 Thea Persson, FK Trampen 48.53<\/li>\n<li>4 Alice Johansson, CK Vansbro MTB 49.34<\/li>\n<li>7 Disa Molin, Falu CK 55.05<\/li>\n<\/ul>\n<h3>Europacupen herrar U17<\/h3>\n<ul>\n<li>1 Oliver Andersen, MTB T\u00e4by 44.05<\/li>\n<li>2 Mathias Melsom-Johansen, Norge 44.22<\/li>\n<li>3 Oscar Lorensson, Anderstorps OK 44.35<\/li>\n<li>4 Ludvig Berndt, \u00c5storps CK 45.32<\/li>\n<li>5 Vilhelm Andersen, MTB T\u00e4by 45.39<\/li>\n<li>6 Lukas Rask, FK Trampen 46.34<\/li>\n<\/ul>\n<h3>Europacupen damer U17<\/h3>\n<ul>\n<li>1 Linnea Nilsson, IK Trasten 39.44<\/li>\n<li>2 Loore Lemloch, Estland 40.28<\/li>\n<li>3 Elinore Nilsson, IK Trasten 40.54<\/li>\n<li>5 Nora Fransson, Falu CK 44.48<\/li>\n<\/ul>\n<p><a href=\"https:\/\/www.sportstiming.se\/event\/13040\/results\"><em><strong>Alla resultat fr\u00e5n s\u00f6ndagens <\/strong><\/em><em><strong>Europacup i U17, junior och U23 h\u00e4r!<\/strong><\/em><\/a><\/p>\n<p><a href=\"https:\/\/www.sportstiming.se\/event\/13242\/results\"><em><strong>Alla resultat fr\u00e5n s\u00f6ndagens SWE Cup i ungdoms- och mastersklasserna h\u00e4r!<\/strong><\/em><\/a><\/p>\n<h3>* * *<\/h3>\n<h2><a href=\"https:\/\/scf.se\/cykelcross\/wp-content\/uploads\/sites\/4\/2023\/10\/BildspelTel99.jpg\"><img loading=\"lazy\" decoding=\"async\" class=\"alignnone size-full wp-image-1216\" src=\"https:\/\/scf.se\/cykelcross\/wp-content\/uploads\/sites\/4\/2023\/10\/BildspelTel99.jpg\" alt=\"\" width=\"1022\" height=\"939\" srcset=\"https:\/\/scf.se\/cykelcross\/wp-content\/uploads\/sites\/4\/2023\/10\/BildspelTel99.jpg 1022w, https:\/\/scf.se\/cykelcross\/wp-content\/uploads\/sites\/4\/2023\/10\/BildspelTel99-300x276.jpg 300w, https:\/\/scf.se\/cykelcross\/wp-content\/uploads\/sites\/4\/2023\/10\/BildspelTel99-768x706.jpg 768w\" sizes=\"auto, (max-width: 1022px) 100vw, 1022px\" \/><\/a><\/h2>\n<h2>David Risberg och Alma Johansson vann seniorelitklasserna i SWE Cup p\u00e5 l\u00f6rdagen<\/h2>\n<p>Under l\u00f6rdagens SWE Cup #3 fortsatte David Risberg, som k\u00f6r f\u00f6r Evolite Cycling Club, att imponera. Tredje raka segern i herrar elit. Det var inget snack p\u00e5 T\u00e4by Park d\u00e4r startriktningen hade v\u00e4nts.<\/p>\n<div id=\"attachment_1142\" class=\"wp-caption alignnone\" ><a href=\"https:\/\/scf.se\/cykelcross\/wp-content\/uploads\/sites\/4\/2023\/09\/53208488324_a6e493dae5_k.jpg\"><img loading=\"lazy\" decoding=\"async\" class=\"size-full wp-image-1142\" src=\"https:\/\/scf.se\/cykelcross\/wp-content\/uploads\/sites\/4\/2023\/09\/53208488324_a6e493dae5_k.jpg\" alt=\"\" width=\"2000\" height=\"1333\" srcset=\"https:\/\/scf.se\/cykelcross\/wp-content\/uploads\/sites\/4\/2023\/09\/53208488324_a6e493dae5_k.jpg 2000w, https:\/\/scf.se\/cykelcross\/wp-content\/uploads\/sites\/4\/2023\/09\/53208488324_a6e493dae5_k-300x200.jpg 300w, https:\/\/scf.se\/cykelcross\/wp-content\/uploads\/sites\/4\/2023\/09\/53208488324_a6e493dae5_k-1024x682.jpg 1024w, https:\/\/scf.se\/cykelcross\/wp-content\/uploads\/sites\/4\/2023\/09\/53208488324_a6e493dae5_k-768x512.jpg 768w, https:\/\/scf.se\/cykelcross\/wp-content\/uploads\/sites\/4\/2023\/09\/53208488324_a6e493dae5_k-1536x1024.jpg 1536w\" sizes=\"auto, (max-width: 2000px) 100vw, 2000px\" \/><\/a><p class=\"wp-caption-text\"><em>David Risberg vann dubbla delt\u00e4vlingar i SWE Cup h\u00e4r i Varberg och segrade med klar marginal \u00e4ven under l\u00f6rdagen p\u00e5 T\u00e4by Park. Foto: H\u00e5kan Wassberg<\/em><\/p><\/div>\n<p>En intressant belgare till start men han fick se sig slagen \u00e4ven av i tur och ordning Bauhaus SK-duon Filip M\u00e5rd och Paul Greijus samt \u00c5storps Ville Merl\u00f6v i en j\u00e4mn kamp om andraplatsen i SWE Cup-loppet. Starkt k\u00f6rt av de b\u00e4gge sistn\u00e4mnda f\u00f6rsta\u00e5rsjuniorerna.<\/p>\n<p>I damer elit tog Alma Johansson sin andra raka SWE Cup-seger efter att liksom loppets tv\u00e5a, Emma Belforth, ha varit tvungen att bryta f\u00f6rsta delt\u00e4vlingen i Varberg,<\/p>\n<p>I damjunior segrade FK Trampens talang Thea Persson f\u00f6re Elin \u00c5lsj\u00f6 som \u00e4r vass i s\u00e5v\u00e4l MTB som landsv\u00e4g tempo. Bra klass p\u00e5 den duellen och finl\u00e4ndskan Vivi Turpeinen utmanade\u00a0 lite efter ett j\u00e4mnt lopp.<\/p>\n<p>Herrjuniorernas SWE Cup var en j\u00e4mn historia d\u00e4r Tyres\u00f6s Dexter Kock segrade f\u00f6re Enk\u00f6pingscyklisten Anton Karlsson.<\/p>\n<p>I D15\u201316 var det gl\u00e4djande nog deltagande fr\u00e5n Finland och Estland, men kampen om segern skulle st\u00e5 mellan systrarna Linnea och Elinore Nilsson. Den h\u00e4r g\u00e5ngen var det Linnea som segrade, med \u00f6ver minuten. Och i H15\u201316 imponerade Melvin P\u00e5lsson Gustafsson fr\u00e5n kommande SM-arrang\u00f6ren FK Trampen,<\/p>\n<p>Gustaf Schenstr\u00f6m fr\u00e5n Saltsj\u00f6badens CK och Alings\u00e5scyklisten Enya Uhl\u00e9n segrade i 13\u201314-klasserna.<\/p>\n<ul>\n<li><a href=\"https:\/\/www.sportstiming.se\/event\/13186\/results\"><em><strong>Alla resultat fr\u00e5n l\u00f6rdagens SWE Cup i T\u00e4by h\u00e4r!<\/strong><\/em><\/a><\/li>\n<li><a href=\"https:\/\/www.sportstiming.se\/event\/13186\/results\"><em><strong>Alla resultat fr\u00e5n l\u00f6rdagens Europacup i mastersklasserna i T\u00e4by h\u00e4r!\u00a0<\/strong><\/em><\/a><\/li>\n<li><a href=\"https:\/\/www.youtube.com\/live\/77BxhXur4Mo?feature=share\"><strong><em>Kolla p\u00e5 den utm\u00e4rkta livestreamingen i efterhand, h\u00e4r!<\/em><\/strong><\/a><\/li>\n<\/ul>\n<p><em>Text: Tomas Larsson\/SCF<br \/>\nFoto: Tomas Larsson alla bilder s\u00f6ndag, M\u00f6lndals CK och arkivbild H\u00e5kan Wassberg l\u00f6rdag<br \/>\n<\/em><\/p>\n<hr \/>\n<p><em><strong>Svenska Cykelf\u00f6rbundet \u00e4r stolta \u00f6ver att presentera v\u00e5ra samarbetspartners. Tack vare dessa fantastiska f\u00f6retag kan v\u00e5ra cyklister oftare ta sig l\u00e4ngre ut i v\u00e4rlden.<\/strong><\/em><\/p>\n<h2><a href=\"https:\/\/scf.se\/forbundet\/sponsorer\/\"><img loading=\"lazy\" decoding=\"async\" class=\"alignnone size-full wp-image-3872\" src=\"https:\/\/scf.se\/landsvag\/wp-content\/uploads\/sites\/5\/2023\/02\/LiggandeBannerNyheterHemsida2023.png\" alt=\"\" width=\"1200\" height=\"200\" \/><\/a><\/h2>\n","protected":false},"excerpt":{"rendered":"<p>Det blev svensk seger i b\u00e4gge juniorklasserna genom Vilmer Ekman och Elin \u00c5lsj\u00f6 n\u00e4r Europacupen avgjordes i T\u00e4by. S\u00e5v\u00e4l Filip M\u00e5rd som Ville Merl\u00f6v avslutade med stabila lopp i herrarnas U23-klass. Fina svenska insatser \u00e4ven i U17-klassen d\u00e4r Linnea Nilsson och Oliver Andersen segrade. Vi fick se ett vasst lopp av Elin \u00c5lsj\u00f6 n\u00e4r<a href=\"https:\/\/scf.se\/cykelcross\/bra-klass-pa-manga-lopp-nar-nya-europacupen-i-cx-kom-till-taby-park\/\" class=\"news-card__more\"> &#8230;<\/a><\/p>\n","protected":false},"author":41,"featured_media":1214,"comment_status":"open","ping_status":"open","sticky":false,"template":"","format":"standard","meta":{"_acf_changed":false,"footnotes":""},"categories":[1],"tags":[],"class_list":["post-1187","post","type-post","status-publish","format-standard","hentry","category-cykelcross"],"acf":[],"_links":{"self":[{"href":"https:\/\/scf.se\/cykelcross\/wp-json\/wp\/v2\/posts\/1187","targetHints":{"allow":["GET"]}}],"collection":[{"href":"https:\/\/scf.se\/cykelcross\/wp-json\/wp\/v2\/posts"}],"about":[{"href":"https:\/\/scf.se\/cykelcross\/wp-json\/wp\/v2\/types\/post"}],"author":[{"embeddable":true,"href":"https:\/\/scf.se\/cykelcross\/wp-json\/wp\/v2\/users\/41"}],"replies":[{"embeddable":true,"href":"https:\/\/scf.se\/cykelcross\/wp-json\/wp\/v2\/comments?post=1187"}],"version-history":[{"count":0,"href":"https:\/\/scf.se\/cykelcross\/wp-json\/wp\/v2\/posts\/1187\/revisions"}],"wp:featuredmedia":[{"embeddable":true,"href":"https:\/\/scf.se\/cykelcross\/wp-json\/wp\/v2\/media\/1214"}],"wp:attachment":[{"href":"https:\/\/scf.se\/cykelcross\/wp-json\/wp\/v2\/media?parent=1187"}],"wp:term":[{"taxonomy":"category","embeddable":true,"href":"https:\/\/scf.se\/cykelcross\/wp-json\/wp\/v2\/categories?post=1187"},{"taxonomy":"post_tag","embeddable":true,"href":"https:\/\/scf.se\/cykelcross\/wp-json\/wp\/v2\/tags?post=1187"}],"curies":[{"name":"wp","href":"https:\/\/api.w.org\/{rel}","templated":true}]}}