
{"id":1169,"date":"2023-10-05T16:22:10","date_gmt":"2023-10-05T14:22:10","guid":{"rendered":"http:\/\/scf.se\/cykelcross\/?p=1169"},"modified":"2023-10-06T10:29:06","modified_gmt":"2023-10-06T08:29:06","slug":"nya-europacupen-gor-en-anhalt-i-taby-under-fin-cx-helg","status":"publish","type":"post","link":"https:\/\/scf.se\/cykelcross\/nya-europacupen-gor-en-anhalt-i-taby-under-fin-cx-helg\/","title":{"rendered":"Nya Europacupen g\u00f6r en anhalt i T\u00e4by under fin CX-helg"},"content":{"rendered":"<p><strong>I helgen \u00e4r det dags f\u00f6r en ny satsning inom cykelcross f\u00f6r att f\u00e5 internationella instegst\u00e4vlingar i fler l\u00e4nder. I samband med Fristads Cyclocross Weekend i T\u00e4by avg\u00f6rs andra delt\u00e4vlingen av den i CX nya Europacupen. Under helgen k\u00f6rs \u00e4ven SWE Cup #3 och #4.<\/strong><\/p>\n<ul>\n<li><a href=\"https:\/\/www.youtube.com\/live\/77BxhXur4Mo?feature=share\"><em><strong>H\u00e4r \u00e4r l\u00e4nken till tv-s\u00e4ndningarna fr\u00e5n b\u00e4gge dagarna i T\u00e4by!<\/strong><\/em><\/a><\/li>\n<\/ul>\n<blockquote><p>&#8221;Vi har velat dra ig\u00e5ng tidigare men pandemi\u00e5ren har f\u00f6rsenat starten. Inom BMX har Europacupen varit framg\u00e5ngsrik till f\u00f6r att vara just en utvecklingscup. Skidskyttet har haft sin Europacup l\u00e4nge och d\u00e4r har det fungerat bra som ett insteg f\u00f6r \u00e5kare som inte riktigt platsar i den tuffa v\u00e4rldscupen. CX-sporten tittar lite \u00e5t skidskyttet. Det blir ett intressant test\u00e5r&#8221;, s\u00e4ger t\u00e4vlingsledaren Hans M\u00e5rd.<\/p><\/blockquote>\n<a href=\"https:\/\/scf.se\/cykelcross\/wp-content\/uploads\/sites\/4\/2022\/10\/VilleLOP2.jpg\"><img loading=\"lazy\" decoding=\"async\" class=\"alignnone size-full wp-image-724\" src=\"https:\/\/scf.se\/cykelcross\/wp-content\/uploads\/sites\/4\/2022\/10\/VilleLOP2.jpg\" alt=\"\" width=\"2016\" height=\"1512\" srcset=\"https:\/\/scf.se\/cykelcross\/wp-content\/uploads\/sites\/4\/2022\/10\/VilleLOP2.jpg 2016w, https:\/\/scf.se\/cykelcross\/wp-content\/uploads\/sites\/4\/2022\/10\/VilleLOP2-300x225.jpg 300w, https:\/\/scf.se\/cykelcross\/wp-content\/uploads\/sites\/4\/2022\/10\/VilleLOP2-1024x768.jpg 1024w, https:\/\/scf.se\/cykelcross\/wp-content\/uploads\/sites\/4\/2022\/10\/VilleLOP2-768x576.jpg 768w, https:\/\/scf.se\/cykelcross\/wp-content\/uploads\/sites\/4\/2022\/10\/VilleLOP2-1536x1152.jpg 1536w\" sizes=\"auto, (max-width: 2016px) 100vw, 2016px\" \/><\/a>\n<p>I skrivande stund, ett drygt dygn innan efteranm\u00e4lan g\u00e5r ut p\u00e5 fredagskv\u00e4llen var det runt 100 anm\u00e4lda till s\u00f6ndagens t\u00e4vlingar d\u00e4r det \u00e4r Europacup i U17-, junior- och U23-klassen. Under l\u00f6rdagen \u00e4r det Europacup i mastersklasserna.<\/p>\n<blockquote><p>&#8221;Vi visste att ett par heta helger i gravel skulle p\u00e5verka antalet deltagare fr\u00e5n l\u00e4nder som Belgien. Vi hade hoppats mera p\u00e5 v\u00e5ra nordiska grannl\u00e4nder &#8211; plus Estland. Nu ser det \u00e4nd\u00e5 ut som att vi f\u00e5r fina Europacupt\u00e4vlingar i U23 herr och b\u00e4gge juniorklasserna. Det \u00e4r lite tunt i U23 dam men det \u00e4r inl\u00e4mnat en dispens att k\u00f6ra ihop en start med damjunior och U23&#8221;, f\u00f6rklarar Hans M\u00e5rd.<\/p><\/blockquote>\n<div id=\"attachment_1145\" class=\"wp-caption alignnone\" ><a href=\"https:\/\/scf.se\/cykelcross\/wp-content\/uploads\/sites\/4\/2023\/09\/53209580012_cdf58efdb3_k.jpg\"><img loading=\"lazy\" decoding=\"async\" class=\"size-full wp-image-1145\" src=\"https:\/\/scf.se\/cykelcross\/wp-content\/uploads\/sites\/4\/2023\/09\/53209580012_cdf58efdb3_k.jpg\" alt=\"\" width=\"2000\" height=\"1333\" srcset=\"https:\/\/scf.se\/cykelcross\/wp-content\/uploads\/sites\/4\/2023\/09\/53209580012_cdf58efdb3_k.jpg 2000w, https:\/\/scf.se\/cykelcross\/wp-content\/uploads\/sites\/4\/2023\/09\/53209580012_cdf58efdb3_k-300x200.jpg 300w, https:\/\/scf.se\/cykelcross\/wp-content\/uploads\/sites\/4\/2023\/09\/53209580012_cdf58efdb3_k-1024x682.jpg 1024w, https:\/\/scf.se\/cykelcross\/wp-content\/uploads\/sites\/4\/2023\/09\/53209580012_cdf58efdb3_k-768x512.jpg 768w, https:\/\/scf.se\/cykelcross\/wp-content\/uploads\/sites\/4\/2023\/09\/53209580012_cdf58efdb3_k-1536x1024.jpg 1536w\" sizes=\"auto, (max-width: 2000px) 100vw, 2000px\" \/><\/a><p class=\"wp-caption-text\"><em>Alma Johansson kommer till start i U23-klassen.<\/em><\/p><\/div>\n<blockquote><p>&#8221;Det blir ocks\u00e5 l\u00e5ngt att \u00e5ka till Sverige och jaga UCI-po\u00e4ng bara under en dag f\u00f6r de mera l\u00e5ngv\u00e4ga. Det \u00e4r nog n\u00e5got att \u00e4ndra p\u00e5&#8221;, s\u00e4ger Hans M\u00e5rd &#8211; d\u00e4r det ocks\u00e5 ska noteras att BMX har separata Europacupt\u00e4vlingar l\u00f6rdag och s\u00f6ndag.<\/p><\/blockquote>\n<p>I Europacupen ing\u00e5r \u00e4ven U17-klasserna d\u00e4r Sverige har ett par vassa namn.<\/p>\n<p>I herrarnas U23 kan man exempelvis r\u00e4kna upp runt \u00e5tta cyklister som alla p\u00e5 papperet kan sl\u00e5ss om en seger. Danske JEM-medalj\u00f6ren Daniel Weis Nielsen (\u00f6versta bilden) hade det tufft i T\u00e4by f\u00f6rra \u00e5ret d\u00e5 Paul Greijus gl\u00e4nste med dubbla segrar i juniorklassen p\u00e5 T\u00e4by Park. Nu m\u00f6ts de igen, i U23-klassen. Intressanta starter.<\/p>\n<p>Europacupen \u00e4r just en utvecklingst\u00e4vling och d\u00e4rmed k\u00f6r senioreliten SWE Cup i dagarna tv\u00e5 under Fristads Cyclocross Weekend i T\u00e4by.<\/p>\n<p><strong>Ser banan ut som f\u00f6rra \u00e5ret?<\/strong><\/p>\n<blockquote><p>&#8221;Nej, det \u00e4r faktiskt s\u00e5 att vi kom p\u00e5 att det blir b\u00e4ttre att v\u00e4nda \u00e5kriktning i starten. Lite anpassat f\u00f6r v\u00e5r tv-s\u00e4ndning ocks\u00e5; enklare att f\u00e5 till och s\u00e5 blir det b\u00e4ttre tv. Och faktiskt en b\u00e4ttre bana. Ibland \u00e4r det bra att t\u00e4nka lite utanf\u00f6r boxen&#8221; s\u00e4ger Hans M\u00e5rd.<\/p><\/blockquote>\n<a href=\"https:\/\/scf.se\/cykelcross\/wp-content\/uploads\/sites\/4\/2023\/09\/53208106146_31bc2de035_k.jpg\"><img loading=\"lazy\" decoding=\"async\" class=\"alignnone size-full wp-image-1139\" src=\"https:\/\/scf.se\/cykelcross\/wp-content\/uploads\/sites\/4\/2023\/09\/53208106146_31bc2de035_k.jpg\" alt=\"\" width=\"2000\" height=\"1333\" srcset=\"https:\/\/scf.se\/cykelcross\/wp-content\/uploads\/sites\/4\/2023\/09\/53208106146_31bc2de035_k.jpg 2000w, https:\/\/scf.se\/cykelcross\/wp-content\/uploads\/sites\/4\/2023\/09\/53208106146_31bc2de035_k-300x200.jpg 300w, https:\/\/scf.se\/cykelcross\/wp-content\/uploads\/sites\/4\/2023\/09\/53208106146_31bc2de035_k-1024x682.jpg 1024w, https:\/\/scf.se\/cykelcross\/wp-content\/uploads\/sites\/4\/2023\/09\/53208106146_31bc2de035_k-768x512.jpg 768w, https:\/\/scf.se\/cykelcross\/wp-content\/uploads\/sites\/4\/2023\/09\/53208106146_31bc2de035_k-1536x1024.jpg 1536w\" sizes=\"auto, (max-width: 2000px) 100vw, 2000px\" \/><\/a>\n<p>Hans M\u00e5rd dessutom sportsligt ansvarig i Bauhaus nya CX-team d\u00e4r just Paul Greijus och \u00e4ven Filip M\u00e5rd har anslutit. Ett piggt inslag som g\u00f6r att cyklisterna kan skr\u00e4ddarsy sitt t\u00e4vlande d\u00e4r resorna t\u00e4r en del i l\u00e4ngden.<\/p>\n<a href=\"https:\/\/scf.se\/cykelcross\/wp-content\/uploads\/sites\/4\/2023\/09\/Bauhaus1.jpg\"><img loading=\"lazy\" decoding=\"async\" class=\"alignnone size-full wp-image-1119\" src=\"https:\/\/scf.se\/cykelcross\/wp-content\/uploads\/sites\/4\/2023\/09\/Bauhaus1.jpg\" alt=\"\" width=\"1440\" height=\"1188\" srcset=\"https:\/\/scf.se\/cykelcross\/wp-content\/uploads\/sites\/4\/2023\/09\/Bauhaus1.jpg 1440w, https:\/\/scf.se\/cykelcross\/wp-content\/uploads\/sites\/4\/2023\/09\/Bauhaus1-300x248.jpg 300w, https:\/\/scf.se\/cykelcross\/wp-content\/uploads\/sites\/4\/2023\/09\/Bauhaus1-1024x845.jpg 1024w, https:\/\/scf.se\/cykelcross\/wp-content\/uploads\/sites\/4\/2023\/09\/Bauhaus1-768x634.jpg 768w\" sizes=\"auto, (max-width: 1440px) 100vw, 1440px\" \/><\/a>\n<blockquote><p>&#8221;Teamet har ju funnits tidigare men i \u00e5r \u00e4r det en mer riktad satsning mot ett CX-team som fokuserar p\u00e5 U23. Det blir mycket t\u00e4vlande nere i Europa, f\u00f6rsta sista helgen i oktober drar vi till Danmark \u2013 sedan rullar p\u00e5 med t\u00e4vlingar hela vintern.&#8221;<\/p><\/blockquote>\n<p>Men f\u00f6rst Europacup p\u00e5 hemmaplan samt delt\u00e4vling tre och fyra i SWE Cup.<\/p>\n<ul>\n<li><a href=\"https:\/\/www.sportstiming.se\/event\/13040\/participants\"><em><strong>Det g\u00e5r bra att efteranm\u00e4la sig \u00e4nda fram till fredag kl 23.59.<\/strong><\/em><\/a><\/li>\n<li><a href=\"https:\/\/www.youtube.com\/live\/77BxhXur4Mo?feature=share\"><em><strong>H\u00e4r \u00e4r l\u00e4nken till tv-s\u00e4ndningarna fr\u00e5n b\u00e4gge dagarna i T\u00e4by!<\/strong><\/em><\/a><\/li>\n<\/ul>\n<p><em>Text: Tomas Larsson\/SCF<\/em><br \/>\nFoto: <em>H\u00e5kan Wassberg och Tomas Larsson<\/em><\/p>\n<hr \/>\n<p><em><strong>Svenska Cykelf\u00f6rbundet \u00e4r stolta \u00f6ver att presentera v\u00e5ra samarbetspartners. Tack vare dessa fantastiska f\u00f6retag kan v\u00e5ra cyklister oftare ta sig l\u00e4ngre ut i v\u00e4rlden.<\/strong><\/em><\/p>\n<h2><a href=\"https:\/\/scf.se\/forbundet\/sponsorer\/\"><img loading=\"lazy\" decoding=\"async\" class=\"alignnone size-full wp-image-3872\" src=\"https:\/\/scf.se\/landsvag\/wp-content\/uploads\/sites\/5\/2023\/02\/LiggandeBannerNyheterHemsida2023.png\" alt=\"\" width=\"1200\" height=\"200\" \/><\/a><\/h2>\n<p>&nbsp;<\/p>\n","protected":false},"excerpt":{"rendered":"<p>I helgen \u00e4r det dags f\u00f6r en ny satsning inom cykelcross f\u00f6r att f\u00e5 internationella instegst\u00e4vlingar i fler l\u00e4nder. I samband med Fristads Cyclocross Weekend i T\u00e4by avg\u00f6rs andra delt\u00e4vlingen av den i CX nya Europacupen. Under helgen k\u00f6rs \u00e4ven SWE Cup #3 och #4. H\u00e4r \u00e4r l\u00e4nken till tv-s\u00e4ndningarna fr\u00e5n b\u00e4gge dagarna i<a href=\"https:\/\/scf.se\/cykelcross\/nya-europacupen-gor-en-anhalt-i-taby-under-fin-cx-helg\/\" class=\"news-card__more\"> &#8230;<\/a><\/p>\n","protected":false},"author":41,"featured_media":1177,"comment_status":"open","ping_status":"open","sticky":false,"template":"","format":"standard","meta":{"_acf_changed":false,"footnotes":""},"categories":[1],"tags":[],"class_list":["post-1169","post","type-post","status-publish","format-standard","hentry","category-cykelcross"],"acf":[],"_links":{"self":[{"href":"https:\/\/scf.se\/cykelcross\/wp-json\/wp\/v2\/posts\/1169","targetHints":{"allow":["GET"]}}],"collection":[{"href":"https:\/\/scf.se\/cykelcross\/wp-json\/wp\/v2\/posts"}],"about":[{"href":"https:\/\/scf.se\/cykelcross\/wp-json\/wp\/v2\/types\/post"}],"author":[{"embeddable":true,"href":"https:\/\/scf.se\/cykelcross\/wp-json\/wp\/v2\/users\/41"}],"replies":[{"embeddable":true,"href":"https:\/\/scf.se\/cykelcross\/wp-json\/wp\/v2\/comments?post=1169"}],"version-history":[{"count":0,"href":"https:\/\/scf.se\/cykelcross\/wp-json\/wp\/v2\/posts\/1169\/revisions"}],"wp:featuredmedia":[{"embeddable":true,"href":"https:\/\/scf.se\/cykelcross\/wp-json\/wp\/v2\/media\/1177"}],"wp:attachment":[{"href":"https:\/\/scf.se\/cykelcross\/wp-json\/wp\/v2\/media?parent=1169"}],"wp:term":[{"taxonomy":"category","embeddable":true,"href":"https:\/\/scf.se\/cykelcross\/wp-json\/wp\/v2\/categories?post=1169"},{"taxonomy":"post_tag","embeddable":true,"href":"https:\/\/scf.se\/cykelcross\/wp-json\/wp\/v2\/tags?post=1169"}],"curies":[{"name":"wp","href":"https:\/\/api.w.org\/{rel}","templated":true}]}}