
{"id":1128,"date":"2023-09-26T10:22:35","date_gmt":"2023-09-26T08:22:35","guid":{"rendered":"http:\/\/scf.se\/cykelcross\/?p=1128"},"modified":"2023-09-26T13:50:19","modified_gmt":"2023-09-26T11:50:19","slug":"risberg-vann-bada-dagarna-nar-swe-cup-i-cx-rivstartade-i-varberg","status":"publish","type":"post","link":"https:\/\/scf.se\/cykelcross\/risberg-vann-bada-dagarna-nar-swe-cup-i-cx-rivstartade-i-varberg\/","title":{"rendered":"Risberg vann UCI-loppet och dubbla SWE Cup p\u00e5 CX-premi\u00e4ren i Varberg"},"content":{"rendered":"<p><strong>David Risberg blixtrade till ett par g\u00e5nger under f\u00f6rra s\u00e4songen i cykelcross. N\u00e4r \u00e5rets SWE Cup startade med tv\u00e5 delt\u00e4vlingar p\u00e5 Varbergs vackra bana vann han b\u00e5da\u2013 d\u00e4r l\u00f6rdagen seger var ett styrkebesked d\u00e5 det var UCI-status och flera vassa utl\u00e4ndska cyklister p\u00e5 plats. BRA t\u00e4vlingar med n\u00e4stan 150 startande p\u00e5 l\u00f6rdagen och fina internationella erfarenheter f\u00f6r de svenska cyklisterna.<\/strong><\/p>\n<div id=\"attachment_1141\" class=\"wp-caption alignnone\" ><a href=\"https:\/\/scf.se\/cykelcross\/wp-content\/uploads\/sites\/4\/2023\/09\/53208107401_6a807cdbbd_k-1.jpg\"><img loading=\"lazy\" decoding=\"async\" class=\"size-full wp-image-1141\" src=\"https:\/\/scf.se\/cykelcross\/wp-content\/uploads\/sites\/4\/2023\/09\/53208107401_6a807cdbbd_k-1.jpg\" alt=\"\" width=\"2000\" height=\"1332\" srcset=\"https:\/\/scf.se\/cykelcross\/wp-content\/uploads\/sites\/4\/2023\/09\/53208107401_6a807cdbbd_k-1.jpg 2000w, https:\/\/scf.se\/cykelcross\/wp-content\/uploads\/sites\/4\/2023\/09\/53208107401_6a807cdbbd_k-1-300x200.jpg 300w, https:\/\/scf.se\/cykelcross\/wp-content\/uploads\/sites\/4\/2023\/09\/53208107401_6a807cdbbd_k-1-1024x682.jpg 1024w, https:\/\/scf.se\/cykelcross\/wp-content\/uploads\/sites\/4\/2023\/09\/53208107401_6a807cdbbd_k-1-768x511.jpg 768w, https:\/\/scf.se\/cykelcross\/wp-content\/uploads\/sites\/4\/2023\/09\/53208107401_6a807cdbbd_k-1-1536x1023.jpg 1536w\" sizes=\"auto, (max-width: 2000px) 100vw, 2000px\" \/><\/a><p class=\"wp-caption-text\"><em>David Eriksson har David Risbergs rulle tidigt i l\u00f6rdagsloppet.\u00a0 Foto: H\u00e5kan Wassberg (alla bilder)<\/em><\/p><\/div>\n<a href=\"https:\/\/scf.se\/cykelcross\/wp-content\/uploads\/sites\/4\/2023\/09\/53208613640_3cce5cfc2d_k-1.jpg\"><img loading=\"lazy\" decoding=\"async\" class=\"alignnone size-full wp-image-1144\" src=\"https:\/\/scf.se\/cykelcross\/wp-content\/uploads\/sites\/4\/2023\/09\/53208613640_3cce5cfc2d_k-1.jpg\" alt=\"\" width=\"1437\" height=\"1287\" srcset=\"https:\/\/scf.se\/cykelcross\/wp-content\/uploads\/sites\/4\/2023\/09\/53208613640_3cce5cfc2d_k-1.jpg 1437w, https:\/\/scf.se\/cykelcross\/wp-content\/uploads\/sites\/4\/2023\/09\/53208613640_3cce5cfc2d_k-1-300x269.jpg 300w, https:\/\/scf.se\/cykelcross\/wp-content\/uploads\/sites\/4\/2023\/09\/53208613640_3cce5cfc2d_k-1-1024x917.jpg 1024w, https:\/\/scf.se\/cykelcross\/wp-content\/uploads\/sites\/4\/2023\/09\/53208613640_3cce5cfc2d_k-1-768x688.jpg 768w\" sizes=\"auto, (max-width: 1437px) 100vw, 1437px\" \/><\/a>\n<p>Regerande svenska m\u00e4staren David Risberg visade str\u00e5lande CX-form direkt i Varberg. Han vann herrelitens uppg\u00f6relse. Risberg var till sist sex sekunder f\u00f6re danske JEM-tv\u00e5an Daniel Weis Nielsen och svenska U23-landslagscyklisten Filip M\u00e5rd som fr\u00e5n i \u00e5r ing\u00e5r i Bauhaus Sportklubbs intressanta CX-satsning.<\/p>\n<a href=\"https:\/\/scf.se\/cykelcross\/wp-content\/uploads\/sites\/4\/2023\/09\/53208106146_31bc2de035_k.jpg\"><img loading=\"lazy\" decoding=\"async\" class=\"alignnone size-full wp-image-1139\" src=\"https:\/\/scf.se\/cykelcross\/wp-content\/uploads\/sites\/4\/2023\/09\/53208106146_31bc2de035_k.jpg\" alt=\"\" width=\"2000\" height=\"1333\" srcset=\"https:\/\/scf.se\/cykelcross\/wp-content\/uploads\/sites\/4\/2023\/09\/53208106146_31bc2de035_k.jpg 2000w, https:\/\/scf.se\/cykelcross\/wp-content\/uploads\/sites\/4\/2023\/09\/53208106146_31bc2de035_k-300x200.jpg 300w, https:\/\/scf.se\/cykelcross\/wp-content\/uploads\/sites\/4\/2023\/09\/53208106146_31bc2de035_k-1024x682.jpg 1024w, https:\/\/scf.se\/cykelcross\/wp-content\/uploads\/sites\/4\/2023\/09\/53208106146_31bc2de035_k-768x512.jpg 768w, https:\/\/scf.se\/cykelcross\/wp-content\/uploads\/sites\/4\/2023\/09\/53208106146_31bc2de035_k-1536x1024.jpg 1536w\" sizes=\"auto, (max-width: 2000px) 100vw, 2000px\" \/><\/a>\n<p>Anna Eriksmo var b\u00e4sta svenska dam p\u00e5 l\u00f6rdagen \u2013 just f\u00f6re Agnes Abrahamsson som ocks\u00e5 var tv\u00e5a av alla U23:or i startf\u00e4ltet.<\/p>\n<a href=\"https:\/\/scf.se\/cykelcross\/wp-content\/uploads\/sites\/4\/2023\/09\/53208107626_22dfcf17b6_k.jpg\"><img loading=\"lazy\" decoding=\"async\" class=\"alignnone size-full wp-image-1135\" src=\"https:\/\/scf.se\/cykelcross\/wp-content\/uploads\/sites\/4\/2023\/09\/53208107626_22dfcf17b6_k.jpg\" alt=\"\" width=\"2000\" height=\"1333\" srcset=\"https:\/\/scf.se\/cykelcross\/wp-content\/uploads\/sites\/4\/2023\/09\/53208107626_22dfcf17b6_k.jpg 2000w, https:\/\/scf.se\/cykelcross\/wp-content\/uploads\/sites\/4\/2023\/09\/53208107626_22dfcf17b6_k-300x200.jpg 300w, https:\/\/scf.se\/cykelcross\/wp-content\/uploads\/sites\/4\/2023\/09\/53208107626_22dfcf17b6_k-1024x682.jpg 1024w, https:\/\/scf.se\/cykelcross\/wp-content\/uploads\/sites\/4\/2023\/09\/53208107626_22dfcf17b6_k-768x512.jpg 768w, https:\/\/scf.se\/cykelcross\/wp-content\/uploads\/sites\/4\/2023\/09\/53208107626_22dfcf17b6_k-1536x1024.jpg 1536w\" sizes=\"auto, (max-width: 2000px) 100vw, 2000px\" \/><\/a>\n<a href=\"https:\/\/scf.se\/cykelcross\/wp-content\/uploads\/sites\/4\/2023\/09\/53207226742_905a90e8ee_k.jpg\"><img loading=\"lazy\" decoding=\"async\" class=\"alignnone size-full wp-image-1136\" src=\"https:\/\/scf.se\/cykelcross\/wp-content\/uploads\/sites\/4\/2023\/09\/53207226742_905a90e8ee_k.jpg\" alt=\"\" width=\"2000\" height=\"1333\" srcset=\"https:\/\/scf.se\/cykelcross\/wp-content\/uploads\/sites\/4\/2023\/09\/53207226742_905a90e8ee_k.jpg 2000w, https:\/\/scf.se\/cykelcross\/wp-content\/uploads\/sites\/4\/2023\/09\/53207226742_905a90e8ee_k-300x200.jpg 300w, https:\/\/scf.se\/cykelcross\/wp-content\/uploads\/sites\/4\/2023\/09\/53207226742_905a90e8ee_k-1024x682.jpg 1024w, https:\/\/scf.se\/cykelcross\/wp-content\/uploads\/sites\/4\/2023\/09\/53207226742_905a90e8ee_k-768x512.jpg 768w, https:\/\/scf.se\/cykelcross\/wp-content\/uploads\/sites\/4\/2023\/09\/53207226742_905a90e8ee_k-1536x1024.jpg 1536w\" sizes=\"auto, (max-width: 2000px) 100vw, 2000px\" \/><\/a>\n<p>Herrjuniorerna fick k\u00e4nna p\u00e5 vasst tyskt och danskt motst\u00e5nd. Vilmer Ekman, som har dominerat i H15-16 de senaste tv\u00e5 \u00e5ren, var med marginal b\u00e4sta svensk. Bra lopp \u00e4ven av Anton Karlsson och Dexter Kock.<\/p>\n<a href=\"https:\/\/scf.se\/cykelcross\/wp-content\/uploads\/sites\/4\/2023\/09\/53208488634_5fbddcf09d_k.jpg\"><img loading=\"lazy\" decoding=\"async\" class=\"alignnone size-full wp-image-1131\" src=\"https:\/\/scf.se\/cykelcross\/wp-content\/uploads\/sites\/4\/2023\/09\/53208488634_5fbddcf09d_k.jpg\" alt=\"\" width=\"2000\" height=\"1333\" srcset=\"https:\/\/scf.se\/cykelcross\/wp-content\/uploads\/sites\/4\/2023\/09\/53208488634_5fbddcf09d_k.jpg 2000w, https:\/\/scf.se\/cykelcross\/wp-content\/uploads\/sites\/4\/2023\/09\/53208488634_5fbddcf09d_k-300x200.jpg 300w, https:\/\/scf.se\/cykelcross\/wp-content\/uploads\/sites\/4\/2023\/09\/53208488634_5fbddcf09d_k-1024x682.jpg 1024w, https:\/\/scf.se\/cykelcross\/wp-content\/uploads\/sites\/4\/2023\/09\/53208488634_5fbddcf09d_k-768x512.jpg 768w, https:\/\/scf.se\/cykelcross\/wp-content\/uploads\/sites\/4\/2023\/09\/53208488634_5fbddcf09d_k-1536x1024.jpg 1536w\" sizes=\"auto, (max-width: 2000px) 100vw, 2000px\" \/><\/a>\n<p>Thea Persson k\u00f6rde s\u00e5 fint i Varberg f\u00f6rra \u00e5ret och var bra med i damjuniornas UCI C2.<\/p>\n<h2>L\u00f6rdagens UCI C2 och SWE Cup #1<\/h2>\n<h3><a href=\"https:\/\/scf.se\/cykelcross\/wp-content\/uploads\/sites\/4\/2023\/09\/IMG-6570.jpg\"><img loading=\"lazy\" decoding=\"async\" class=\"alignnone size-full wp-image-1157\" src=\"https:\/\/scf.se\/cykelcross\/wp-content\/uploads\/sites\/4\/2023\/09\/IMG-6570.jpg\" alt=\"\" width=\"2048\" height=\"2048\" srcset=\"https:\/\/scf.se\/cykelcross\/wp-content\/uploads\/sites\/4\/2023\/09\/IMG-6570.jpg 2048w, https:\/\/scf.se\/cykelcross\/wp-content\/uploads\/sites\/4\/2023\/09\/IMG-6570-300x300.jpg 300w, https:\/\/scf.se\/cykelcross\/wp-content\/uploads\/sites\/4\/2023\/09\/IMG-6570-1024x1024.jpg 1024w, https:\/\/scf.se\/cykelcross\/wp-content\/uploads\/sites\/4\/2023\/09\/IMG-6570-150x150.jpg 150w, https:\/\/scf.se\/cykelcross\/wp-content\/uploads\/sites\/4\/2023\/09\/IMG-6570-768x768.jpg 768w, https:\/\/scf.se\/cykelcross\/wp-content\/uploads\/sites\/4\/2023\/09\/IMG-6570-1536x1536.jpg 1536w\" sizes=\"auto, (max-width: 2048px) 100vw, 2048px\" \/><\/a><\/h3>\n<h3>Herrelit<\/h3>\n<ul>\n<li>1<strong> David Risberg<\/strong>, Evolite Cycling Club 1.00.38<\/li>\n<li>2 <strong>Daniel Weis Nielsen<\/strong>, Danmark 1.00.44<\/li>\n<li>3 <strong>Filip M\u00e5rd<\/strong>, Bauhaus Sportklubb 1.01.25<\/li>\n<li>5<strong> David Eriksson<\/strong>, M\u00f6lndals CK 1.02.07<\/li>\n<li>8<strong> Henrik Jansson<\/strong>, Bauhaus Sportklubb 1.04.15<\/li>\n<li>9 <strong>Louis Monville<\/strong>, CK Master 1.04.50<\/li>\n<li>10 <strong>Sebastian Pettersson<\/strong>, Finsp\u00e5ngs CA 1.06.00<\/li>\n<\/ul>\n<h3><a href=\"https:\/\/scf.se\/cykelcross\/wp-content\/uploads\/sites\/4\/2023\/09\/IMG-6541-1.jpg\"><img loading=\"lazy\" decoding=\"async\" class=\"alignnone size-full wp-image-1160\" src=\"https:\/\/scf.se\/cykelcross\/wp-content\/uploads\/sites\/4\/2023\/09\/IMG-6541-1.jpg\" alt=\"\" width=\"2100\" height=\"2064\" srcset=\"https:\/\/scf.se\/cykelcross\/wp-content\/uploads\/sites\/4\/2023\/09\/IMG-6541-1.jpg 2100w, https:\/\/scf.se\/cykelcross\/wp-content\/uploads\/sites\/4\/2023\/09\/IMG-6541-1-300x295.jpg 300w, https:\/\/scf.se\/cykelcross\/wp-content\/uploads\/sites\/4\/2023\/09\/IMG-6541-1-1024x1006.jpg 1024w, https:\/\/scf.se\/cykelcross\/wp-content\/uploads\/sites\/4\/2023\/09\/IMG-6541-1-768x755.jpg 768w, https:\/\/scf.se\/cykelcross\/wp-content\/uploads\/sites\/4\/2023\/09\/IMG-6541-1-1536x1510.jpg 1536w, https:\/\/scf.se\/cykelcross\/wp-content\/uploads\/sites\/4\/2023\/09\/IMG-6541-1-2048x2013.jpg 2048w\" sizes=\"auto, (max-width: 2100px) 100vw, 2100px\" \/><\/a><\/h3>\n<h3>Damelit<\/h3>\n<ul>\n<li>1 <strong>Alicia Franck<\/strong>, Belgien 52.10<\/li>\n<li>2<strong> Febe de Smedt<\/strong>, Belgien 53.16<\/li>\n<li>3 <strong>Ann-Dorthe Lisbyg<\/strong>d, Danmark 53.27<\/li>\n<li>8<strong> Anna Eriksmo,<\/strong> Beijer Coaching CK 58.34<\/li>\n<li>9 <strong>Agnes Abrahamsson<\/strong>, CK Master 59.05<\/li>\n<li>10 <strong>Anna Persson<\/strong>, Staffanstorp CK 1.00.20<\/li>\n<\/ul>\n<h3><a href=\"https:\/\/scf.se\/cykelcross\/wp-content\/uploads\/sites\/4\/2023\/09\/IMG-6523-scaled.jpg\"><img loading=\"lazy\" decoding=\"async\" class=\"alignnone size-full wp-image-1159\" src=\"https:\/\/scf.se\/cykelcross\/wp-content\/uploads\/sites\/4\/2023\/09\/IMG-6523-scaled.jpg\" alt=\"\" width=\"2560\" height=\"1920\" srcset=\"https:\/\/scf.se\/cykelcross\/wp-content\/uploads\/sites\/4\/2023\/09\/IMG-6523-scaled.jpg 2560w, https:\/\/scf.se\/cykelcross\/wp-content\/uploads\/sites\/4\/2023\/09\/IMG-6523-300x225.jpg 300w, https:\/\/scf.se\/cykelcross\/wp-content\/uploads\/sites\/4\/2023\/09\/IMG-6523-1024x768.jpg 1024w, https:\/\/scf.se\/cykelcross\/wp-content\/uploads\/sites\/4\/2023\/09\/IMG-6523-768x576.jpg 768w, https:\/\/scf.se\/cykelcross\/wp-content\/uploads\/sites\/4\/2023\/09\/IMG-6523-1536x1152.jpg 1536w, https:\/\/scf.se\/cykelcross\/wp-content\/uploads\/sites\/4\/2023\/09\/IMG-6523-2048x1536.jpg 2048w\" sizes=\"auto, (max-width: 2560px) 100vw, 2560px\" \/><\/a><\/h3>\n<h3>Herrjunior<\/h3>\n<ul>\n<li>1 <strong>Max Heiner Oertzen<\/strong>, Tyskland 38.42<\/li>\n<li>2<strong> Hugo Rish\u00f6j,<\/strong> Danmark 39.03<\/li>\n<li>3 <strong>Nikolai Andersen<\/strong>, Danmark 39.03<\/li>\n<li>5<strong> Vilmer Ekman,<\/strong> Biketown Cycling Club 39.59<\/li>\n<li>11<strong>\u00a0Anton Karlsson<\/strong>, Enk\u00f6pings CK 42.09<\/li>\n<li>12 <strong>Dexter Kock<\/strong>, Tyres\u00f6 CK 42.12<\/li>\n<\/ul>\n<h3><a href=\"https:\/\/scf.se\/cykelcross\/wp-content\/uploads\/sites\/4\/2023\/09\/IMG-6572.jpg\"><img loading=\"lazy\" decoding=\"async\" class=\"alignnone size-full wp-image-1156\" src=\"https:\/\/scf.se\/cykelcross\/wp-content\/uploads\/sites\/4\/2023\/09\/IMG-6572.jpg\" alt=\"\" width=\"2048\" height=\"2048\" srcset=\"https:\/\/scf.se\/cykelcross\/wp-content\/uploads\/sites\/4\/2023\/09\/IMG-6572.jpg 2048w, https:\/\/scf.se\/cykelcross\/wp-content\/uploads\/sites\/4\/2023\/09\/IMG-6572-300x300.jpg 300w, https:\/\/scf.se\/cykelcross\/wp-content\/uploads\/sites\/4\/2023\/09\/IMG-6572-1024x1024.jpg 1024w, https:\/\/scf.se\/cykelcross\/wp-content\/uploads\/sites\/4\/2023\/09\/IMG-6572-150x150.jpg 150w, https:\/\/scf.se\/cykelcross\/wp-content\/uploads\/sites\/4\/2023\/09\/IMG-6572-768x768.jpg 768w, https:\/\/scf.se\/cykelcross\/wp-content\/uploads\/sites\/4\/2023\/09\/IMG-6572-1536x1536.jpg 1536w\" sizes=\"auto, (max-width: 2048px) 100vw, 2048px\" \/><\/a><\/h3>\n<h3>Damjunior<\/h3>\n<ul>\n<li>1<strong> Sara Aaboe Kallestrup,<\/strong> Danmark 35.45<\/li>\n<li>2 <strong>Rozalia Dutczak<\/strong>, Polen 36.34<\/li>\n<li>3 <strong>Mille Foldager Nielsen<\/strong>, Danmark 37.01<\/li>\n<li>5 <strong>Thea Persson<\/strong>, FK Trampen 38.10<\/li>\n<li>7 <strong>Clara Widell<\/strong>, Bor\u00e5s CA -1 varv<\/li>\n<\/ul>\n<p>P\u00e5 s\u00f6ndagen ordnade David Risberg en andra SWE Cup-seger i helgen, n\u00e4rmast f\u00f6re Bauhausduon Filip M\u00e5rd och Henrik Jansson.<\/p>\n<p>I damelit vann Alma Johansson, som har varit topp tio p\u00e5 VM i cykelcross som junior, spurten om SWE Cup-segern med Emma Belforth. B\u00e5da var tvungna att bryta l\u00f6rdagens lopp.<\/p>\n<a href=\"https:\/\/scf.se\/cykelcross\/wp-content\/uploads\/sites\/4\/2023\/09\/53209580012_cdf58efdb3_k.jpg\"><img loading=\"lazy\" decoding=\"async\" class=\"alignnone size-full wp-image-1145\" src=\"https:\/\/scf.se\/cykelcross\/wp-content\/uploads\/sites\/4\/2023\/09\/53209580012_cdf58efdb3_k.jpg\" alt=\"\" width=\"2000\" height=\"1333\" srcset=\"https:\/\/scf.se\/cykelcross\/wp-content\/uploads\/sites\/4\/2023\/09\/53209580012_cdf58efdb3_k.jpg 2000w, https:\/\/scf.se\/cykelcross\/wp-content\/uploads\/sites\/4\/2023\/09\/53209580012_cdf58efdb3_k-300x200.jpg 300w, https:\/\/scf.se\/cykelcross\/wp-content\/uploads\/sites\/4\/2023\/09\/53209580012_cdf58efdb3_k-1024x682.jpg 1024w, https:\/\/scf.se\/cykelcross\/wp-content\/uploads\/sites\/4\/2023\/09\/53209580012_cdf58efdb3_k-768x512.jpg 768w, https:\/\/scf.se\/cykelcross\/wp-content\/uploads\/sites\/4\/2023\/09\/53209580012_cdf58efdb3_k-1536x1024.jpg 1536w\" sizes=\"auto, (max-width: 2000px) 100vw, 2000px\" \/><\/a>\n<a href=\"https:\/\/scf.se\/cykelcross\/wp-content\/uploads\/sites\/4\/2023\/09\/53213456044_da1c280867_k.jpg\"><img loading=\"lazy\" decoding=\"async\" class=\"alignnone size-full wp-image-1147\" src=\"https:\/\/scf.se\/cykelcross\/wp-content\/uploads\/sites\/4\/2023\/09\/53213456044_da1c280867_k.jpg\" alt=\"\" width=\"2000\" height=\"1696\" srcset=\"https:\/\/scf.se\/cykelcross\/wp-content\/uploads\/sites\/4\/2023\/09\/53213456044_da1c280867_k.jpg 2000w, https:\/\/scf.se\/cykelcross\/wp-content\/uploads\/sites\/4\/2023\/09\/53213456044_da1c280867_k-300x254.jpg 300w, https:\/\/scf.se\/cykelcross\/wp-content\/uploads\/sites\/4\/2023\/09\/53213456044_da1c280867_k-1024x868.jpg 1024w, https:\/\/scf.se\/cykelcross\/wp-content\/uploads\/sites\/4\/2023\/09\/53213456044_da1c280867_k-768x651.jpg 768w, https:\/\/scf.se\/cykelcross\/wp-content\/uploads\/sites\/4\/2023\/09\/53213456044_da1c280867_k-1536x1303.jpg 1536w\" sizes=\"auto, (max-width: 2000px) 100vw, 2000px\" \/><\/a>\n<p>I juniorklasserna var det samma svenskar i topp men med h\u00f6gre placeringar d\u00e5 flera utl\u00e4ndska toppcyklister bara k\u00f6rde l\u00f6rdagens UCI-race.<\/p>\n<a href=\"https:\/\/scf.se\/cykelcross\/wp-content\/uploads\/sites\/4\/2023\/09\/53213066386_79453e88d8_k.jpg\"><img loading=\"lazy\" decoding=\"async\" class=\"alignnone size-full wp-image-1146\" src=\"https:\/\/scf.se\/cykelcross\/wp-content\/uploads\/sites\/4\/2023\/09\/53213066386_79453e88d8_k.jpg\" alt=\"\" width=\"2000\" height=\"1333\" srcset=\"https:\/\/scf.se\/cykelcross\/wp-content\/uploads\/sites\/4\/2023\/09\/53213066386_79453e88d8_k.jpg 2000w, https:\/\/scf.se\/cykelcross\/wp-content\/uploads\/sites\/4\/2023\/09\/53213066386_79453e88d8_k-300x200.jpg 300w, https:\/\/scf.se\/cykelcross\/wp-content\/uploads\/sites\/4\/2023\/09\/53213066386_79453e88d8_k-1024x682.jpg 1024w, https:\/\/scf.se\/cykelcross\/wp-content\/uploads\/sites\/4\/2023\/09\/53213066386_79453e88d8_k-768x512.jpg 768w, https:\/\/scf.se\/cykelcross\/wp-content\/uploads\/sites\/4\/2023\/09\/53213066386_79453e88d8_k-1536x1024.jpg 1536w\" sizes=\"auto, (max-width: 2000px) 100vw, 2000px\" \/><\/a>\n<p>I \u00e4ldsta ungdomsklasserna dominerade IK HP:s John Temar respektive Elinore Nilsson fr\u00e5n IK Trasten hela helgen, \u00e4ven om hon uppvaktades av syrran Linnea Nilsson. Fina lopp b\u00e5da dagarna av Melvin P\u00e5lsson Gustafsson.<\/p>\n<h2>S\u00f6ndagens SWE Cup #2<\/h2>\n<h3>Herrelit<\/h3>\n<ul>\n<li>1 <strong>David Risberg<\/strong>, Evolite Cycling Club 59.29<\/li>\n<li>2 <strong>Filip M\u00e5rd<\/strong>, Bauhaus Sportklubb 1.01.12<\/li>\n<li>3 <strong>Henrik Jansson<\/strong>, Bauhaus Sportklubb 1.02.17<\/li>\n<\/ul>\n<h3>Damelit<\/h3>\n<ul>\n<li>1 <strong>Alma Johansson<\/strong>, M\u00f6lndals CK 42.44<\/li>\n<li>2 <strong>Emma Belforth<\/strong>, CK Master 42.44<\/li>\n<li>3 <strong>Ann-Dorthe Lisbygd,<\/strong> Danmark 43.31<\/li>\n<\/ul>\n<h3>Herrjunior<\/h3>\n<ul>\n<li>1 <strong>Hugo Rish\u00f6j<\/strong>, Danmark 1.01.36<\/li>\n<li>2 <strong>Vilmer Ekman<\/strong>, Biketown Cycling Club 1.04.21<\/li>\n<li>3<strong> Anton Karlsson<\/strong>, Enk\u00f6pings CK 1.06.01<\/li>\n<\/ul>\n<h3>Damjunior<\/h3>\n<ul>\n<li>1<strong> Sara Aaboe Kallestrup,<\/strong> Danmark 44.40<\/li>\n<li>2<strong> Thea Persson<\/strong>, FK Trampen 47.41<\/li>\n<li>3 <strong>Clara Widell<\/strong>, Bor\u00e5s CA 52.12<\/li>\n<\/ul>\n<a href=\"https:\/\/scf.se\/cykelcross\/wp-content\/uploads\/sites\/4\/2023\/09\/53208488629_46b88f1a43_k.jpg\"><img loading=\"lazy\" decoding=\"async\" class=\"alignnone size-full wp-image-1132\" src=\"https:\/\/scf.se\/cykelcross\/wp-content\/uploads\/sites\/4\/2023\/09\/53208488629_46b88f1a43_k.jpg\" alt=\"\" width=\"2000\" height=\"1333\" srcset=\"https:\/\/scf.se\/cykelcross\/wp-content\/uploads\/sites\/4\/2023\/09\/53208488629_46b88f1a43_k.jpg 2000w, https:\/\/scf.se\/cykelcross\/wp-content\/uploads\/sites\/4\/2023\/09\/53208488629_46b88f1a43_k-300x200.jpg 300w, https:\/\/scf.se\/cykelcross\/wp-content\/uploads\/sites\/4\/2023\/09\/53208488629_46b88f1a43_k-1024x682.jpg 1024w, https:\/\/scf.se\/cykelcross\/wp-content\/uploads\/sites\/4\/2023\/09\/53208488629_46b88f1a43_k-768x512.jpg 768w, https:\/\/scf.se\/cykelcross\/wp-content\/uploads\/sites\/4\/2023\/09\/53208488629_46b88f1a43_k-1536x1024.jpg 1536w\" sizes=\"auto, (max-width: 2000px) 100vw, 2000px\" \/><\/a>\n<ul>\n<li><a href=\"https:\/\/www.facebook.com\/varbergcyclocross\/posts\/pfbid04xMFHgBo6v6x3ju78uM91Mw68M38dLz2vBsV95cQwKiYdxvhGTg72rRSFFc9cXn1l\"><em><strong>Fler av H\u00e5kan Wassbergs h\u00e4rliga bilder, kolla l\u00e4nkar p\u00e5 arrang\u00f6rens Facebooksida!<\/strong><\/em><\/a><\/li>\n<li><a href=\"https:\/\/www.sportstiming.se\/event\/12923\/results\"><em><strong>Alla resultat fr\u00e5n SWE Cup #1 och #2 i Varberg h\u00e4r!<\/strong><\/em><\/a><\/li>\n<\/ul>\n<p><em>Text: Svenska Cykelf\u00f6rbundet<br \/>\nFoto: H\u00e5kan Wassberg<\/em><\/p>\n<hr \/>\n<p><em><strong>Svenska Cykelf\u00f6rbundet \u00e4r stolta \u00f6ver att presentera v\u00e5ra samarbetspartners. Tack vare dessa fantastiska f\u00f6retag kan v\u00e5ra cyklister oftare ta sig l\u00e4ngre ut i v\u00e4rlden.<\/strong><\/em><\/p>\n<h2><a href=\"https:\/\/scf.se\/forbundet\/sponsorer\/\"><img loading=\"lazy\" decoding=\"async\" class=\"alignnone size-full wp-image-3872\" src=\"https:\/\/scf.se\/landsvag\/wp-content\/uploads\/sites\/5\/2023\/02\/LiggandeBannerNyheterHemsida2023.png\" alt=\"\" width=\"1200\" height=\"200\" \/><\/a><\/h2>\n<p>&nbsp;<\/p>\n<p>&nbsp;<\/p>\n<p>&nbsp;<\/p>\n","protected":false},"excerpt":{"rendered":"<p>David Risberg blixtrade till ett par g\u00e5nger under f\u00f6rra s\u00e4songen i cykelcross. N\u00e4r \u00e5rets SWE Cup startade med tv\u00e5 delt\u00e4vlingar p\u00e5 Varbergs vackra bana vann han b\u00e5da\u2013 d\u00e4r l\u00f6rdagen seger var ett styrkebesked d\u00e5 det var UCI-status och flera vassa utl\u00e4ndska cyklister p\u00e5 plats. BRA t\u00e4vlingar med n\u00e4stan 150 startande p\u00e5 l\u00f6rdagen och fina<a href=\"https:\/\/scf.se\/cykelcross\/risberg-vann-bada-dagarna-nar-swe-cup-i-cx-rivstartade-i-varberg\/\" class=\"news-card__more\"> &#8230;<\/a><\/p>\n","protected":false},"author":41,"featured_media":1142,"comment_status":"open","ping_status":"open","sticky":false,"template":"","format":"standard","meta":{"_acf_changed":false,"footnotes":""},"categories":[1],"tags":[],"class_list":["post-1128","post","type-post","status-publish","format-standard","hentry","category-cykelcross"],"acf":[],"_links":{"self":[{"href":"https:\/\/scf.se\/cykelcross\/wp-json\/wp\/v2\/posts\/1128","targetHints":{"allow":["GET"]}}],"collection":[{"href":"https:\/\/scf.se\/cykelcross\/wp-json\/wp\/v2\/posts"}],"about":[{"href":"https:\/\/scf.se\/cykelcross\/wp-json\/wp\/v2\/types\/post"}],"author":[{"embeddable":true,"href":"https:\/\/scf.se\/cykelcross\/wp-json\/wp\/v2\/users\/41"}],"replies":[{"embeddable":true,"href":"https:\/\/scf.se\/cykelcross\/wp-json\/wp\/v2\/comments?post=1128"}],"version-history":[{"count":0,"href":"https:\/\/scf.se\/cykelcross\/wp-json\/wp\/v2\/posts\/1128\/revisions"}],"wp:featuredmedia":[{"embeddable":true,"href":"https:\/\/scf.se\/cykelcross\/wp-json\/wp\/v2\/media\/1142"}],"wp:attachment":[{"href":"https:\/\/scf.se\/cykelcross\/wp-json\/wp\/v2\/media?parent=1128"}],"wp:term":[{"taxonomy":"category","embeddable":true,"href":"https:\/\/scf.se\/cykelcross\/wp-json\/wp\/v2\/categories?post=1128"},{"taxonomy":"post_tag","embeddable":true,"href":"https:\/\/scf.se\/cykelcross\/wp-json\/wp\/v2\/tags?post=1128"}],"curies":[{"name":"wp","href":"https:\/\/api.w.org\/{rel}","templated":true}]}}