
{"id":1105,"date":"2023-09-21T09:13:22","date_gmt":"2023-09-21T07:13:22","guid":{"rendered":"http:\/\/scf.se\/cykelcross\/?p=1105"},"modified":"2023-10-26T09:10:12","modified_gmt":"2023-10-26T07:10:12","slug":"har-ar-uttagningsreglerna-infor-em-i-cykelcross-2023","status":"publish","type":"post","link":"https:\/\/scf.se\/cykelcross\/har-ar-uttagningsreglerna-infor-em-i-cykelcross-2023\/","title":{"rendered":"Nya f\u00f6rbundskaptenen presenterar uttagningsregler f\u00f6r cykelcross-EM"},"content":{"rendered":"<p><strong>Cykelcross\u00e4songen \u00e4r snart h\u00e4r och grengrupp CX med nya f\u00f6rbundskaptenen Peter Vingstedt presenterar nu uttagningsreglerna inf\u00f6r EM-uttagningen 2023.<\/strong><\/p>\n<h3>A-trupp (6\u20138 platser) med U23 och seniorelit<\/h3>\n<ul>\n<li>F\u00f6r att vara aktuell till EM-s\u00e4songen 2023 ska du ha k\u00f6rt minst tv\u00e5 t\u00e4vlingar med UCI-status C2 eller h\u00f6gre f\u00f6re 16 oktober 2023.<\/li>\n<li>Internationell erfarenhet kan anv\u00e4ndas f\u00f6r att skilja \u00e5kare \u00e5t.<br \/>\nPlacering, motst\u00e5nd och tid efter segrare kommer att tas i beaktning.<\/li>\n<li>Ut\u00f6ver denna t\u00e4vling kommer uttagningskommitt\u00e9n \u00e4ven att beakta resultaten i SWE Cup, UCI-ranking samt formkurva.<\/li>\n<\/ul>\n<h3>Juniortruppen<\/h3>\n<ul>\n<li>Deltagit i minst tv\u00e5 SWE Cup-t\u00e4vlingar, alternativt t\u00e4vling med minst UCI-status C2 f\u00f6re 16 oktober 2023.<\/li>\n<li>Internationell erfarenhet och UCI-ranking kan anv\u00e4ndas f\u00f6r att skilja \u00e5kare \u00e5t.<\/li>\n<li>Placering, motst\u00e5nd och tid efter segrare kommer att tas i beaktning.<\/li>\n<li>Ut\u00f6ver denna t\u00e4vling kommer uttagningskommitt\u00e9n \u00e4ven att beakta resultaten i SWE Cup, UCI-ranking samt formkurva.<\/li>\n<\/ul>\n<p>Uppdraget planeras att p\u00e5g\u00e5 mellan 31 oktober och 6 november 2023.<\/p>\n<p>EM-truppen presenteras l\u00f6pande under vecka 42.<\/p>\n<p><em><strong>Vid fr\u00e5gor:<\/strong> Kontakta Peter Vingstedt, peter.vingstedt@scf.se,<\/em><br \/>\n<em>f\u00f6rbundskapten CX.<\/em><\/p>\n<p><em>Text: SCF<\/em><br \/>\n<em>Foto: Amanda Nordin<\/em><\/p>\n<hr \/>\n<p><em><strong>Svenska Cykelf\u00f6rbundet \u00e4r stolta \u00f6ver att presentera v\u00e5ra samarbetspartners. Tack vare dessa fantastiska f\u00f6retag kan v\u00e5ra cyklister oftare ta sig l\u00e4ngre ut i v\u00e4rlden.<\/strong><\/em><\/p>\n<h2><a href=\"https:\/\/scf.se\/forbundet\/sponsorer\/\"><img loading=\"lazy\" decoding=\"async\" class=\"alignnone size-full wp-image-3872\" src=\"https:\/\/scf.se\/landsvag\/wp-content\/uploads\/sites\/5\/2023\/02\/LiggandeBannerNyheterHemsida2023.png\" alt=\"\" width=\"1200\" height=\"200\" \/><\/a><\/h2>\n<p>&nbsp;<\/p>\n","protected":false},"excerpt":{"rendered":"<p>Cykelcross\u00e4songen \u00e4r snart h\u00e4r och grengrupp CX med nya f\u00f6rbundskaptenen Peter Vingstedt presenterar nu uttagningsreglerna inf\u00f6r EM-uttagningen 2023. A-trupp (6\u20138 platser) med U23 och seniorelit F\u00f6r att vara aktuell till EM-s\u00e4songen 2023 ska du ha k\u00f6rt minst tv\u00e5 t\u00e4vlingar med UCI-status C2 eller h\u00f6gre f\u00f6re 16 oktober 2023. Internationell erfarenhet kan anv\u00e4ndas f\u00f6r att<a href=\"https:\/\/scf.se\/cykelcross\/har-ar-uttagningsreglerna-infor-em-i-cykelcross-2023\/\" class=\"news-card__more\"> &#8230;<\/a><\/p>\n","protected":false},"author":41,"featured_media":1083,"comment_status":"open","ping_status":"open","sticky":false,"template":"","format":"standard","meta":{"_acf_changed":false,"footnotes":""},"categories":[1],"tags":[],"class_list":["post-1105","post","type-post","status-publish","format-standard","hentry","category-cykelcross"],"acf":[],"_links":{"self":[{"href":"https:\/\/scf.se\/cykelcross\/wp-json\/wp\/v2\/posts\/1105","targetHints":{"allow":["GET"]}}],"collection":[{"href":"https:\/\/scf.se\/cykelcross\/wp-json\/wp\/v2\/posts"}],"about":[{"href":"https:\/\/scf.se\/cykelcross\/wp-json\/wp\/v2\/types\/post"}],"author":[{"embeddable":true,"href":"https:\/\/scf.se\/cykelcross\/wp-json\/wp\/v2\/users\/41"}],"replies":[{"embeddable":true,"href":"https:\/\/scf.se\/cykelcross\/wp-json\/wp\/v2\/comments?post=1105"}],"version-history":[{"count":0,"href":"https:\/\/scf.se\/cykelcross\/wp-json\/wp\/v2\/posts\/1105\/revisions"}],"wp:featuredmedia":[{"embeddable":true,"href":"https:\/\/scf.se\/cykelcross\/wp-json\/wp\/v2\/media\/1083"}],"wp:attachment":[{"href":"https:\/\/scf.se\/cykelcross\/wp-json\/wp\/v2\/media?parent=1105"}],"wp:term":[{"taxonomy":"category","embeddable":true,"href":"https:\/\/scf.se\/cykelcross\/wp-json\/wp\/v2\/categories?post=1105"},{"taxonomy":"post_tag","embeddable":true,"href":"https:\/\/scf.se\/cykelcross\/wp-json\/wp\/v2\/tags?post=1105"}],"curies":[{"name":"wp","href":"https:\/\/api.w.org\/{rel}","templated":true}]}}