
{"id":837,"date":"2022-07-04T14:55:41","date_gmt":"2022-07-04T12:55:41","guid":{"rendered":"http:\/\/scf.se\/bmx\/?p=837"},"modified":"2022-09-23T09:12:22","modified_gmt":"2022-09-23T07:12:22","slug":"fint-sm-i-lerum-blev-bra-genrep-infor-em-for-landslagsjuniorerna","status":"publish","type":"post","link":"https:\/\/scf.se\/bmx\/fint-sm-i-lerum-blev-bra-genrep-infor-em-for-landslagsjuniorerna\/","title":{"rendered":"Fint SM i Lerum blev bra genrep inf\u00f6r EM f\u00f6r landslagsjuniorerna"},"content":{"rendered":"<p><strong>SM-t\u00e4vlingarna i Lerum fick mycket ber\u00f6m av f\u00f6rbundskaptenen Johan Fransson. Han var ocks\u00e5 n\u00f6jd med vad alla fyra landslags\u00e5karena presterade nu n\u00e4r det vankas EM i Belgien redan p\u00e5 l\u00f6rdag f\u00f6r alla utom Einar Lindberg, som fokuserar p\u00e5 VM i Frankrike senare i juni.<\/strong><\/p>\n<p>De tre landslagsjuniorera Felicia Klingstr\u00f6m, Vincent Mol\u00e9n och Tage Turander har alla h\u00e4rdats under s\u00e4songens t\u00e4vlande p\u00e5 Europacupen. P\u00e5 SM visade de b\u00e5de \u00e5km\u00e4ssigt och i placeringar att det har gett utdelning. H\u00e4r \u00e4r resultaten i UCI-klasserna p\u00e5 SM:<\/p>\n<h3>Herr elit<\/h3>\n<ol>\n<li>Kim Wedin<\/li>\n<li>Gabriel M\u00e5rtenson<\/li>\n<\/ol>\n<h3>Herrar U23:<\/h3>\n<ol>\n<li>Einar Lindberg<\/li>\n<li>Oliver Benatti<\/li>\n<\/ol>\n<h3>Damjunior<\/h3>\n<ol>\n<li>Felicia Klingstr\u00f6m<\/li>\n<\/ol>\n<h3>Herrjunior<\/h3>\n<ol>\n<li>Vincent Mol\u00e9n<\/li>\n<li>Tage Turander<\/li>\n<li>Benjamin Bj\u00f6rklund<\/li>\n<li>William Skarp<\/li>\n<\/ol>\n<blockquote><p>&#8221;Jag tyckte det s\u00e5g v\u00e4ldigt bra ut. \u00c5km\u00e4ssigt s\u00e5g relativt sett Vincent starkast ut. Han gjorde det bra i Europacupavslutningen i Lettland. det var viktigt f\u00f6r honom att visa att han kan ta sig till en final oh ha det i ryggen inf\u00f6r EM&#8221;, s\u00e4ger Johan Franson.<\/p><\/blockquote>\n<div id=\"attachment_828\" class=\"wp-caption alignnone\" ><a href=\"https:\/\/scf.se\/bmx\/wp-content\/uploads\/sites\/3\/2022\/06\/Vincent.jpg\"><img loading=\"lazy\" decoding=\"async\" class=\"size-full wp-image-828\" src=\"https:\/\/scf.se\/bmx\/wp-content\/uploads\/sites\/3\/2022\/06\/Vincent.jpg\" alt=\"\" width=\"1170\" height=\"813\" srcset=\"https:\/\/scf.se\/bmx\/wp-content\/uploads\/sites\/3\/2022\/06\/Vincent.jpg 1170w, https:\/\/scf.se\/bmx\/wp-content\/uploads\/sites\/3\/2022\/06\/Vincent-300x208.jpg 300w, https:\/\/scf.se\/bmx\/wp-content\/uploads\/sites\/3\/2022\/06\/Vincent-1024x712.jpg 1024w, https:\/\/scf.se\/bmx\/wp-content\/uploads\/sites\/3\/2022\/06\/Vincent-768x534.jpg 768w\" sizes=\"auto, (max-width: 1170px) 100vw, 1170px\" \/><\/a><p class=\"wp-caption-text\">Vincent Mol\u00e9n var vass h\u00e4r under Europacupavslutningen i Lettland och tog med sig formen in i ett v\u00e4larrangerat SM i Lerum.<\/p><\/div>\n<blockquote><p>&#8221;Men alla de andra tre s\u00e5g ocks\u00e5 v\u00e4ldigt P\u00c5 HUGGET ut i sin \u00e5kning, en indikation p\u00e5 att formen \u00e4r p\u00e5 v\u00e4g. De tr\u00e4ffade r\u00e4tt p\u00e5 ett bra s\u00e4tt.&#8221;<\/p><\/blockquote>\n<p>F\u00f6rbundskaptenen gillar ocks\u00e5 det jobb Lerums BMX gjorde med SM-arrangemanget i stort.<\/p>\n<blockquote><p>&#8221;Soligt och bra v\u00e4der \u00e4r ju alltid en fin grund och jag tyckte att t\u00e4vlingen fl\u00f6t p\u00e5 bra i ett okej tempo. Kul att vi i den h\u00f6gsta klassen har en full final. Det var sammantaget bra racing och ett bra SM.&#8221;<\/p><\/blockquote>\n<p>I veckan \u00e5ker Felicia Klingstr\u00f6m, Vincent Mol\u00e9n och Tage Turander till Dessen i Belgien f\u00f6r att t\u00e4vla i EM.<\/p>\n<blockquote><p>&#8221;EM \u00e4r minst lika viktigt som VM f\u00f6r de yngre cyklisterna. Jag tycker att vi har lyckats bra med toppning. Einar inte hundra procent toppad, men han st\u00e5r \u00f6ver EM och och har ytterligare n\u00e5gra veckor p\u00e5 sig att v\u00e4ssa den&#8221;, s\u00e4ger Johan Fransson.<\/p><\/blockquote>\n<p><strong>Hur ser EM-banan i Dessel ut?<\/strong><\/p>\n<blockquote><p>&#8221;Det \u00e4r f\u00f6rst och fr\u00e4mst en vanlig kulle, sedan \u00e4r det en ganska smal bana. En mindre bana, back to basic.&#8221;<\/p><\/blockquote>\n<p>Senare i juni \u00e4r det VM i Frankrike. Av juniorerna \u00e4r det Felicia och Vincent som har kvalat in med full uppbackning och Ture avst\u00e5r. D\u00e5 tillkommer Einar Lindberg i U23-klassen.<\/p>\n<p>&#8221;Einars UCI-tr\u00e4ningsgrupp har valt att l\u00e4gga all satsning p\u00e5 VM. i st\u00e4ller f\u00f6r EM \u00e5ker de till Frankrike f\u00f6r att l\u00e4ra k\u00e4nna den nybyggda VM-banan. Det \u00e4r prio p\u00e5 s\u00e5 bra VM-f\u00f6rberedelser som m\u00f6jligt.&#8221;<\/p>\n<ul>\n<li><strong><a href=\"https:\/\/www.koobit.com\/uec-bmx-racing-european-championships-e5796\"><em>Mera om startf\u00e4lt och alla f\u00f6ruts\u00e4ttningar inf\u00f6r EM i Dessel H\u00c4R!<\/em><\/a><\/strong><\/li>\n<li><em><strong>Mera om den heta BMX-helgen d\u00e4r det \u00e4ven var SWE Cup p\u00e5 s\u00f6ndagen, alla resultat och fler bilder kommer senare under tisdagen!<\/strong><\/em><\/li>\n<\/ul>\n<p><em>Text: SCF<\/em><br \/>\n<em>Foto: Henrik Antin (\u00f6vre bilden) samt SCF<\/em><\/p>\n<hr \/>\n<a href=\"https:\/\/scf.se\/bmx\/wp-content\/uploads\/sites\/3\/2022\/04\/BeFunky-LiggandeBannerNyheterHemsida_Svenska_spel_CRC.jpg\"><img loading=\"lazy\" decoding=\"async\" class=\"alignnone size-full wp-image-798\" src=\"https:\/\/scf.se\/bmx\/wp-content\/uploads\/sites\/3\/2022\/04\/BeFunky-LiggandeBannerNyheterHemsida_Svenska_spel_CRC.jpg\" alt=\"\" width=\"1200\" height=\"200\" srcset=\"https:\/\/scf.se\/bmx\/wp-content\/uploads\/sites\/3\/2022\/04\/BeFunky-LiggandeBannerNyheterHemsida_Svenska_spel_CRC.jpg 1200w, https:\/\/scf.se\/bmx\/wp-content\/uploads\/sites\/3\/2022\/04\/BeFunky-LiggandeBannerNyheterHemsida_Svenska_spel_CRC-300x50.jpg 300w, https:\/\/scf.se\/bmx\/wp-content\/uploads\/sites\/3\/2022\/04\/BeFunky-LiggandeBannerNyheterHemsida_Svenska_spel_CRC-1024x171.jpg 1024w, https:\/\/scf.se\/bmx\/wp-content\/uploads\/sites\/3\/2022\/04\/BeFunky-LiggandeBannerNyheterHemsida_Svenska_spel_CRC-768x128.jpg 768w\" sizes=\"auto, (max-width: 1200px) 100vw, 1200px\" \/><\/a>\n","protected":false},"excerpt":{"rendered":"<p>SM-t\u00e4vlingarna i Lerum fick mycket ber\u00f6m av f\u00f6rbundskaptenen Johan Fransson. Han var ocks\u00e5 n\u00f6jd med vad alla fyra landslags\u00e5karena presterade nu n\u00e4r det vankas EM i Belgien redan p\u00e5 l\u00f6rdag f\u00f6r alla utom Einar Lindberg, som fokuserar p\u00e5 VM i Frankrike senare i juni. De tre landslagsjuniorera Felicia Klingstr\u00f6m, Vincent Mol\u00e9n och Tage Turander<a href=\"https:\/\/scf.se\/bmx\/fint-sm-i-lerum-blev-bra-genrep-infor-em-for-landslagsjuniorerna\/\" class=\"news-card__more\"> &#8230;<\/a><\/p>\n","protected":false},"author":41,"featured_media":918,"comment_status":"open","ping_status":"open","sticky":false,"template":"","format":"standard","meta":{"_acf_changed":false,"footnotes":""},"categories":[1],"tags":[],"class_list":["post-837","post","type-post","status-publish","format-standard","hentry","category-bmx"],"acf":[],"_links":{"self":[{"href":"https:\/\/scf.se\/bmx\/wp-json\/wp\/v2\/posts\/837","targetHints":{"allow":["GET"]}}],"collection":[{"href":"https:\/\/scf.se\/bmx\/wp-json\/wp\/v2\/posts"}],"about":[{"href":"https:\/\/scf.se\/bmx\/wp-json\/wp\/v2\/types\/post"}],"author":[{"embeddable":true,"href":"https:\/\/scf.se\/bmx\/wp-json\/wp\/v2\/users\/41"}],"replies":[{"embeddable":true,"href":"https:\/\/scf.se\/bmx\/wp-json\/wp\/v2\/comments?post=837"}],"version-history":[{"count":0,"href":"https:\/\/scf.se\/bmx\/wp-json\/wp\/v2\/posts\/837\/revisions"}],"wp:featuredmedia":[{"embeddable":true,"href":"https:\/\/scf.se\/bmx\/wp-json\/wp\/v2\/media\/918"}],"wp:attachment":[{"href":"https:\/\/scf.se\/bmx\/wp-json\/wp\/v2\/media?parent=837"}],"wp:term":[{"taxonomy":"category","embeddable":true,"href":"https:\/\/scf.se\/bmx\/wp-json\/wp\/v2\/categories?post=837"},{"taxonomy":"post_tag","embeddable":true,"href":"https:\/\/scf.se\/bmx\/wp-json\/wp\/v2\/tags?post=837"}],"curies":[{"name":"wp","href":"https:\/\/api.w.org\/{rel}","templated":true}]}}