
{"id":606,"date":"2019-07-20T23:43:37","date_gmt":"2019-07-20T21:43:37","guid":{"rendered":"http:\/\/scf.se\/bmx\/?p=606"},"modified":"2019-07-20T23:43:37","modified_gmt":"2019-07-20T21:43:37","slug":"vm-bmx-zolder-21-27-juli","status":"publish","type":"post","link":"https:\/\/scf.se\/bmx\/vm-bmx-zolder-21-27-juli\/","title":{"rendered":"VM BMX ZOLDER 21-27 JULI"},"content":{"rendered":"<p>D\u00e5 har \u00e5rets st\u00f6rsta t\u00e4vling dragit ig\u00e5ng. Vi befinner oss nere i Belgien och Zolder f\u00f6r att k\u00f6ra \u00e5rets BMX VM.<\/p>\n<p>Uttagna cyklister:<\/p>\n<p><strong>Landslaget:<\/strong><\/p>\n<p>Filip Svanberg, Kungsbacka BMX<\/p>\n<p><strong>Utvecklingslaget:<\/strong><\/p>\n<p>Einar Lindberg, M\u00e4rsta BMX<\/p>\n<p>Felicia Klingstr\u00f6m, \u00c4lvsj\u00f6 BMX<\/p>\n<p>Ut\u00f6ver v\u00e5ra cyklister s\u00e5 \u00e4r det ett 50 tal Svenskar som tagit sig ner till Zolder f\u00f6r att k\u00f6ra vilket \u00e4r super kul.<\/p>\n<p>Imorgon S\u00f6ndag b\u00f6rjar Einars och Felicias tr\u00e4ning p\u00e5 banan och de har \u00e4ven m\u00e5ndagen p\u00e5 sig att slipa p\u00e5 tekniken f\u00f6r att sen vila 2 dagar innan t\u00e4vling p\u00e5 Torsdag.<\/p>\n<p>Efter EM s\u00e5 har Einar sett v\u00e4ldigt revansch sugen ut och jag kan se den r\u00e4tta blicken i hans \u00f6gon igen. Einar vann b\u00e5da Europa cuperna h\u00e4r tidigare i \u00e5r s\u00e5 vi har med oss mycket positiva k\u00e4nslor f\u00f6r t\u00e4vlingen. Banan har \u00e4ven fixat till lite sen sist och till v\u00e5ran f\u00f6rdel p\u00e5 den rakstr\u00e4ckan vi hanterade minst bra av de 4.<\/p>\n<p>Felicia \u00e4r \u00e4ven hon p\u00e5 hugget. Med en fin 5 plats i semifinalen p\u00e5 EM siktar hon nu p\u00e5 att jaga den \u00e5tr\u00e5v\u00e4rda finalplatsen. Sist vi var h\u00e4r k\u00f6rde hon med ett \u00e5r \u00e4ldre tjejer men \u00e4r nu tillbaka i sin r\u00e4tta klass och det ska bli sp\u00e4nnande att se vad vi kan hitta p\u00e5.<\/p>\n<p>Filip kommer f\u00f6rst g\u00e5 in i t\u00e4vlingen p\u00e5 onsdag d\u00e5 hans tr\u00e4ning b\u00f6rjar ta vid. Han har sedan tr\u00e4ning b\u00e5de torsdag och fredag innan t\u00e4vlingen drar ig\u00e5ng p\u00e5 L\u00f6rdag. Filip hade en tuff helg \u00e4ven han p\u00e5 EM och har nu laddat om batterierna och st\u00e4llt om fokusen inf\u00f6r VM. Filip har k\u00f6rt p\u00e5 banan flera g\u00e5nger och den passar hans \u00e5kstil och vi ska g\u00f6ra allt f\u00f6r att f\u00e5 till alla delar denna t\u00e4vling.<\/p>\n<p>Schemat f\u00f6r \u00f6vriga svenskar ser ut som f\u00f6ljer:<\/p>\n<p>Tisdag: Cruiser klasserna<\/p>\n<p>Onsdag: pojkar 5-11 \u00e5r , flickor 5-13 \u00e5r<\/p>\n<p>Torsdag: pojkar 12-16 \u00e5r, flickor 14-16 \u00e5r<\/p>\n<p>Fredag: Pojkar 17+<\/p>\n<p>&nbsp;<\/p>\n<p>Vi hejar fram samtliga svenska cyklister och ser fram emot ett fantastiskt VM.<\/p>\n<p>F\u00f6rbundskapten Johan Fransson<\/p>\n<p><strong><em>Hj\u00e4lp oss synas genom att f\u00f6lja oss p\u00e5 Instagram @svenskabmxlandslaget<\/em><\/strong><\/p>\n","protected":false},"excerpt":{"rendered":"<p>D\u00e5 har \u00e5rets st\u00f6rsta t\u00e4vling dragit ig\u00e5ng. Vi befinner oss nere i Belgien och Zolder f\u00f6r att k\u00f6ra \u00e5rets BMX VM. Uttagna cyklister: Landslaget: Filip Svanberg, Kungsbacka BMX Utvecklingslaget: Einar Lindberg, M\u00e4rsta BMX Felicia Klingstr\u00f6m, \u00c4lvsj\u00f6 BMX Ut\u00f6ver v\u00e5ra cyklister s\u00e5 \u00e4r det ett 50 tal Svenskar som tagit sig ner till Zolder f\u00f6r<a href=\"https:\/\/scf.se\/bmx\/vm-bmx-zolder-21-27-juli\/\" class=\"news-card__more\"> &#8230;<\/a><\/p>\n","protected":false},"author":32,"featured_media":0,"comment_status":"open","ping_status":"open","sticky":false,"template":"","format":"standard","meta":{"_acf_changed":false,"footnotes":""},"categories":[1],"tags":[],"class_list":["post-606","post","type-post","status-publish","format-standard","hentry","category-bmx"],"acf":[],"_links":{"self":[{"href":"https:\/\/scf.se\/bmx\/wp-json\/wp\/v2\/posts\/606","targetHints":{"allow":["GET"]}}],"collection":[{"href":"https:\/\/scf.se\/bmx\/wp-json\/wp\/v2\/posts"}],"about":[{"href":"https:\/\/scf.se\/bmx\/wp-json\/wp\/v2\/types\/post"}],"author":[{"embeddable":true,"href":"https:\/\/scf.se\/bmx\/wp-json\/wp\/v2\/users\/32"}],"replies":[{"embeddable":true,"href":"https:\/\/scf.se\/bmx\/wp-json\/wp\/v2\/comments?post=606"}],"version-history":[{"count":0,"href":"https:\/\/scf.se\/bmx\/wp-json\/wp\/v2\/posts\/606\/revisions"}],"wp:attachment":[{"href":"https:\/\/scf.se\/bmx\/wp-json\/wp\/v2\/media?parent=606"}],"wp:term":[{"taxonomy":"category","embeddable":true,"href":"https:\/\/scf.se\/bmx\/wp-json\/wp\/v2\/categories?post=606"},{"taxonomy":"post_tag","embeddable":true,"href":"https:\/\/scf.se\/bmx\/wp-json\/wp\/v2\/tags?post=606"}],"curies":[{"name":"wp","href":"https:\/\/api.w.org\/{rel}","templated":true}]}}