
{"id":602,"date":"2019-07-05T15:50:24","date_gmt":"2019-07-05T13:50:24","guid":{"rendered":"http:\/\/scf.se\/bmx\/?p=602"},"modified":"2019-07-05T15:50:24","modified_gmt":"2019-07-05T13:50:24","slug":"bmx-em-i-valmiera-11-14-juli","status":"publish","type":"post","link":"https:\/\/scf.se\/bmx\/bmx-em-i-valmiera-11-14-juli\/","title":{"rendered":"BMX EM i Valmiera 11-14 Juli"},"content":{"rendered":"<p>Det har blivit sommar och vi n\u00e4rmar oss de st\u00f6rre t\u00e4vlingarna f\u00f6r \u00e5ret. I helgen k\u00f6rs SM i Malm\u00f6 och veckan d\u00e4rp\u00e5 r\u00f6r sig landslaget \u00f6ver till Lettland, Valmiera f\u00f6r att k\u00f6ra EM.<\/p>\n<p>F\u00f6ljande cyklister kommer att delta:<\/p>\n<p><strong>Landslaget:<\/strong><br \/>\nFilip Svanberg, Kungsbacka bmx<\/p>\n<p><strong>Utvecklingslaget:<\/strong><br \/>\nEinar Lindberg, M\u00e4rsta Bmx<br \/>\nFelicia Klingstr\u00f6m, \u00c4lvsj\u00f6 Bmx.<\/p>\n<p>Filip Svanberg som senast vann de 2 f\u00f6rsta delt\u00e4vlingarna i SWECup i Lerum \u00e4r startklar och redo f\u00f6r nytt m\u00e4sterskap. Det blir dock en tuff t\u00e4vling d\u00e5 Europas b\u00e4sta kommer att vara p\u00e5 plats men vi hoppas och tror utvecklingen som vi sett under \u00e5ret h\u00e5ller i sig och att vi kan f\u00e5 fram allt vad vi har f\u00f6r t\u00e4vlingen.<\/p>\n<p>Felicia som k\u00f6rt kanon under \u00e5ret i 15-16 \u00e5rs klassen i Europacupen och ligger h\u00f6gt upp i listorna ska nu f\u00e5 t\u00e4vla endast i 15 \u00e5rs klassen. Banan i Valmiera \u00e4r l\u00e5ng och vad vi sett p\u00e5 bilder s\u00e5 \u00e4r den \u00e4ven teknisk och kommer att passa henne v\u00e4ldigt bra.<\/p>\n<p>Einar som i sin tur leder hela Europacupen har ett m\u00e5l i sikte f\u00f6r EM och det \u00e4r att st\u00e5 h\u00f6gst upp p\u00e5 pallen. F\u00f6rra \u00e5ret tog han sig till final och slutade p\u00e5 en 5 plats men det \u00e4r inget han n\u00f6jer sig med i \u00e5r och han har all anledning till att k\u00e4nna och t\u00e4nka s\u00e5.<\/p>\n<p><em>Under hela \u00e5ret har jag f\u00e5tt se hur Einar utvecklats p\u00e5 banan men framf\u00f6r allt i sitt t\u00e4nk och prat kring t\u00e4vlingarna, han har g\u00e5tt till att bli den som alla andra \u00e4r oroliga att ha i sitt heat eller bredvid sig. Einar har under \u00e5ret vunnit \u00f6ver alla som kommer delta p\u00e5 EM och \u00e4r snabbast idag men det \u00e4r BMX vi sysslar med och allt kan h\u00e4nda. <\/em><\/p>\n<p><em>\u00c4r det en bra dag och allt sitter som det ska s\u00e5 kan han g\u00e5 hur l\u00e5ngt som helst s\u00e4ger f\u00f6rbundskapten Johan Fransson.<\/em><\/p>\n<p>Det \u00e4r en speciell k\u00e4nsla att \u00e5ka \u00f6ver till Lettland, Valmiera d\u00e5 det \u00e4r h\u00e4r den tv\u00e5faldiga OS m\u00e4staren Maris Strombers kommer ifr\u00e5n. Han och Lettland har lyft sporten under m\u00e5nga \u00e5r och vi ser fram emot att f\u00e5 ta del av den Lettiska atmosf\u00e4ren.<\/p>\n<p>F\u00f6rutom landslaget s\u00e5 s\u00e5 \u00e4r det 3 cyklister fr\u00e5n Sverige som \u00e5ker \u00f6ver och vi ska tillsammans jobba f\u00f6r att visa upp de bl\u00e5 gula f\u00e4rgerna.<\/p>\n","protected":false},"excerpt":{"rendered":"<p>Det har blivit sommar och vi n\u00e4rmar oss de st\u00f6rre t\u00e4vlingarna f\u00f6r \u00e5ret. I helgen k\u00f6rs SM i Malm\u00f6 och veckan d\u00e4rp\u00e5 r\u00f6r sig landslaget \u00f6ver till Lettland, Valmiera f\u00f6r att k\u00f6ra EM. F\u00f6ljande cyklister kommer att delta: Landslaget: Filip Svanberg, Kungsbacka bmx Utvecklingslaget: Einar Lindberg, M\u00e4rsta Bmx Felicia Klingstr\u00f6m, \u00c4lvsj\u00f6 Bmx. Filip Svanberg<a href=\"https:\/\/scf.se\/bmx\/bmx-em-i-valmiera-11-14-juli\/\" class=\"news-card__more\"> &#8230;<\/a><\/p>\n","protected":false},"author":32,"featured_media":0,"comment_status":"open","ping_status":"open","sticky":false,"template":"","format":"standard","meta":{"_acf_changed":false,"footnotes":""},"categories":[1],"tags":[],"class_list":["post-602","post","type-post","status-publish","format-standard","hentry","category-bmx"],"acf":[],"_links":{"self":[{"href":"https:\/\/scf.se\/bmx\/wp-json\/wp\/v2\/posts\/602","targetHints":{"allow":["GET"]}}],"collection":[{"href":"https:\/\/scf.se\/bmx\/wp-json\/wp\/v2\/posts"}],"about":[{"href":"https:\/\/scf.se\/bmx\/wp-json\/wp\/v2\/types\/post"}],"author":[{"embeddable":true,"href":"https:\/\/scf.se\/bmx\/wp-json\/wp\/v2\/users\/32"}],"replies":[{"embeddable":true,"href":"https:\/\/scf.se\/bmx\/wp-json\/wp\/v2\/comments?post=602"}],"version-history":[{"count":0,"href":"https:\/\/scf.se\/bmx\/wp-json\/wp\/v2\/posts\/602\/revisions"}],"wp:attachment":[{"href":"https:\/\/scf.se\/bmx\/wp-json\/wp\/v2\/media?parent=602"}],"wp:term":[{"taxonomy":"category","embeddable":true,"href":"https:\/\/scf.se\/bmx\/wp-json\/wp\/v2\/categories?post=602"},{"taxonomy":"post_tag","embeddable":true,"href":"https:\/\/scf.se\/bmx\/wp-json\/wp\/v2\/tags?post=602"}],"curies":[{"name":"wp","href":"https:\/\/api.w.org\/{rel}","templated":true}]}}