
{"id":591,"date":"2019-06-05T14:43:33","date_gmt":"2019-06-05T12:43:33","guid":{"rendered":"http:\/\/scf.se\/bmx\/?p=591"},"modified":"2019-06-05T22:13:06","modified_gmt":"2019-06-05T20:13:06","slug":"varldscupen-5-6-saint-quentin-en-yvelines","status":"publish","type":"post","link":"https:\/\/scf.se\/bmx\/varldscupen-5-6-saint-quentin-en-yvelines\/","title":{"rendered":"V\u00e4rldscupen 5-6 Saint-Quentin-En-Yvelines"},"content":{"rendered":"<p>D\u00e5 var det dags f\u00f6r ny t\u00e4vlingshelg f\u00f6r BMX Landslaget och vi packar v\u00e4skorna och \u00e5ker ner till Frankrike och Paris f\u00f6r v\u00e4rldscupen 5-6 som g\u00e5r av stapeln den 8-9 Juni.<\/p>\n<p>F\u00f6ljande cyklister kommer att delta:<\/p>\n<p><b>Landslaget:<\/b><\/p>\n<p>Filip Svanberg, Kungsbacka bmx<\/p>\n<p>V\u00e5ran andra landslagscyklist Oscar J\u00e4gestedt som varit skadad under en period fick fr\u00e5gan att f\u00f6lja med men tog beslutet att avst\u00e5 d\u00e5 han \u00e4nnu ej \u00e4r 100% och vill starta med en mindre t\u00e4vling efter s\u00e5 l\u00e5ng fr\u00e5nvaro. Klokt och moget beslut.<\/p>\n<p>V\u00e5ra Utvecklingscyklister f\u00e5r avst\u00e5 denna t\u00e4vling d\u00e5 de \u00e4nnu inte har \u00e5ldern inne f\u00f6r v\u00e4rldscupen.<\/p>\n<p><strong><i>Det ska bli sp\u00e4nnande att \u00e5ka ner till Frankrike denna helg och se Filip k\u00f6ra mot v\u00e4rldseliten igen.<\/i><\/strong><\/p>\n<p><strong><i>Han har tidigare i \u00e5r k\u00f6rt en v\u00e4rldscup i Papendal, Holland och vi har pratat om de detaljer som beh\u00f6vde f\u00f6rb\u00e4ttras d\u00e4r och tagit flera steg fram\u00e5t sen dess.<\/i><\/strong><\/p>\n<p><strong><i>Filip har \u00e4ven\u00a0t\u00e4vlat p\u00e5 banan innan med goda resultat och om vi ser till kurvan han haft under hela \u00e5ret s\u00e5 \u00e4r jag s\u00e4ker p\u00e5 att vi kommer se fin cykling \u00e4ven denna helg s\u00e4ger f\u00f6rbundskapten Johan Fransson.<\/i><\/strong><\/p>\n<p>Ni kan som vanligt f\u00f6lja v\u00e5r resa p\u00e5 instagram @svenskabmxlandslaget.<\/p>\n<p><i>Tack tack.<\/i><\/p>\n","protected":false},"excerpt":{"rendered":"<p>D\u00e5 var det dags f\u00f6r ny t\u00e4vlingshelg f\u00f6r BMX Landslaget och vi packar v\u00e4skorna och \u00e5ker ner till Frankrike och Paris f\u00f6r v\u00e4rldscupen 5-6 som g\u00e5r av stapeln den 8-9 Juni. F\u00f6ljande cyklister kommer att delta: Landslaget: Filip Svanberg, Kungsbacka bmx V\u00e5ran andra landslagscyklist Oscar J\u00e4gestedt som varit skadad under en period fick fr\u00e5gan<a href=\"https:\/\/scf.se\/bmx\/varldscupen-5-6-saint-quentin-en-yvelines\/\" class=\"news-card__more\"> &#8230;<\/a><\/p>\n","protected":false},"author":32,"featured_media":0,"comment_status":"open","ping_status":"open","sticky":false,"template":"","format":"standard","meta":{"_acf_changed":false,"footnotes":""},"categories":[1],"tags":[],"class_list":["post-591","post","type-post","status-publish","format-standard","hentry","category-bmx"],"acf":[],"_links":{"self":[{"href":"https:\/\/scf.se\/bmx\/wp-json\/wp\/v2\/posts\/591","targetHints":{"allow":["GET"]}}],"collection":[{"href":"https:\/\/scf.se\/bmx\/wp-json\/wp\/v2\/posts"}],"about":[{"href":"https:\/\/scf.se\/bmx\/wp-json\/wp\/v2\/types\/post"}],"author":[{"embeddable":true,"href":"https:\/\/scf.se\/bmx\/wp-json\/wp\/v2\/users\/32"}],"replies":[{"embeddable":true,"href":"https:\/\/scf.se\/bmx\/wp-json\/wp\/v2\/comments?post=591"}],"version-history":[{"count":0,"href":"https:\/\/scf.se\/bmx\/wp-json\/wp\/v2\/posts\/591\/revisions"}],"wp:attachment":[{"href":"https:\/\/scf.se\/bmx\/wp-json\/wp\/v2\/media?parent=591"}],"wp:term":[{"taxonomy":"category","embeddable":true,"href":"https:\/\/scf.se\/bmx\/wp-json\/wp\/v2\/categories?post=591"},{"taxonomy":"post_tag","embeddable":true,"href":"https:\/\/scf.se\/bmx\/wp-json\/wp\/v2\/tags?post=591"}],"curies":[{"name":"wp","href":"https:\/\/api.w.org\/{rel}","templated":true}]}}