
{"id":574,"date":"2019-04-26T13:40:12","date_gmt":"2019-04-26T11:40:12","guid":{"rendered":"http:\/\/scf.se\/bmx\/?p=574"},"modified":"2019-04-30T06:52:38","modified_gmt":"2019-04-30T04:52:38","slug":"rapport-fran-europacup-3-4","status":"publish","type":"post","link":"https:\/\/scf.se\/bmx\/rapport-fran-europacup-3-4\/","title":{"rendered":"Rapport fr\u00e5n Europacup 3-4"},"content":{"rendered":"<p>Landslaget och v\u00e5ra tv\u00e5 utvecklingscyklister var i i Belgien och cyklade Europacupen 3-4.\u00a0Detta var v\u00e5rt f\u00f6rsta uppdrag med ny f\u00f6rbundskapten och det nya laget.<br \/>\nCyklisterna hade under veckan tidigare varit nere och tr\u00e4nat p\u00e5 banan och det syntes p\u00e5 tr\u00e4ningen som var p\u00e5 fredagen d\u00e5 de tog f\u00f6r sig och k\u00e4nde sig bekv\u00e4ma med banan.<\/p>\n<p>Vi hade tv\u00e5 Elit cyklister med oss och f\u00f6r Oscar J\u00e4gerstedt (Malm\u00f6) b\u00f6rjade tyv\u00e4rr inte helgen p\u00e5 b\u00e4sta s\u00e4tt d\u00e5 han gick ner h\u00e5rt i backen p\u00e5 l\u00f6rdagens uppv\u00e4rmning. Han kunde sj\u00e4lv g\u00e5 av banan men vi kunde snabbt konstatera att det inte skulle bli n\u00e5gon fortsatt k\u00f6rning f\u00f6r honom denna helg. Med skraps\u00e5r, skadat kn\u00e4 och h\u00f6ft \u00e4r det rehab som g\u00e4ller den n\u00e4rmsta tiden. Filip Svanberg (Kungsbacka), v\u00e5r andra Elit cyklist var oj\u00e4mn under helgen d\u00e5 huvudet inte var med i alla heat men han tog sig i kragen och visade upp att han har i klassen att g\u00f6ra. Filip tog sig vidare fr\u00e5n grundomg\u00e5ngarna b\u00e5da dagarna men sen tog det tyv\u00e4rr slut, men vi ser att utvecklingen g\u00e5r helt \u00e5t r\u00e4tt h\u00e5ll och tar nya tag fram\u00f6ver.<\/p>\n<h4>V\u00e5ra tv\u00e5 utvecklingscyklister d\u00e5?<\/h4>\n<p>Felicia Klingstr\u00f6m (\u00c4lvsj\u00f6) som \u00e4r yngst i den h\u00e5rda klassen, Tjejer 15-16 \u00e5r, hade mycket nerver d\u00e5 det var hennes f\u00f6rsta t\u00e4vling och v\u00e5gade till en b\u00f6rjan inte ta f\u00f6r sig mot de \u00e4ldre tjejerna men n\u00e4r vi f\u00e5tt r\u00e4tt p\u00e5 de delarna, visade hon upp varf\u00f6r hon \u00e4r att r\u00e4kna med i framtiden. Felicia visade god teknik p\u00e5 banan men saknar lite tryck i benen i starten vilket vi fram\u00f6ver kommer jobba h\u00e5rt med. En fin kvartsfinal p\u00e5 s\u00f6ndagen avslutade hennes helg.<\/p>\n<p>Sist och absolut inte minst v\u00e5r SOK cyklist, Einar Lindberg (M\u00e4rsta). L\u00e4gg namnet p\u00e5 minnet f\u00f6r ni kommer h\u00f6ra det igen. Einar visade under helgen upp en inst\u00e4llning och attityd\u00a0som ingen kunde ta miste\u00a0p\u00e5. Han hade bara ett m\u00e5l i sikte &#8211; att vinna &#8211; och som han vann!\u00a0 Einar tog segern i samtliga heat b\u00e5da t\u00e4vlingarna (16 st totalt) och fick st\u00e4lla sig h\u00f6gst upp p\u00e5 pallen b\u00e5da dagarna. Att kunna prestera p\u00e5 samma h\u00f6ga niv\u00e5 tv\u00e5 dagar i rad n\u00e4r t\u00e4vlingarna h\u00e5ller p\u00e5 en hel dag \u00e4r v\u00e4ldigt stort.<\/p>\n<p>T\u00e4vlingen \u00e4r \u00e4ven den n\u00e4st st\u00f6rsta t\u00e4vlingen efter VM som kommer g\u00e5 p\u00e5 samma bana senare i \u00e5r och Einar har nu satt h\u00e5rd press p\u00e5 konkurrenterna.<\/p>\n<div id=\"attachment_577\" class=\"wp-caption alignleft\" ><a href=\"https:\/\/scf.se\/bmx\/wp-content\/uploads\/sites\/3\/2019\/04\/IMG_0030.jpg\"><img loading=\"lazy\" decoding=\"async\" class=\"wp-image-577 size-post-small\" src=\"https:\/\/scf.se\/bmx\/wp-content\/uploads\/sites\/3\/2019\/04\/IMG_0030-740x462.jpg\" alt=\"\" width=\"740\" height=\"462\" \/><\/a><p class=\"wp-caption-text\">Einar Lindberg satte press p\u00e5 konkurrenterna och vann samtliga heat (16st)<\/p><\/div>\n<p>&nbsp;<\/p>\n<p>&nbsp;<\/p>\n<p>&nbsp;<\/p>\n<p>&nbsp;<\/p>\n<p>&nbsp;<\/p>\n<p>&nbsp;<\/p>\n<p>&nbsp;<\/p>\n<p>&nbsp;<\/p>\n<p>&nbsp;<\/p>\n<p>&nbsp;<\/p>\n<p>&nbsp;<\/p>\n<p>Vi vill \u00e4ven ge en eloge till \u00f6vriga cyklister som var p\u00e5 plats och visade god cykling. Svensk BMX \u00e4r p\u00e5 uppg\u00e5ng!<\/p>\n<p>N\u00e4sta uppdrag f\u00f6r v\u00e5ra cyklister \u00e4r <strong>Europa cupen i Norge den 4-5 Maj.<\/strong><\/p>\n<p>F\u00f6lj g\u00e4rna v\u00e5r resa p\u00e5 Instagram: @svenskabmxlandslaget<\/p>\n<p>\/\/Johan Fransson, f\u00f6rbundskapten BMX<\/p>\n<p>&nbsp;<\/p>\n","protected":false},"excerpt":{"rendered":"<p>Landslaget och v\u00e5ra tv\u00e5 utvecklingscyklister var i i Belgien och cyklade Europacupen 3-4.\u00a0Detta var v\u00e5rt f\u00f6rsta uppdrag med ny f\u00f6rbundskapten och det nya laget. Cyklisterna hade under veckan tidigare varit nere och tr\u00e4nat p\u00e5 banan och det syntes p\u00e5 tr\u00e4ningen som var p\u00e5 fredagen d\u00e5 de tog f\u00f6r sig och k\u00e4nde sig bekv\u00e4ma med<a href=\"https:\/\/scf.se\/bmx\/rapport-fran-europacup-3-4\/\" class=\"news-card__more\"> &#8230;<\/a><\/p>\n","protected":false},"author":2,"featured_media":0,"comment_status":"open","ping_status":"open","sticky":false,"template":"","format":"standard","meta":{"_acf_changed":false,"footnotes":""},"categories":[1],"tags":[],"class_list":["post-574","post","type-post","status-publish","format-standard","hentry","category-bmx"],"acf":[],"_links":{"self":[{"href":"https:\/\/scf.se\/bmx\/wp-json\/wp\/v2\/posts\/574","targetHints":{"allow":["GET"]}}],"collection":[{"href":"https:\/\/scf.se\/bmx\/wp-json\/wp\/v2\/posts"}],"about":[{"href":"https:\/\/scf.se\/bmx\/wp-json\/wp\/v2\/types\/post"}],"author":[{"embeddable":true,"href":"https:\/\/scf.se\/bmx\/wp-json\/wp\/v2\/users\/2"}],"replies":[{"embeddable":true,"href":"https:\/\/scf.se\/bmx\/wp-json\/wp\/v2\/comments?post=574"}],"version-history":[{"count":0,"href":"https:\/\/scf.se\/bmx\/wp-json\/wp\/v2\/posts\/574\/revisions"}],"wp:attachment":[{"href":"https:\/\/scf.se\/bmx\/wp-json\/wp\/v2\/media?parent=574"}],"wp:term":[{"taxonomy":"category","embeddable":true,"href":"https:\/\/scf.se\/bmx\/wp-json\/wp\/v2\/categories?post=574"},{"taxonomy":"post_tag","embeddable":true,"href":"https:\/\/scf.se\/bmx\/wp-json\/wp\/v2\/tags?post=574"}],"curies":[{"name":"wp","href":"https:\/\/api.w.org\/{rel}","templated":true}]}}