
{"id":2245,"date":"2026-04-28T15:00:03","date_gmt":"2026-04-28T13:00:03","guid":{"rendered":"https:\/\/scf.se\/bmx\/?p=2245"},"modified":"2026-04-28T15:00:03","modified_gmt":"2026-04-28T13:00:03","slug":"manga-krascher-pa-europacupen-i-tjeckien-men-ocksa-fina-korningar","status":"publish","type":"post","link":"https:\/\/scf.se\/bmx\/manga-krascher-pa-europacupen-i-tjeckien-men-ocksa-fina-korningar\/","title":{"rendered":"M\u00e5nga krascher p\u00e5 Europacupen i Tjeckien men ocks\u00e5 fina k\u00f6rningar"},"content":{"rendered":"<p><strong>Det blev en extremt tuff f\u00f6rsta dag p\u00e5 Europacupen i BMX n\u00e4r delt\u00e4vling fem och sex avgjordes i Ben\u00e1tky nad Jizerou, fyra mil nordost om Prag. Unge svenska stj\u00e4rnan Jesper Wahlberg blev indragen i en krasch strax efter starten i l\u00f6rdagens final. My Sylwan gjorde ett positivt f\u00f6rsta landslagsuppdrag, gick till kvartsfinal b\u00e5da dagarna, men DNF d\u00e4r ocks\u00e5.<\/strong><\/p>\n<p>Jesper Wahlberg, som vann den allra f\u00f6rsta delt\u00e4vlingen i juniorernas Europacup och tidigare har prenumererat p\u00e5 totalsegern i ungdomsklasser, k\u00f6rde bra hela dagen. Han tog sig enkelt vidare steg f\u00f6r steg och stod sen i final. I finalen s\u00e5 var det n\u00e5gra som gick ihop i f\u00f6rsta hoppet och \u00e4ven Jesper gick ner i backen. En kn\u00e4skada och l\u00e4tt hj\u00e4rnskakning var inte bra.<\/p>\n<a href=\"https:\/\/scf.se\/bmx\/wp-content\/uploads\/sites\/3\/2026\/04\/JU3A9464.jpg\"><img loading=\"lazy\" decoding=\"async\" class=\"alignnone size-full wp-image-2250\" src=\"https:\/\/scf.se\/bmx\/wp-content\/uploads\/sites\/3\/2026\/04\/JU3A9464.jpg\" alt=\"\" width=\"1653\" height=\"2480\" srcset=\"https:\/\/scf.se\/bmx\/wp-content\/uploads\/sites\/3\/2026\/04\/JU3A9464.jpg 1653w, https:\/\/scf.se\/bmx\/wp-content\/uploads\/sites\/3\/2026\/04\/JU3A9464-200x300.jpg 200w, https:\/\/scf.se\/bmx\/wp-content\/uploads\/sites\/3\/2026\/04\/JU3A9464-683x1024.jpg 683w, https:\/\/scf.se\/bmx\/wp-content\/uploads\/sites\/3\/2026\/04\/JU3A9464-768x1152.jpg 768w, https:\/\/scf.se\/bmx\/wp-content\/uploads\/sites\/3\/2026\/04\/JU3A9464-1024x1536.jpg 1024w, https:\/\/scf.se\/bmx\/wp-content\/uploads\/sites\/3\/2026\/04\/JU3A9464-1365x2048.jpg 1365w\" sizes=\"auto, (max-width: 1653px) 100vw, 1653px\" \/><\/a>\n<blockquote><p>&#8221;Vi plockade bort honom fr\u00e5n dagens t\u00e4vling. I \u00f6vrigt m\u00e5r han bra idag&#8221;, rapporterar f\u00f6rbundskaptenen Johan Fransson g\u00e4llande Jesper som d\u00e4rmed stannade p\u00e5 en \u00e5ttondeplats och en DNS i Tjeckien.<\/p><\/blockquote>\n<p>Juniorkollegan Axel Borgstr\u00f6m (\u00f6versta bilden) drog i backen i f\u00f6rsta heatet och slog i axeln och tyv\u00e4rr s\u00e5 har den ej blivit b\u00e4ttre och det blir ingen k\u00f6rning idag. F\u00f6rutom axeln s\u00e5 m\u00e5r han bra och hoppas p\u00e5 snabb \u00e5terh\u00e4mtning.<\/p>\n<blockquote><p>&#8221;En tuff f\u00f6rsta dag men thats racing och nu fokuserar vi fullt p\u00e5 My p\u00e5 s\u00f6ndagen&#8221;, s\u00e4ger Johan Fransson.<\/p><\/blockquote>\n<p>My Sylwan som gjorde sitt f\u00f6rsta landslagsuppdrag tryckte p\u00e5 bra ig\u00e5r och tog sig till kvartsfinal d\u00e4r hon tyv\u00e4rr gick ner in i f\u00f6rsta sv\u00e4ng n\u00e4r hon k\u00e4mpade om tredjeplatsen.<\/p>\n<blockquote><p>&#8221;My \u00e4r fit for fight i dag s\u00f6ndag och \u00e4r ute efter revansch&#8221;, s\u00e4ger Johan Fransson.<\/p><\/blockquote>\n<a href=\"https:\/\/scf.se\/bmx\/wp-content\/uploads\/sites\/3\/2026\/04\/JU3A8743.jpg\"><img loading=\"lazy\" decoding=\"async\" class=\"alignnone size-full wp-image-2248\" src=\"https:\/\/scf.se\/bmx\/wp-content\/uploads\/sites\/3\/2026\/04\/JU3A8743.jpg\" alt=\"\" width=\"1653\" height=\"2480\" srcset=\"https:\/\/scf.se\/bmx\/wp-content\/uploads\/sites\/3\/2026\/04\/JU3A8743.jpg 1653w, https:\/\/scf.se\/bmx\/wp-content\/uploads\/sites\/3\/2026\/04\/JU3A8743-200x300.jpg 200w, https:\/\/scf.se\/bmx\/wp-content\/uploads\/sites\/3\/2026\/04\/JU3A8743-683x1024.jpg 683w, https:\/\/scf.se\/bmx\/wp-content\/uploads\/sites\/3\/2026\/04\/JU3A8743-768x1152.jpg 768w, https:\/\/scf.se\/bmx\/wp-content\/uploads\/sites\/3\/2026\/04\/JU3A8743-1024x1536.jpg 1024w, https:\/\/scf.se\/bmx\/wp-content\/uploads\/sites\/3\/2026\/04\/JU3A8743-1365x2048.jpg 1365w\" sizes=\"auto, (max-width: 1653px) 100vw, 1653px\" \/><\/a>\n<p>Sylwan var fyra i kvalet, men summerade en ny DNF i kvartsfinalen och slutade 24:a av de 40 startande i flickor 15\u201316. p\u00e5 l\u00f6rdagen blev det ett sn\u00e4pp b\u00e4ttre placeringsm\u00e4ssigt.<\/p>\n<p>B\u00e4sta svenska placeringen tog Penne Zerge i pojkar 13 med en femteplats p\u00e5 l\u00f6rdagen. Till final \u00e4ven Manfredi Giudice. P\u00e5 s\u00f6ndagen var det gl\u00e4djande m\u00e5nga topp 10 bland de yngsta, allra b\u00e4st placerad Pixi Zerge.<\/p>\n<p>Hampus Westberg, Noa Elisson och Udo Rudberg fanns alla med och k\u00f6rde i pojkar 15\u201316, utanf\u00f6r det ordinarie landslagets regi.<\/p>\n<p>P\u00e5 s\u00f6ndagen klarade sig Noa f\u00f6rbi 16-delsfinalen och var med det b\u00e4ste svenska cyklist. Men det var j\u00e4mnt. Och p\u00e5 l\u00f6rdagen var Noa den enda som tog sig vidare till finalpasset.<\/p>\n<ul>\n<li><a href=\"https:\/\/results.jstiming.com\/99bf5559-4864-4496-9976-9681ae1834b7\"><em><strong>Ni hittar alla resultat fr\u00e5n Europacupen i BMX racing i Tjeckien h\u00e4r!<\/strong><\/em><\/a><\/li>\n<\/ul>\n<p><em>Text: SCF<br \/>\nArkivbilder: Henrik Antin<\/em><\/p>\n<p>&nbsp;<\/p>\n<p>&nbsp;<\/p>\n<p>&nbsp;<\/p>\n","protected":false},"excerpt":{"rendered":"<p>Det blev en extremt tuff f\u00f6rsta dag p\u00e5 Europacupen i BMX n\u00e4r delt\u00e4vling fem och sex avgjordes i Ben\u00e1tky nad Jizerou, fyra mil nordost om Prag. Unge svenska stj\u00e4rnan Jesper Wahlberg blev indragen i en krasch strax efter starten i l\u00f6rdagens final. My Sylwan gjorde ett positivt f\u00f6rsta landslagsuppdrag, gick till kvartsfinal b\u00e5da dagarna,<a href=\"https:\/\/scf.se\/bmx\/manga-krascher-pa-europacupen-i-tjeckien-men-ocksa-fina-korningar\/\" class=\"news-card__more\"> &#8230;<\/a><\/p>\n","protected":false},"author":41,"featured_media":2251,"comment_status":"open","ping_status":"open","sticky":false,"template":"","format":"standard","meta":{"_acf_changed":false,"footnotes":""},"categories":[1],"tags":[],"class_list":["post-2245","post","type-post","status-publish","format-standard","hentry","category-bmx"],"acf":[],"_links":{"self":[{"href":"https:\/\/scf.se\/bmx\/wp-json\/wp\/v2\/posts\/2245","targetHints":{"allow":["GET"]}}],"collection":[{"href":"https:\/\/scf.se\/bmx\/wp-json\/wp\/v2\/posts"}],"about":[{"href":"https:\/\/scf.se\/bmx\/wp-json\/wp\/v2\/types\/post"}],"author":[{"embeddable":true,"href":"https:\/\/scf.se\/bmx\/wp-json\/wp\/v2\/users\/41"}],"replies":[{"embeddable":true,"href":"https:\/\/scf.se\/bmx\/wp-json\/wp\/v2\/comments?post=2245"}],"version-history":[{"count":3,"href":"https:\/\/scf.se\/bmx\/wp-json\/wp\/v2\/posts\/2245\/revisions"}],"predecessor-version":[{"id":2252,"href":"https:\/\/scf.se\/bmx\/wp-json\/wp\/v2\/posts\/2245\/revisions\/2252"}],"wp:featuredmedia":[{"embeddable":true,"href":"https:\/\/scf.se\/bmx\/wp-json\/wp\/v2\/media\/2251"}],"wp:attachment":[{"href":"https:\/\/scf.se\/bmx\/wp-json\/wp\/v2\/media?parent=2245"}],"wp:term":[{"taxonomy":"category","embeddable":true,"href":"https:\/\/scf.se\/bmx\/wp-json\/wp\/v2\/categories?post=2245"},{"taxonomy":"post_tag","embeddable":true,"href":"https:\/\/scf.se\/bmx\/wp-json\/wp\/v2\/tags?post=2245"}],"curies":[{"name":"wp","href":"https:\/\/api.w.org\/{rel}","templated":true}]}}