
{"id":2220,"date":"2026-03-17T16:18:06","date_gmt":"2026-03-17T15:18:06","guid":{"rendered":"https:\/\/scf.se\/bmx\/?p=2220"},"modified":"2026-03-17T16:32:58","modified_gmt":"2026-03-17T15:32:58","slug":"jesper-wahlberg-vann-den-forsta-deltavlingen-pa-europacupen","status":"publish","type":"post","link":"https:\/\/scf.se\/bmx\/jesper-wahlberg-vann-den-forsta-deltavlingen-pa-europacupen\/","title":{"rendered":"Jesper Wahlberg vann den f\u00f6rsta delt\u00e4vlingen p\u00e5 \u00e5rets Europacup"},"content":{"rendered":"<p><strong>Jesper Wahlberg vann den f\u00f6rsta delt\u00e4vlingen n\u00e4r BMX-landslaget inledde Europacups\u00e4songen i Verona. Axel Borgstr\u00f6m svarade ocks\u00e5 f\u00f6r en stark insats i sin debuthelg som junior, d\u00e4r han tog sig vidare efter en tidig krasch under den f\u00f6rsta t\u00e4vlingsdagen. Totalt blev det en lovande svensk start p\u00e5 \u00e5ret inf\u00f6r n\u00e4sta Europacup i Tjeckien.<\/strong><\/p>\n<p>F\u00f6rsta Europacupen i Verona \u00e4r nu avklarad. Landslaget \u00e5kte ner med juniorerna Jesper Wahlberg och Axel Borgstr\u00f6m. B\u00e5da var p\u00e5 plats tidigt f\u00f6r att f\u00f6rbereda sig p\u00e5 banan, och f\u00f6rbundskapten Johan Fransson kom ner en vecka f\u00f6re t\u00e4vlingen f\u00f6r att starta \u00e5rets f\u00f6rsta uppdrag.<\/p>\n<p>Redan tidigt syntes det att grabbarna hade kommit in i banan bra och de sista passen handlade mest om att finslipa det sista. Totalt fanns 115 juniorer p\u00e5 plats och det var upplagt f\u00f6r tv\u00e5 tuffa t\u00e4vlingsdagar.<\/p>\n<p>P\u00e5 fredagen k\u00f6rdes den f\u00f6rsta delt\u00e4vlingen. Jesper visade snabbt att han var att r\u00e4kna med och tog sig vidare utan problem. Axel b\u00f6rjade ocks\u00e5 starkt och allt s\u00e5g ut att g\u00e5 v\u00e4gen, men en liten miss p\u00e5 tredje rakan slutade med en krasch och laget fick snabbt st\u00e4lla om till LCQ. Med skraps\u00e5r och en \u00f6m kropp st\u00e4llde han sig p\u00e5 grinden igen, visade stark moral och tog sig vidare \u00e4ven han.<\/p>\n<p>B\u00e5da svenskarna tog sig sedan vidare genom 1\/16- och 1\/8-finalerna. I kvartsfinalen hamnade de i samma heat, och d\u00e4r var det Jesper som tog sig vidare.<\/p>\n<a href=\"https:\/\/scf.se\/bmx\/wp-content\/uploads\/sites\/3\/2026\/03\/3a176e72-fd41-497d-9134-a0fe87cf6d55.jpg\"><img loading=\"lazy\" decoding=\"async\" class=\"alignnone size-full wp-image-2226\" src=\"https:\/\/scf.se\/bmx\/wp-content\/uploads\/sites\/3\/2026\/03\/3a176e72-fd41-497d-9134-a0fe87cf6d55.jpg\" alt=\"\" width=\"1536\" height=\"2048\" srcset=\"https:\/\/scf.se\/bmx\/wp-content\/uploads\/sites\/3\/2026\/03\/3a176e72-fd41-497d-9134-a0fe87cf6d55.jpg 1536w, https:\/\/scf.se\/bmx\/wp-content\/uploads\/sites\/3\/2026\/03\/3a176e72-fd41-497d-9134-a0fe87cf6d55-225x300.jpg 225w, https:\/\/scf.se\/bmx\/wp-content\/uploads\/sites\/3\/2026\/03\/3a176e72-fd41-497d-9134-a0fe87cf6d55-768x1024.jpg 768w, https:\/\/scf.se\/bmx\/wp-content\/uploads\/sites\/3\/2026\/03\/3a176e72-fd41-497d-9134-a0fe87cf6d55-1152x1536.jpg 1152w\" sizes=\"auto, (max-width: 1536px) 100vw, 1536px\" \/><\/a> <a href=\"https:\/\/scf.se\/bmx\/wp-content\/uploads\/sites\/3\/2026\/03\/e8c08451-85d4-4402-aa96-2c713350f3ea.jpg\"><img loading=\"lazy\" decoding=\"async\" class=\"alignnone size-full wp-image-2228\" src=\"https:\/\/scf.se\/bmx\/wp-content\/uploads\/sites\/3\/2026\/03\/e8c08451-85d4-4402-aa96-2c713350f3ea.jpg\" alt=\"\" width=\"2048\" height=\"1536\" srcset=\"https:\/\/scf.se\/bmx\/wp-content\/uploads\/sites\/3\/2026\/03\/e8c08451-85d4-4402-aa96-2c713350f3ea.jpg 2048w, https:\/\/scf.se\/bmx\/wp-content\/uploads\/sites\/3\/2026\/03\/e8c08451-85d4-4402-aa96-2c713350f3ea-300x225.jpg 300w, https:\/\/scf.se\/bmx\/wp-content\/uploads\/sites\/3\/2026\/03\/e8c08451-85d4-4402-aa96-2c713350f3ea-1024x768.jpg 1024w, https:\/\/scf.se\/bmx\/wp-content\/uploads\/sites\/3\/2026\/03\/e8c08451-85d4-4402-aa96-2c713350f3ea-768x576.jpg 768w, https:\/\/scf.se\/bmx\/wp-content\/uploads\/sites\/3\/2026\/03\/e8c08451-85d4-4402-aa96-2c713350f3ea-1536x1152.jpg 1536w\" sizes=\"auto, (max-width: 2048px) 100vw, 2048px\" \/><\/a> <a href=\"https:\/\/scf.se\/bmx\/wp-content\/uploads\/sites\/3\/2026\/03\/27597b95-d340-4891-97e0-7aeb88e49668.jpg\"><img loading=\"lazy\" decoding=\"async\" class=\"alignnone size-full wp-image-2227\" src=\"https:\/\/scf.se\/bmx\/wp-content\/uploads\/sites\/3\/2026\/03\/27597b95-d340-4891-97e0-7aeb88e49668.jpg\" alt=\"\" width=\"1536\" height=\"2048\" srcset=\"https:\/\/scf.se\/bmx\/wp-content\/uploads\/sites\/3\/2026\/03\/27597b95-d340-4891-97e0-7aeb88e49668.jpg 1536w, https:\/\/scf.se\/bmx\/wp-content\/uploads\/sites\/3\/2026\/03\/27597b95-d340-4891-97e0-7aeb88e49668-225x300.jpg 225w, https:\/\/scf.se\/bmx\/wp-content\/uploads\/sites\/3\/2026\/03\/27597b95-d340-4891-97e0-7aeb88e49668-768x1024.jpg 768w, https:\/\/scf.se\/bmx\/wp-content\/uploads\/sites\/3\/2026\/03\/27597b95-d340-4891-97e0-7aeb88e49668-1152x1536.jpg 1152w\" sizes=\"auto, (max-width: 1536px) 100vw, 1536px\" \/><\/a>\n<blockquote><p>\u201dJag \u00e4r v\u00e4ldigt imponerad av Axel den h\u00e4r dagen. Han har imponerat fr\u00e5n start och att v\u00e4nda tillbaka efter kraschen han gjorde var riktigt bra jobbat. Han kan vara v\u00e4ldigt n\u00f6jd med dagens prestation och resultat\u201d, s\u00e4ger Johan Fransson, f\u00f6rbundskapten i BMX.<\/p><\/blockquote>\n<p>Jesper tog sig sedan vidare fr\u00e5n semifinalen till final. D\u00e4r tog han ledningen efter f\u00f6rsta sv\u00e4ngen och h\u00f6ll undan hela v\u00e4gen in i m\u00e5l f\u00f6r att vinna med god marginal.<\/p>\n<blockquote><p>\u201dJesper slutar aldrig att imponera. Han k\u00f6r helt fantastiskt hela dagen och g\u00f6r kanske den mest imponerande finalen n\u00e4r han i f\u00f6rsta sv\u00e4ngen ligger p\u00e5 utsidan, kastar sig ner i en liten lucka, st\u00e4nger hela f\u00e4ltet och sedan kan k\u00f6ra hem segern. Riktigt imponerande och v\u00e4lf\u00f6rtj\u00e4nt. Det ska ocks\u00e5 s\u00e4gas att Jesper drog p\u00e5 sig en ryggskada under de sista tr\u00e4ningspassen och har f\u00e5tt rehab med kiropraktor och massage, samtidigt som vi tejpat upp honom. Att han trots sm\u00e4rtor kan prestera p\u00e5 den h\u00e4r niv\u00e5n \u00e4r s\u00e5 imponerande\u201d, s\u00e4ger Johan Fransson.<\/p><\/blockquote>\n<p>Den andra t\u00e4vlingsdagen blev tyngre f\u00f6r Axel. Han k\u00f6rde bra i kvalet, men n\u00e5gra missar satte honom i LCQ och d\u00e4r var han lite f\u00f6r taggad och gick \u00f6ver grinden, vilket gjorde att t\u00e4vlingen var \u00f6ver.<\/p>\n<p>Jesper hade det ocks\u00e5 tuffare dag tv\u00e5. Ryggen gjorde sig mer p\u00e5mind, men han k\u00e4mpade sig vidare steg f\u00f6r steg och tog sig till final \u00e4ven den h\u00e4r dagen. D\u00e4r fastnade han l\u00e4ngre bak, men efter en stark sista raka k\u00f6rde han upp sig till en fin fj\u00e4rdeplats.<\/p>\n<blockquote><p>\u201dJag \u00e4r riktigt stolt \u00f6ver och imponerad av grabbarna den h\u00e4r helgen. Axel har som f\u00f6rsta\u00e5rsjunior verkligen steppat upp fr\u00e5n f\u00f6rra \u00e5ret och det ska bli kul att f\u00f6lja honom vidare. Jesper slutar, som sagt, aldrig att imponera och har gjort en kanonhelg\u201d, s\u00e4ger Johan Fransson.<\/p><\/blockquote>\n<p>Efter tv\u00e5 omg\u00e5ngar ligger Jesper p\u00e5 delad f\u00f6rstaplats i totalen, medan Axel \u00e4r p\u00e5 49:e plats. N\u00e4sta resa f\u00f6r landslaget \u00e5ker till Ben\u00e1tky nad Jizerou i Tjeckien f\u00f6r Europacup 5\u20136, d\u00e4r \u00e4ven My Sylwan kommer att finnas med. D\u00e5 \u00e4r vi framme i 25\u201326 april.<\/p>\n<a href=\"https:\/\/scf.se\/bmx\/wp-content\/uploads\/sites\/3\/2026\/03\/02fbdb6e-2ebe-4073-8a7b-639756879e7e.jpg\"><img loading=\"lazy\" decoding=\"async\" class=\"alignnone size-full wp-image-2223\" src=\"https:\/\/scf.se\/bmx\/wp-content\/uploads\/sites\/3\/2026\/03\/02fbdb6e-2ebe-4073-8a7b-639756879e7e.jpg\" alt=\"\" width=\"1500\" height=\"1000\" srcset=\"https:\/\/scf.se\/bmx\/wp-content\/uploads\/sites\/3\/2026\/03\/02fbdb6e-2ebe-4073-8a7b-639756879e7e.jpg 1500w, https:\/\/scf.se\/bmx\/wp-content\/uploads\/sites\/3\/2026\/03\/02fbdb6e-2ebe-4073-8a7b-639756879e7e-300x200.jpg 300w, https:\/\/scf.se\/bmx\/wp-content\/uploads\/sites\/3\/2026\/03\/02fbdb6e-2ebe-4073-8a7b-639756879e7e-1024x683.jpg 1024w, https:\/\/scf.se\/bmx\/wp-content\/uploads\/sites\/3\/2026\/03\/02fbdb6e-2ebe-4073-8a7b-639756879e7e-768x512.jpg 768w\" sizes=\"auto, (max-width: 1500px) 100vw, 1500px\" \/><\/a>\n<ul>\n<li><a href=\"https:\/\/uec.ch\/en\/bmx-european-cup\"><em><strong>L\u00e4s mera om Europacupen i BMX och alla resultat h\u00e4r!<\/strong><\/em><\/a><\/li>\n<\/ul>\n<a href=\"https:\/\/scf.se\/bmx\/wp-content\/uploads\/sites\/3\/2026\/03\/54fc5497-313f-4b3a-993c-d48bca1c96de.jpg\"><img loading=\"lazy\" decoding=\"async\" class=\"alignnone size-full wp-image-2230\" src=\"https:\/\/scf.se\/bmx\/wp-content\/uploads\/sites\/3\/2026\/03\/54fc5497-313f-4b3a-993c-d48bca1c96de.jpg\" alt=\"\" width=\"1500\" height=\"1000\" srcset=\"https:\/\/scf.se\/bmx\/wp-content\/uploads\/sites\/3\/2026\/03\/54fc5497-313f-4b3a-993c-d48bca1c96de.jpg 1500w, https:\/\/scf.se\/bmx\/wp-content\/uploads\/sites\/3\/2026\/03\/54fc5497-313f-4b3a-993c-d48bca1c96de-300x200.jpg 300w, https:\/\/scf.se\/bmx\/wp-content\/uploads\/sites\/3\/2026\/03\/54fc5497-313f-4b3a-993c-d48bca1c96de-1024x683.jpg 1024w, https:\/\/scf.se\/bmx\/wp-content\/uploads\/sites\/3\/2026\/03\/54fc5497-313f-4b3a-993c-d48bca1c96de-768x512.jpg 768w\" sizes=\"auto, (max-width: 1500px) 100vw, 1500px\" \/><\/a>\n<p><em>Text: SCF<\/em><br \/>\n<em>Foto: UEC och privat<\/em><\/p>\n","protected":false},"excerpt":{"rendered":"<p>Jesper Wahlberg vann den f\u00f6rsta delt\u00e4vlingen n\u00e4r BMX-landslaget inledde Europacups\u00e4songen i Verona. Axel Borgstr\u00f6m svarade ocks\u00e5 f\u00f6r en stark insats i sin debuthelg som junior, d\u00e4r han tog sig vidare efter en tidig krasch under den f\u00f6rsta t\u00e4vlingsdagen. Totalt blev det en lovande svensk start p\u00e5 \u00e5ret inf\u00f6r n\u00e4sta Europacup i Tjeckien. F\u00f6rsta Europacupen<a href=\"https:\/\/scf.se\/bmx\/jesper-wahlberg-vann-den-forsta-deltavlingen-pa-europacupen\/\" class=\"news-card__more\"> &#8230;<\/a><\/p>\n","protected":false},"author":41,"featured_media":2231,"comment_status":"open","ping_status":"open","sticky":true,"template":"","format":"standard","meta":{"_acf_changed":false,"footnotes":""},"categories":[1],"tags":[],"class_list":["post-2220","post","type-post","status-publish","format-standard","hentry","category-bmx"],"acf":[],"_links":{"self":[{"href":"https:\/\/scf.se\/bmx\/wp-json\/wp\/v2\/posts\/2220","targetHints":{"allow":["GET"]}}],"collection":[{"href":"https:\/\/scf.se\/bmx\/wp-json\/wp\/v2\/posts"}],"about":[{"href":"https:\/\/scf.se\/bmx\/wp-json\/wp\/v2\/types\/post"}],"author":[{"embeddable":true,"href":"https:\/\/scf.se\/bmx\/wp-json\/wp\/v2\/users\/41"}],"replies":[{"embeddable":true,"href":"https:\/\/scf.se\/bmx\/wp-json\/wp\/v2\/comments?post=2220"}],"version-history":[{"count":4,"href":"https:\/\/scf.se\/bmx\/wp-json\/wp\/v2\/posts\/2220\/revisions"}],"predecessor-version":[{"id":2234,"href":"https:\/\/scf.se\/bmx\/wp-json\/wp\/v2\/posts\/2220\/revisions\/2234"}],"wp:featuredmedia":[{"embeddable":true,"href":"https:\/\/scf.se\/bmx\/wp-json\/wp\/v2\/media\/2231"}],"wp:attachment":[{"href":"https:\/\/scf.se\/bmx\/wp-json\/wp\/v2\/media?parent=2220"}],"wp:term":[{"taxonomy":"category","embeddable":true,"href":"https:\/\/scf.se\/bmx\/wp-json\/wp\/v2\/categories?post=2220"},{"taxonomy":"post_tag","embeddable":true,"href":"https:\/\/scf.se\/bmx\/wp-json\/wp\/v2\/tags?post=2220"}],"curies":[{"name":"wp","href":"https:\/\/api.w.org\/{rel}","templated":true}]}}