
{"id":2167,"date":"2025-10-06T15:32:00","date_gmt":"2025-10-06T13:32:00","guid":{"rendered":"https:\/\/scf.se\/bmx\/?p=2167"},"modified":"2025-10-06T15:40:49","modified_gmt":"2025-10-06T13:40:49","slug":"spackad-avslutning-i-swe-cup-bmx-med-manga-fina-prestationer","status":"publish","type":"post","link":"https:\/\/scf.se\/bmx\/spackad-avslutning-i-swe-cup-bmx-med-manga-fina-prestationer\/","title":{"rendered":"Sp\u00e4ckad andra halva av i SWE Cup BMX med m\u00e5nga fina prestationer"},"content":{"rendered":"<p><strong>Det har varit en\u00a0 sen men sp\u00e4ckad avslutning av \u00e5rets SWE Cup i BMX. F\u00f6rst k\u00f6rde SMK Uppsala och \u00c4lvsj\u00f6 BMX varsin delt\u00e4vling p\u00e5\u00a0Stockholms BMX-arena I helgen var Malm\u00f6 v\u00e4rd f\u00f6r \u00e5rets b\u00e4gge sista delt\u00e4vlingar i SWE Cup \u2013 med en minst sagt bl\u00e5sig l\u00f6rdag som till sist gav inst\u00e4lld t\u00e4vling och en betydligt mera angen\u00e4m avslutningsdag.<\/strong><\/p>\n<p>BMX-s\u00e4songen 2025 n\u00e4rmar sig sitt slut, och endast n\u00e5gra f\u00e5 lokala t\u00e4vlingar \u00e5terst\u00e5r innan cyklarna st\u00e4lls undan f\u00f6r vintervila och grundtr\u00e4ningen f\u00f6r cyklisterna tar vid.<\/p>\n<p>L\u00f6rdagen i Malm\u00f6, som var lika med SWE Cup-delt\u00e4vling nummer 6, bj\u00f6d tyv\u00e4rr p\u00e5 tuffa f\u00f6rh\u00e5llanden n\u00e4r stormen Amy drog in \u00f6ver Malm\u00f6. Trots bl\u00e5st och regn fanns det \u00e4nd\u00e5 ett antal tappra cyklister som genomf\u00f6rde tr\u00e4ningen p\u00e5 banan. T\u00e4vlingsledningen tog dock det kloka beslutet att st\u00e4lla in l\u00f6rdagens t\u00e4vling av s\u00e4kerhetssk\u00e4l och tilldelade samtliga anm\u00e4lda 10 po\u00e4ng vardera f\u00f6r r\u00e4ttvisans skull.<\/p>\n<p>P\u00e5 s\u00f6ndagen, SWE Cup #7, hade stormen dragit vidare och v\u00e4dret visade sig fr\u00e5n en betydligt b\u00e4ttre sida. Malm\u00f6 lyckades d\u00e4rmed genomf\u00f6ra den avslutande SWE Cup-t\u00e4vlingen f\u00f6r \u00e5ret, med ett h\u00e4rligt g\u00e4ng taggade \u00e5kare p\u00e5 startlinjen.<\/p>\n<p>S\u00e5 h\u00e4r s\u00e5g det ut genom Henrik Antins kamera, vi tackar f\u00f6r de sista av s\u00e4songens alla fantastiska BMX-bilder honom.<\/p>\n<a href=\"https:\/\/scf.se\/bmx\/wp-content\/uploads\/sites\/3\/2025\/10\/JU3A2732-scaled.jpg\"><img loading=\"lazy\" decoding=\"async\" class=\"alignnone size-full wp-image-2168\" src=\"https:\/\/scf.se\/bmx\/wp-content\/uploads\/sites\/3\/2025\/10\/JU3A2732-scaled.jpg\" alt=\"\" width=\"2560\" height=\"1706\" srcset=\"https:\/\/scf.se\/bmx\/wp-content\/uploads\/sites\/3\/2025\/10\/JU3A2732-scaled.jpg 2560w, https:\/\/scf.se\/bmx\/wp-content\/uploads\/sites\/3\/2025\/10\/JU3A2732-300x200.jpg 300w, https:\/\/scf.se\/bmx\/wp-content\/uploads\/sites\/3\/2025\/10\/JU3A2732-1024x683.jpg 1024w, https:\/\/scf.se\/bmx\/wp-content\/uploads\/sites\/3\/2025\/10\/JU3A2732-768x512.jpg 768w, https:\/\/scf.se\/bmx\/wp-content\/uploads\/sites\/3\/2025\/10\/JU3A2732-1536x1024.jpg 1536w, https:\/\/scf.se\/bmx\/wp-content\/uploads\/sites\/3\/2025\/10\/JU3A2732-2048x1365.jpg 2048w\" sizes=\"auto, (max-width: 2560px) 100vw, 2560px\" \/><\/a> <a href=\"https:\/\/scf.se\/bmx\/wp-content\/uploads\/sites\/3\/2025\/10\/JU3A3076-scaled.jpg\"><img loading=\"lazy\" decoding=\"async\" class=\"alignnone size-full wp-image-2176\" src=\"https:\/\/scf.se\/bmx\/wp-content\/uploads\/sites\/3\/2025\/10\/JU3A3076-scaled.jpg\" alt=\"\" width=\"2560\" height=\"1706\" srcset=\"https:\/\/scf.se\/bmx\/wp-content\/uploads\/sites\/3\/2025\/10\/JU3A3076-scaled.jpg 2560w, https:\/\/scf.se\/bmx\/wp-content\/uploads\/sites\/3\/2025\/10\/JU3A3076-300x200.jpg 300w, https:\/\/scf.se\/bmx\/wp-content\/uploads\/sites\/3\/2025\/10\/JU3A3076-1024x683.jpg 1024w, https:\/\/scf.se\/bmx\/wp-content\/uploads\/sites\/3\/2025\/10\/JU3A3076-768x512.jpg 768w, https:\/\/scf.se\/bmx\/wp-content\/uploads\/sites\/3\/2025\/10\/JU3A3076-1536x1024.jpg 1536w, https:\/\/scf.se\/bmx\/wp-content\/uploads\/sites\/3\/2025\/10\/JU3A3076-2048x1365.jpg 2048w\" sizes=\"auto, (max-width: 2560px) 100vw, 2560px\" \/><\/a> <a href=\"https:\/\/scf.se\/bmx\/wp-content\/uploads\/sites\/3\/2025\/10\/JU3A3065-scaled.jpg\"><img loading=\"lazy\" decoding=\"async\" class=\"alignnone size-full wp-image-2175\" src=\"https:\/\/scf.se\/bmx\/wp-content\/uploads\/sites\/3\/2025\/10\/JU3A3065-scaled.jpg\" alt=\"\" width=\"1707\" height=\"2560\" srcset=\"https:\/\/scf.se\/bmx\/wp-content\/uploads\/sites\/3\/2025\/10\/JU3A3065-scaled.jpg 1707w, https:\/\/scf.se\/bmx\/wp-content\/uploads\/sites\/3\/2025\/10\/JU3A3065-200x300.jpg 200w, https:\/\/scf.se\/bmx\/wp-content\/uploads\/sites\/3\/2025\/10\/JU3A3065-683x1024.jpg 683w, https:\/\/scf.se\/bmx\/wp-content\/uploads\/sites\/3\/2025\/10\/JU3A3065-768x1152.jpg 768w, https:\/\/scf.se\/bmx\/wp-content\/uploads\/sites\/3\/2025\/10\/JU3A3065-1024x1536.jpg 1024w, https:\/\/scf.se\/bmx\/wp-content\/uploads\/sites\/3\/2025\/10\/JU3A3065-1366x2048.jpg 1366w\" sizes=\"auto, (max-width: 1707px) 100vw, 1707px\" \/><\/a> <a href=\"https:\/\/scf.se\/bmx\/wp-content\/uploads\/sites\/3\/2025\/10\/JU3A3040-scaled.jpg\"><img loading=\"lazy\" decoding=\"async\" class=\"alignnone size-full wp-image-2174\" src=\"https:\/\/scf.se\/bmx\/wp-content\/uploads\/sites\/3\/2025\/10\/JU3A3040-scaled.jpg\" alt=\"\" width=\"2560\" height=\"1707\" srcset=\"https:\/\/scf.se\/bmx\/wp-content\/uploads\/sites\/3\/2025\/10\/JU3A3040-scaled.jpg 2560w, https:\/\/scf.se\/bmx\/wp-content\/uploads\/sites\/3\/2025\/10\/JU3A3040-300x200.jpg 300w, https:\/\/scf.se\/bmx\/wp-content\/uploads\/sites\/3\/2025\/10\/JU3A3040-1024x683.jpg 1024w, https:\/\/scf.se\/bmx\/wp-content\/uploads\/sites\/3\/2025\/10\/JU3A3040-768x512.jpg 768w, https:\/\/scf.se\/bmx\/wp-content\/uploads\/sites\/3\/2025\/10\/JU3A3040-1536x1024.jpg 1536w, https:\/\/scf.se\/bmx\/wp-content\/uploads\/sites\/3\/2025\/10\/JU3A3040-2048x1365.jpg 2048w\" sizes=\"auto, (max-width: 2560px) 100vw, 2560px\" \/><\/a> <a href=\"https:\/\/scf.se\/bmx\/wp-content\/uploads\/sites\/3\/2025\/10\/JU3A3039-scaled.jpg\"><img loading=\"lazy\" decoding=\"async\" class=\"alignnone size-full wp-image-2173\" src=\"https:\/\/scf.se\/bmx\/wp-content\/uploads\/sites\/3\/2025\/10\/JU3A3039-scaled.jpg\" alt=\"\" width=\"2560\" height=\"1707\" srcset=\"https:\/\/scf.se\/bmx\/wp-content\/uploads\/sites\/3\/2025\/10\/JU3A3039-scaled.jpg 2560w, https:\/\/scf.se\/bmx\/wp-content\/uploads\/sites\/3\/2025\/10\/JU3A3039-300x200.jpg 300w, https:\/\/scf.se\/bmx\/wp-content\/uploads\/sites\/3\/2025\/10\/JU3A3039-1024x683.jpg 1024w, https:\/\/scf.se\/bmx\/wp-content\/uploads\/sites\/3\/2025\/10\/JU3A3039-768x512.jpg 768w, https:\/\/scf.se\/bmx\/wp-content\/uploads\/sites\/3\/2025\/10\/JU3A3039-1536x1024.jpg 1536w, https:\/\/scf.se\/bmx\/wp-content\/uploads\/sites\/3\/2025\/10\/JU3A3039-2048x1365.jpg 2048w\" sizes=\"auto, (max-width: 2560px) 100vw, 2560px\" \/><\/a> <a href=\"https:\/\/scf.se\/bmx\/wp-content\/uploads\/sites\/3\/2025\/10\/JU3A3034-scaled.jpg\"><img loading=\"lazy\" decoding=\"async\" class=\"alignnone size-full wp-image-2172\" src=\"https:\/\/scf.se\/bmx\/wp-content\/uploads\/sites\/3\/2025\/10\/JU3A3034-scaled.jpg\" alt=\"\" width=\"2560\" height=\"1707\" srcset=\"https:\/\/scf.se\/bmx\/wp-content\/uploads\/sites\/3\/2025\/10\/JU3A3034-scaled.jpg 2560w, https:\/\/scf.se\/bmx\/wp-content\/uploads\/sites\/3\/2025\/10\/JU3A3034-300x200.jpg 300w, https:\/\/scf.se\/bmx\/wp-content\/uploads\/sites\/3\/2025\/10\/JU3A3034-1024x683.jpg 1024w, https:\/\/scf.se\/bmx\/wp-content\/uploads\/sites\/3\/2025\/10\/JU3A3034-768x512.jpg 768w, https:\/\/scf.se\/bmx\/wp-content\/uploads\/sites\/3\/2025\/10\/JU3A3034-1536x1024.jpg 1536w, https:\/\/scf.se\/bmx\/wp-content\/uploads\/sites\/3\/2025\/10\/JU3A3034-2048x1365.jpg 2048w\" sizes=\"auto, (max-width: 2560px) 100vw, 2560px\" \/><\/a> <a href=\"https:\/\/scf.se\/bmx\/wp-content\/uploads\/sites\/3\/2025\/10\/JU3A2929-scaled.jpg\"><img loading=\"lazy\" decoding=\"async\" class=\"alignnone size-full wp-image-2171\" src=\"https:\/\/scf.se\/bmx\/wp-content\/uploads\/sites\/3\/2025\/10\/JU3A2929-scaled.jpg\" alt=\"\" width=\"1707\" height=\"2560\" srcset=\"https:\/\/scf.se\/bmx\/wp-content\/uploads\/sites\/3\/2025\/10\/JU3A2929-scaled.jpg 1707w, https:\/\/scf.se\/bmx\/wp-content\/uploads\/sites\/3\/2025\/10\/JU3A2929-200x300.jpg 200w, https:\/\/scf.se\/bmx\/wp-content\/uploads\/sites\/3\/2025\/10\/JU3A2929-683x1024.jpg 683w, https:\/\/scf.se\/bmx\/wp-content\/uploads\/sites\/3\/2025\/10\/JU3A2929-768x1152.jpg 768w, https:\/\/scf.se\/bmx\/wp-content\/uploads\/sites\/3\/2025\/10\/JU3A2929-1024x1536.jpg 1024w, https:\/\/scf.se\/bmx\/wp-content\/uploads\/sites\/3\/2025\/10\/JU3A2929-1366x2048.jpg 1366w\" sizes=\"auto, (max-width: 1707px) 100vw, 1707px\" \/><\/a> <a href=\"https:\/\/scf.se\/bmx\/wp-content\/uploads\/sites\/3\/2025\/10\/JU3A2838-scaled.jpg\"><img loading=\"lazy\" decoding=\"async\" class=\"alignnone size-full wp-image-2170\" src=\"https:\/\/scf.se\/bmx\/wp-content\/uploads\/sites\/3\/2025\/10\/JU3A2838-scaled.jpg\" alt=\"\" width=\"2560\" height=\"1706\" srcset=\"https:\/\/scf.se\/bmx\/wp-content\/uploads\/sites\/3\/2025\/10\/JU3A2838-scaled.jpg 2560w, https:\/\/scf.se\/bmx\/wp-content\/uploads\/sites\/3\/2025\/10\/JU3A2838-300x200.jpg 300w, https:\/\/scf.se\/bmx\/wp-content\/uploads\/sites\/3\/2025\/10\/JU3A2838-1024x683.jpg 1024w, https:\/\/scf.se\/bmx\/wp-content\/uploads\/sites\/3\/2025\/10\/JU3A2838-768x512.jpg 768w, https:\/\/scf.se\/bmx\/wp-content\/uploads\/sites\/3\/2025\/10\/JU3A2838-1536x1024.jpg 1536w, https:\/\/scf.se\/bmx\/wp-content\/uploads\/sites\/3\/2025\/10\/JU3A2838-2048x1365.jpg 2048w\" sizes=\"auto, (max-width: 2560px) 100vw, 2560px\" \/><\/a> <a href=\"https:\/\/scf.se\/bmx\/wp-content\/uploads\/sites\/3\/2025\/10\/JU3A2782.jpg\"><img loading=\"lazy\" decoding=\"async\" class=\"alignnone size-full wp-image-2169\" src=\"https:\/\/scf.se\/bmx\/wp-content\/uploads\/sites\/3\/2025\/10\/JU3A2782.jpg\" alt=\"\" width=\"1053\" height=\"1579\" srcset=\"https:\/\/scf.se\/bmx\/wp-content\/uploads\/sites\/3\/2025\/10\/JU3A2782.jpg 1053w, https:\/\/scf.se\/bmx\/wp-content\/uploads\/sites\/3\/2025\/10\/JU3A2782-200x300.jpg 200w, https:\/\/scf.se\/bmx\/wp-content\/uploads\/sites\/3\/2025\/10\/JU3A2782-683x1024.jpg 683w, https:\/\/scf.se\/bmx\/wp-content\/uploads\/sites\/3\/2025\/10\/JU3A2782-768x1152.jpg 768w, https:\/\/scf.se\/bmx\/wp-content\/uploads\/sites\/3\/2025\/10\/JU3A2782-1024x1536.jpg 1024w\" sizes=\"auto, (max-width: 1053px) 100vw, 1053px\" \/><\/a>\n<a href=\"https:\/\/scf.se\/bmx\/wp-content\/uploads\/sites\/3\/2025\/10\/JU3A3137-scaled.jpg\"><img loading=\"lazy\" decoding=\"async\" class=\"alignnone size-full wp-image-2178\" src=\"https:\/\/scf.se\/bmx\/wp-content\/uploads\/sites\/3\/2025\/10\/JU3A3137-scaled.jpg\" alt=\"\" width=\"2560\" height=\"1707\" srcset=\"https:\/\/scf.se\/bmx\/wp-content\/uploads\/sites\/3\/2025\/10\/JU3A3137-scaled.jpg 2560w, https:\/\/scf.se\/bmx\/wp-content\/uploads\/sites\/3\/2025\/10\/JU3A3137-300x200.jpg 300w, https:\/\/scf.se\/bmx\/wp-content\/uploads\/sites\/3\/2025\/10\/JU3A3137-1024x683.jpg 1024w, https:\/\/scf.se\/bmx\/wp-content\/uploads\/sites\/3\/2025\/10\/JU3A3137-768x512.jpg 768w, https:\/\/scf.se\/bmx\/wp-content\/uploads\/sites\/3\/2025\/10\/JU3A3137-1536x1024.jpg 1536w, https:\/\/scf.se\/bmx\/wp-content\/uploads\/sites\/3\/2025\/10\/JU3A3137-2048x1365.jpg 2048w\" sizes=\"auto, (max-width: 2560px) 100vw, 2560px\" \/><\/a> <a href=\"https:\/\/scf.se\/bmx\/wp-content\/uploads\/sites\/3\/2025\/10\/JU3A3119-scaled.jpg\"><img loading=\"lazy\" decoding=\"async\" class=\"alignnone size-full wp-image-2177\" src=\"https:\/\/scf.se\/bmx\/wp-content\/uploads\/sites\/3\/2025\/10\/JU3A3119-scaled.jpg\" alt=\"\" width=\"2560\" height=\"1707\" srcset=\"https:\/\/scf.se\/bmx\/wp-content\/uploads\/sites\/3\/2025\/10\/JU3A3119-scaled.jpg 2560w, https:\/\/scf.se\/bmx\/wp-content\/uploads\/sites\/3\/2025\/10\/JU3A3119-300x200.jpg 300w, https:\/\/scf.se\/bmx\/wp-content\/uploads\/sites\/3\/2025\/10\/JU3A3119-1024x683.jpg 1024w, https:\/\/scf.se\/bmx\/wp-content\/uploads\/sites\/3\/2025\/10\/JU3A3119-768x512.jpg 768w, https:\/\/scf.se\/bmx\/wp-content\/uploads\/sites\/3\/2025\/10\/JU3A3119-1536x1024.jpg 1536w, https:\/\/scf.se\/bmx\/wp-content\/uploads\/sites\/3\/2025\/10\/JU3A3119-2048x1365.jpg 2048w\" sizes=\"auto, (max-width: 2560px) 100vw, 2560px\" \/><\/a>\n<p>Vi gratulerar f\u00f6ljande vinnare i SWE Cup BMX racing 2025!<\/p>\n<h3>Elit herr:<\/h3>\n<ol>\n<li><strong>Vincent Mol\u00e9n<\/strong><\/li>\n<li><strong>M\u00e5ns Berner<\/strong><\/li>\n<li><strong>Axel Borgstr\u00f6m<\/strong><\/li>\n<\/ol>\n<h3>Pojkar 15\u201316:<\/h3>\n<ol>\n<li><strong>Oliver Simonsen<\/strong><\/li>\n<li><strong>Samuel De Luca<\/strong><\/li>\n<li><strong>Vincent Bergdahl<\/strong><\/li>\n<\/ol>\n<h3>Flickor 13\u201314<\/h3>\n<ol>\n<li><strong>Malwa Johansson Bergqvist<\/strong><\/li>\n<\/ol>\n<h3>Pojkar 13\u201314:<\/h3>\n<ol>\n<li><strong>Udo Rudberg<\/strong><\/li>\n<li><strong>Noa Elisson<\/strong><\/li>\n<li><strong>Birk Tholander<\/strong><\/li>\n<\/ol>\n<ul>\n<li><em><strong><a href=\"https:\/\/our.sqorz.com\/org\/bmxscf\/series\/67d09cbb0ed90d6b9a006d54\/classes\">Resultaten f\u00f6r varje klass och i delt\u00e4vlingarna finns h\u00e4r p\u00e5 den officiella resultatsidan! <\/a><\/strong><\/em><\/li>\n<\/ul>\n<p>Tyv\u00e4rr kunde endast en flickklass genomf\u00f6ra t\u00e4vlingarna enligt reglementet och ta emot slutpris. Dock har flera tjejer k\u00f6rt med j\u00e4mn\u00e5riga killar f\u00f6r att f\u00e5 tuff sparring, och d\u00e4r utvecklingen har varit stark bland BMX-tjejerna.<\/p>\n<p>Det har varit ett mycket trevligt BMX-\u00e5r, d\u00e4r \u00f6ver 250 cyklister i blandade \u00e5ldrar har startat i SWE Cup. En Europacup, och ett v\u00e4l genomf\u00f6rt Svensk m\u00e4sterskap.<\/p>\n<p>Nu v\u00e4ntar h\u00f6stforum d\u00e4r Grengrupp BMX bjuder in representanter fr klubbar, kommissarier och styrelserepresentanter fr\u00e5n scf att medverka f\u00f6r att utveckla svensk BMX i r\u00e4tt riktning.<\/p>\n<h3>* * *<\/h3>\n<a href=\"https:\/\/scf.se\/bmx\/wp-content\/uploads\/sites\/3\/2025\/10\/att.eUB6Rv_7rqMmoL-Z4syaqctj-sfMWNtWZIt4jjEPJPE-1.jpeg\"><img loading=\"lazy\" decoding=\"async\" class=\"alignnone size-full wp-image-2184\" src=\"https:\/\/scf.se\/bmx\/wp-content\/uploads\/sites\/3\/2025\/10\/att.eUB6Rv_7rqMmoL-Z4syaqctj-sfMWNtWZIt4jjEPJPE-1.jpeg\" alt=\"\" width=\"1024\" height=\"682\" srcset=\"https:\/\/scf.se\/bmx\/wp-content\/uploads\/sites\/3\/2025\/10\/att.eUB6Rv_7rqMmoL-Z4syaqctj-sfMWNtWZIt4jjEPJPE-1.jpeg 1024w, https:\/\/scf.se\/bmx\/wp-content\/uploads\/sites\/3\/2025\/10\/att.eUB6Rv_7rqMmoL-Z4syaqctj-sfMWNtWZIt4jjEPJPE-1-300x200.jpeg 300w, https:\/\/scf.se\/bmx\/wp-content\/uploads\/sites\/3\/2025\/10\/att.eUB6Rv_7rqMmoL-Z4syaqctj-sfMWNtWZIt4jjEPJPE-1-768x512.jpeg 768w\" sizes=\"auto, (max-width: 1024px) 100vw, 1024px\" \/><\/a>\n<h2>H\u00f6stsol, internationellt bes\u00f6k och dubbla segrar i H\u00f6kar\u00e4ngen<\/h2>\n<p>Under en helg med str\u00e5lande h\u00f6stv\u00e4der samlades BMX-Sverige f\u00f6r SWE Cup omg\u00e5ng 4 och 5 p\u00e5 Stockholms BMX-arena i H\u00f6kar\u00e4ngen. F\u00f6rutom svenska cyklister deltog \u00e4ven \u00e5kare fr\u00e5n Norge och Finland, vilket gav t\u00e4vlingen en extra internationell glans.<\/p>\n<h3>L\u00f6rdag \u2013 SMK Uppsala som arrang\u00f6r<\/h3>\n<p>Eftersom Uppsalas bana \u00e4r under uppbyggnad tog SMK Uppsala p\u00e5 sig arrang\u00f6rsrollen f\u00f6r l\u00f6rdagens t\u00e4vling. Tack vare ett fint samarbete mellan klubbarna kunde t\u00e4vlingen genomf\u00f6ras p\u00e5 Stockholms BMX Arena med stor framg\u00e5ng. Totalt deltog 125 glada och taggade BMX-\u00e5kare.<\/p>\n<a href=\"https:\/\/scf.se\/bmx\/wp-content\/uploads\/sites\/3\/2025\/10\/att.yfZvYyk40d_DfNk_OSDxe4IJKp48-RUEmejlkamBwoE.jpeg\"><img loading=\"lazy\" decoding=\"async\" class=\"alignnone size-full wp-image-2183\" src=\"https:\/\/scf.se\/bmx\/wp-content\/uploads\/sites\/3\/2025\/10\/att.yfZvYyk40d_DfNk_OSDxe4IJKp48-RUEmejlkamBwoE.jpeg\" alt=\"\" width=\"1024\" height=\"682\" srcset=\"https:\/\/scf.se\/bmx\/wp-content\/uploads\/sites\/3\/2025\/10\/att.yfZvYyk40d_DfNk_OSDxe4IJKp48-RUEmejlkamBwoE.jpeg 1024w, https:\/\/scf.se\/bmx\/wp-content\/uploads\/sites\/3\/2025\/10\/att.yfZvYyk40d_DfNk_OSDxe4IJKp48-RUEmejlkamBwoE-300x200.jpeg 300w, https:\/\/scf.se\/bmx\/wp-content\/uploads\/sites\/3\/2025\/10\/att.yfZvYyk40d_DfNk_OSDxe4IJKp48-RUEmejlkamBwoE-768x512.jpeg 768w\" sizes=\"auto, (max-width: 1024px) 100vw, 1024px\" \/><\/a>\n<h3>S\u00f6ndag \u2013 \u00c4lvsj\u00f6 BMX som v\u00e4rd<\/h3>\n<p>S\u00f6ndagens t\u00e4vling arrangerades av \u00c4lvsj\u00f6 BMX p\u00e5 deras fina anl\u00e4ggning, d\u00e4r drygt 120 cyklister stod p\u00e5 startlinjen. \u00c4ven denna dag pr\u00e4glades av god st\u00e4mning, fartfylld racing och imponerande prestationer.<\/p>\n<a href=\"https:\/\/scf.se\/bmx\/wp-content\/uploads\/sites\/3\/2025\/10\/IMG_8741.jpeg\"><img loading=\"lazy\" decoding=\"async\" class=\"alignnone size-full wp-image-2185\" src=\"https:\/\/scf.se\/bmx\/wp-content\/uploads\/sites\/3\/2025\/10\/IMG_8741.jpeg\" alt=\"\" width=\"1520\" height=\"2048\" srcset=\"https:\/\/scf.se\/bmx\/wp-content\/uploads\/sites\/3\/2025\/10\/IMG_8741.jpeg 1520w, https:\/\/scf.se\/bmx\/wp-content\/uploads\/sites\/3\/2025\/10\/IMG_8741-223x300.jpeg 223w, https:\/\/scf.se\/bmx\/wp-content\/uploads\/sites\/3\/2025\/10\/IMG_8741-760x1024.jpeg 760w, https:\/\/scf.se\/bmx\/wp-content\/uploads\/sites\/3\/2025\/10\/IMG_8741-768x1035.jpeg 768w, https:\/\/scf.se\/bmx\/wp-content\/uploads\/sites\/3\/2025\/10\/IMG_8741-1140x1536.jpeg 1140w\" sizes=\"auto, (max-width: 1520px) 100vw, 1520px\" \/><\/a>\n<p>Flera cyklister visade exceptionell form och tog hem segern b\u00e5da dagarna i sina respektive klasser:<\/p>\n<ul>\n<li><strong>Vincent Molen<\/strong> \u2013 Elit herr 17+<\/li>\n<li><strong>Oliver Simonsen<\/strong> \u2013 Pojkar 15\u201316<\/li>\n<li><strong>Udo Rudberg<\/strong> \u2013 Pojkar 13\u201314<\/li>\n<li><strong>Loke Staf<\/strong> \u2013 Pojkar 11\u201312<\/li>\n<\/ul>\n<p>Dessutom deltog flera starka tjejer i pojkklasserna och visade upp imponerande k\u00f6rning och stor t\u00e4vlingsgl\u00e4dje.<\/p>\n<ul>\n<li><a href=\"https:\/\/our.sqorz.com\/org\/bmxscf\"><strong><em>Alla resultat fr\u00e5n helgen, samt sammanfattning fr\u00e5n alla delt\u00e4vlingar finns h\u00e4r!<\/em><\/strong><\/a><\/li>\n<\/ul>\n<p>Under h\u00f6stlovet bjuder Engelholms BMX in till det \u00e5rliga Halloweenracet. Sen blir det vintertr\u00e4ning och uppladdning f\u00f6r 2026.<\/p>\n<p><em>Text: SCF<\/em><br \/>\n<em>Foto Malm\u00f6: Henrik Antin<\/em><br \/>\n<em>Foto: Stockholm: J Keskiaho<\/em><\/p>\n","protected":false},"excerpt":{"rendered":"<p>Det har varit en\u00a0 sen men sp\u00e4ckad avslutning av \u00e5rets SWE Cup i BMX. F\u00f6rst k\u00f6rde SMK Uppsala och \u00c4lvsj\u00f6 BMX varsin delt\u00e4vling p\u00e5\u00a0Stockholms BMX-arena I helgen var Malm\u00f6 v\u00e4rd f\u00f6r \u00e5rets b\u00e4gge sista delt\u00e4vlingar i SWE Cup \u2013 med en minst sagt bl\u00e5sig l\u00f6rdag som till sist gav inst\u00e4lld t\u00e4vling och en betydligt<a href=\"https:\/\/scf.se\/bmx\/spackad-avslutning-i-swe-cup-bmx-med-manga-fina-prestationer\/\" class=\"news-card__more\"> &#8230;<\/a><\/p>\n","protected":false},"author":41,"featured_media":2174,"comment_status":"open","ping_status":"open","sticky":false,"template":"","format":"standard","meta":{"_acf_changed":false,"footnotes":""},"categories":[1],"tags":[],"class_list":["post-2167","post","type-post","status-publish","format-standard","hentry","category-bmx"],"acf":[],"_links":{"self":[{"href":"https:\/\/scf.se\/bmx\/wp-json\/wp\/v2\/posts\/2167","targetHints":{"allow":["GET"]}}],"collection":[{"href":"https:\/\/scf.se\/bmx\/wp-json\/wp\/v2\/posts"}],"about":[{"href":"https:\/\/scf.se\/bmx\/wp-json\/wp\/v2\/types\/post"}],"author":[{"embeddable":true,"href":"https:\/\/scf.se\/bmx\/wp-json\/wp\/v2\/users\/41"}],"replies":[{"embeddable":true,"href":"https:\/\/scf.se\/bmx\/wp-json\/wp\/v2\/comments?post=2167"}],"version-history":[{"count":4,"href":"https:\/\/scf.se\/bmx\/wp-json\/wp\/v2\/posts\/2167\/revisions"}],"predecessor-version":[{"id":2186,"href":"https:\/\/scf.se\/bmx\/wp-json\/wp\/v2\/posts\/2167\/revisions\/2186"}],"wp:featuredmedia":[{"embeddable":true,"href":"https:\/\/scf.se\/bmx\/wp-json\/wp\/v2\/media\/2174"}],"wp:attachment":[{"href":"https:\/\/scf.se\/bmx\/wp-json\/wp\/v2\/media?parent=2167"}],"wp:term":[{"taxonomy":"category","embeddable":true,"href":"https:\/\/scf.se\/bmx\/wp-json\/wp\/v2\/categories?post=2167"},{"taxonomy":"post_tag","embeddable":true,"href":"https:\/\/scf.se\/bmx\/wp-json\/wp\/v2\/tags?post=2167"}],"curies":[{"name":"wp","href":"https:\/\/api.w.org\/{rel}","templated":true}]}}