
{"id":1749,"date":"2025-01-22T13:12:58","date_gmt":"2025-01-22T12:12:58","guid":{"rendered":"https:\/\/scf.se\/bmx\/?p=1749"},"modified":"2025-01-22T15:26:10","modified_gmt":"2025-01-22T14:26:10","slug":"molen-wahlberg-och-lindstrom-utgor-bmx-landslagets-stomme-2025","status":"publish","type":"post","link":"https:\/\/scf.se\/bmx\/molen-wahlberg-och-lindstrom-utgor-bmx-landslagets-stomme-2025\/","title":{"rendered":"Mol\u00e9n, Wahlberg och Lindstr\u00f6m blir BMX-landslagets stomme 2025"},"content":{"rendered":"<p><strong>Landslaget 2025 kommer att best\u00e5 av en stabil k\u00e4rngrupp. Under 2025 blir det U23-cyklisten Vincent Mol\u00e9n samt de b\u00e4gge juniorerna Jesper Wahlberg och William Lindstr\u00f6m.<\/strong><\/p>\n<p>Likt tidigare \u00e5r kommer cyklister ha m\u00f6jlighet att delta p\u00e5 resor eller ta sig in i landslaget under \u00e5rets g\u00e5ng. Detta g\u00e4ller b\u00e5de utvecklingscyklister samt cyklister i Junior-, U23- och Elitklasserna.<\/p>\n<a href=\"https:\/\/scf.se\/bmx\/wp-content\/uploads\/sites\/3\/2025\/01\/Fransson.jpg\"><img loading=\"lazy\" decoding=\"async\" class=\"alignnone size-full wp-image-1765\" src=\"https:\/\/scf.se\/bmx\/wp-content\/uploads\/sites\/3\/2025\/01\/Fransson.jpg\" alt=\"\" width=\"2048\" height=\"1338\" srcset=\"https:\/\/scf.se\/bmx\/wp-content\/uploads\/sites\/3\/2025\/01\/Fransson.jpg 2048w, https:\/\/scf.se\/bmx\/wp-content\/uploads\/sites\/3\/2025\/01\/Fransson-300x196.jpg 300w, https:\/\/scf.se\/bmx\/wp-content\/uploads\/sites\/3\/2025\/01\/Fransson-1024x669.jpg 1024w, https:\/\/scf.se\/bmx\/wp-content\/uploads\/sites\/3\/2025\/01\/Fransson-768x502.jpg 768w, https:\/\/scf.se\/bmx\/wp-content\/uploads\/sites\/3\/2025\/01\/Fransson-1536x1004.jpg 1536w\" sizes=\"auto, (max-width: 2048px) 100vw, 2048px\" \/><\/a>\n<p>F\u00f6rbundskaptenen Johan Fransson har redan nu identifierat n\u00e5gra utvecklingscyklister som \u00e4r aktuella f\u00f6r uppdrag under \u00e5ret, och dessa kommer att offentligg\u00f6ras inom kort.<\/p>\n<p>Under \u00e5ret kommer landslaget att t\u00e4vla i Europacupdelt\u00e4vlingar, v\u00e4rldscuper och EM. Det stora m\u00e5let \u00e4r emellertid VM i K\u00f6penhamn i sommar.<\/p>\n<p>Alla cyklister kommer inte delta i alla uppdrag utan resultat och prestationer under \u00e5ret kommer att avg\u00f6ra vilka som \u00e5ker till vad.<\/p>\n<h3>BMX-landslaget 2025 best\u00e5r av:<\/h3>\n<a href=\"https:\/\/scf.se\/bmx\/wp-content\/uploads\/sites\/3\/2025\/01\/367401421_817534099867273_6481981325535553136_n-2.jpg\"><img loading=\"lazy\" decoding=\"async\" class=\"alignnone size-full wp-image-1759\" src=\"https:\/\/scf.se\/bmx\/wp-content\/uploads\/sites\/3\/2025\/01\/367401421_817534099867273_6481981325535553136_n-2.jpg\" alt=\"\" width=\"1876\" height=\"1251\" srcset=\"https:\/\/scf.se\/bmx\/wp-content\/uploads\/sites\/3\/2025\/01\/367401421_817534099867273_6481981325535553136_n-2.jpg 1876w, https:\/\/scf.se\/bmx\/wp-content\/uploads\/sites\/3\/2025\/01\/367401421_817534099867273_6481981325535553136_n-2-300x200.jpg 300w, https:\/\/scf.se\/bmx\/wp-content\/uploads\/sites\/3\/2025\/01\/367401421_817534099867273_6481981325535553136_n-2-1024x683.jpg 1024w, https:\/\/scf.se\/bmx\/wp-content\/uploads\/sites\/3\/2025\/01\/367401421_817534099867273_6481981325535553136_n-2-768x512.jpg 768w, https:\/\/scf.se\/bmx\/wp-content\/uploads\/sites\/3\/2025\/01\/367401421_817534099867273_6481981325535553136_n-2-1536x1024.jpg 1536w\" sizes=\"auto, (max-width: 1876px) 100vw, 1876px\" \/><\/a>\n<ul>\n<li><em><strong>Vincent Mol\u00e9n \u2013 M\u00e4rsta BMX<br \/>\n<\/strong>Vincent som varit ledande inom svensk BMX de senaste \u00e5ren g\u00e5r nu 2025 in p\u00e5 sitt andra \u00e5r som U23-cyklist. Med bra f\u00f6rberedelser som resor till Stuttgart och Manchester under vintern finns det stora f\u00f6rhoppningar p\u00e5 att han kommer att ta ytterligare ett steg fram\u00e5t i klassen.<\/em><\/li>\n<\/ul>\n<a href=\"https:\/\/scf.se\/bmx\/wp-content\/uploads\/sites\/3\/2025\/01\/Bilder-EC-6.jpg\"><img loading=\"lazy\" decoding=\"async\" class=\"alignnone size-full wp-image-1760\" src=\"https:\/\/scf.se\/bmx\/wp-content\/uploads\/sites\/3\/2025\/01\/Bilder-EC-6.jpg\" alt=\"\" width=\"1060\" height=\"1613\" srcset=\"https:\/\/scf.se\/bmx\/wp-content\/uploads\/sites\/3\/2025\/01\/Bilder-EC-6.jpg 1060w, https:\/\/scf.se\/bmx\/wp-content\/uploads\/sites\/3\/2025\/01\/Bilder-EC-6-197x300.jpg 197w, https:\/\/scf.se\/bmx\/wp-content\/uploads\/sites\/3\/2025\/01\/Bilder-EC-6-673x1024.jpg 673w, https:\/\/scf.se\/bmx\/wp-content\/uploads\/sites\/3\/2025\/01\/Bilder-EC-6-768x1169.jpg 768w, https:\/\/scf.se\/bmx\/wp-content\/uploads\/sites\/3\/2025\/01\/Bilder-EC-6-1009x1536.jpg 1009w\" sizes=\"auto, (max-width: 1060px) 100vw, 1060px\" \/><\/a>\n<ul>\n<li><em><strong>Jesper Wahlberg \u2013 M\u00e4rsta BMX<br \/>\n<\/strong>Jesper kliver 2025 \u00e4ntligen upp i Juniorklassen och vi ser med stor sp\u00e4nning fram emot att f\u00f6lja hans f\u00f6rsta \u00e5r p\u00e5 den niv\u00e5n. Med tanke p\u00e5 Jespers imponerande utveckling och resultat de senaste \u00e5ren ska det bli sp\u00e4nnande att se honom p\u00e5 SX-kullen.<\/em><\/li>\n<\/ul>\n<a href=\"https:\/\/scf.se\/bmx\/wp-content\/uploads\/sites\/3\/2024\/06\/EMbmx3.jpg\"><img loading=\"lazy\" decoding=\"async\" class=\"alignnone size-full wp-image-1553\" src=\"https:\/\/scf.se\/bmx\/wp-content\/uploads\/sites\/3\/2024\/06\/EMbmx3.jpg\" alt=\"\" width=\"1333\" height=\"2000\" srcset=\"https:\/\/scf.se\/bmx\/wp-content\/uploads\/sites\/3\/2024\/06\/EMbmx3.jpg 1333w, https:\/\/scf.se\/bmx\/wp-content\/uploads\/sites\/3\/2024\/06\/EMbmx3-200x300.jpg 200w, https:\/\/scf.se\/bmx\/wp-content\/uploads\/sites\/3\/2024\/06\/EMbmx3-682x1024.jpg 682w, https:\/\/scf.se\/bmx\/wp-content\/uploads\/sites\/3\/2024\/06\/EMbmx3-768x1152.jpg 768w, https:\/\/scf.se\/bmx\/wp-content\/uploads\/sites\/3\/2024\/06\/EMbmx3-1024x1536.jpg 1024w\" sizes=\"auto, (max-width: 1333px) 100vw, 1333px\" \/><\/a>\n<ul>\n<li><em><strong>William Lindstr\u00f6m \u2013 Malm\u00f6 BMX<br \/>\n<\/strong>William hade ett utmanande \u00e5r som f\u00f6rsta\u00e5rsjunior, men vi ser stor potential i honom l\u00e5ngsiktigt. Nu n\u00e4r han g\u00e5r upp som andra\u00e5rsjunior och med bra f\u00f6rberedelser under vintern ser vi fram emot en sp\u00e4nnande s\u00e4song.<\/em><\/li>\n<\/ul>\n<p>Nedan finner ni det prelimin\u00e4ra programmet f\u00f6r landslagsuppdrag f\u00f6r 2024. Uppdragen kan \u00e4ndras under \u00e5rets g\u00e5ng. Uppdragen kan \u00e4ven variera fr\u00e5n cyklist till cyklist beroende p\u00e5 hur s\u00e4songen g\u00e5r med mera.<\/p>\n<h3>Landslagsuppdrag BMX 2025<\/h3>\n<ul>\n<li><strong>16\u201325 mars:<\/strong> tr\u00e4ningsl\u00e4ger, Verona, Italien<\/li>\n<li><strong>26\u201330 mars:<\/strong> Europacup 1\u20132, Verona, Italien<\/li>\n<li><strong>19\u201321 april:<\/strong> Europacup 3\u20134, Zolder, Belgien<\/li>\n<li><strong>Prelimin\u00e4rt i april:<\/strong> l\u00e4ger, K\u00f6penhamn, Danmark<\/li>\n<li><strong>Prelimin\u00e4rt i maj:<\/strong> l\u00e4ger, K\u00f6penhamn, Danmark (1)<\/li>\n<li><strong>Prelimin\u00e4rt i maj:<\/strong> l\u00e4ger, K\u00f6penhamn, Danmark (2)<\/li>\n<li><strong>9\u201315 juni:<\/strong> v\u00e4rldscupen, Sarrians, Frankrike<\/li>\n<li><strong>16\u201322 juni:<\/strong> v\u00e4rldscupen, Papendal, Nederl\u00e4nderna<\/li>\n<li><strong>7\u201313 juli:<\/strong> EM, Valmiera, Lettland<\/li>\n<li><strong>14\u201320 juli:<\/strong> Europacup 9\u201310, \u00c4ngelholm, Sverige<\/li>\n<li><strong>28 juli\u20133 augusti:<\/strong> VM, K\u00f6penhamn, Danmark<\/li>\n<li><strong>4\u20137 september:<\/strong> Europacup 11\u201312, Ben\u00e1tky, Tjeckien<\/li>\n<\/ul>\n<p><a href=\"https:\/\/scf.se\/bmx\/landslagsuppdrag-2025-prel\/\"><em><strong>Landslagsprogrammet finns \u00e4ven h\u00e4r under BMX\/t\u00e4vlingsprogram d\u00e4r det kan komma att uppdateras under \u00e5ret, exempelvis med tider f\u00f6r l\u00e4ger i K\u00f6penhamn med mera.<\/strong><\/em><\/a><\/p>\n<p><em>Text: SCF<br \/>\nFoto: Navadanet<\/em><\/p>\n","protected":false},"excerpt":{"rendered":"<p>Landslaget 2025 kommer att best\u00e5 av en stabil k\u00e4rngrupp. Under 2025 blir det U23-cyklisten Vincent Mol\u00e9n samt de b\u00e4gge juniorerna Jesper Wahlberg och William Lindstr\u00f6m. Likt tidigare \u00e5r kommer cyklister ha m\u00f6jlighet att delta p\u00e5 resor eller ta sig in i landslaget under \u00e5rets g\u00e5ng. Detta g\u00e4ller b\u00e5de utvecklingscyklister samt cyklister i Junior-, U23-<a href=\"https:\/\/scf.se\/bmx\/molen-wahlberg-och-lindstrom-utgor-bmx-landslagets-stomme-2025\/\" class=\"news-card__more\"> &#8230;<\/a><\/p>\n","protected":false},"author":41,"featured_media":1762,"comment_status":"open","ping_status":"open","sticky":false,"template":"","format":"standard","meta":{"_acf_changed":false,"footnotes":""},"categories":[1],"tags":[],"class_list":["post-1749","post","type-post","status-publish","format-standard","hentry","category-bmx"],"acf":[],"_links":{"self":[{"href":"https:\/\/scf.se\/bmx\/wp-json\/wp\/v2\/posts\/1749","targetHints":{"allow":["GET"]}}],"collection":[{"href":"https:\/\/scf.se\/bmx\/wp-json\/wp\/v2\/posts"}],"about":[{"href":"https:\/\/scf.se\/bmx\/wp-json\/wp\/v2\/types\/post"}],"author":[{"embeddable":true,"href":"https:\/\/scf.se\/bmx\/wp-json\/wp\/v2\/users\/41"}],"replies":[{"embeddable":true,"href":"https:\/\/scf.se\/bmx\/wp-json\/wp\/v2\/comments?post=1749"}],"version-history":[{"count":9,"href":"https:\/\/scf.se\/bmx\/wp-json\/wp\/v2\/posts\/1749\/revisions"}],"predecessor-version":[{"id":1769,"href":"https:\/\/scf.se\/bmx\/wp-json\/wp\/v2\/posts\/1749\/revisions\/1769"}],"wp:featuredmedia":[{"embeddable":true,"href":"https:\/\/scf.se\/bmx\/wp-json\/wp\/v2\/media\/1762"}],"wp:attachment":[{"href":"https:\/\/scf.se\/bmx\/wp-json\/wp\/v2\/media?parent=1749"}],"wp:term":[{"taxonomy":"category","embeddable":true,"href":"https:\/\/scf.se\/bmx\/wp-json\/wp\/v2\/categories?post=1749"},{"taxonomy":"post_tag","embeddable":true,"href":"https:\/\/scf.se\/bmx\/wp-json\/wp\/v2\/tags?post=1749"}],"curies":[{"name":"wp","href":"https:\/\/api.w.org\/{rel}","templated":true}]}}