
{"id":1144,"date":"2023-09-04T08:16:10","date_gmt":"2023-09-04T06:16:10","guid":{"rendered":"http:\/\/scf.se\/bmx\/?p=1144"},"modified":"2023-09-04T12:21:34","modified_gmt":"2023-09-04T10:21:34","slug":"jesper-wahlberg-och-vincent-molen-fixade-var-sitt-europacupguld","status":"publish","type":"post","link":"https:\/\/scf.se\/bmx\/jesper-wahlberg-och-vincent-molen-fixade-var-sitt-europacupguld\/","title":{"rendered":"Jesper Wahlberg och Vincent Mol\u00e9n fixade b\u00e5da Europacupguld i drama"},"content":{"rendered":"<p><strong>I helgen avgjordes Europacupen i BMX racing nere i portugisiska Anadia. Och vilket avslut det blev! B\u00e5de Jesper Wahlberg i P15\u201316 och junioren Vincent Mol\u00e9n hade fanns i slagl\u00e4ge med en del jobb kvar att g\u00f6ra men fixade var sitt Europacupguld \u2013 efter stor dramatik!<\/strong><\/p>\n<p>Landslaget \u00e5kte ner till Portugal med ett m\u00e5l i sikte att jaga s\u00e5 m\u00e5nga po\u00e4ng som m\u00f6jligt i totalen f\u00f6r Europacupen. Jesper Wahlberg och Vincent Mol\u00e9n l\u00e5g h\u00f6gt upp p\u00e5 listan, fyra respektive tv\u00e5a i sina klasser \u2013 och b\u00e5da hade vittring p\u00e5 h\u00f6gre placeringar.<\/p>\n<p>Jesper b\u00f6rjade l\u00f6rdagen bra och vann alla sina heat, kvartsfinalen samt semifinalen. I finalen missade han starten lite och blev st\u00e4ngd direkt men k\u00e4mpade sig fram och k\u00f6rde in p\u00e5 en andraplats. Detta gjorde \u00e4ven att han kl\u00e4ttrade upp i tabellen till en just nummer tv\u00e5 inf\u00f6r s\u00f6ndagen.<\/p>\n<p>Vincent Mol\u00e9n gjorde \u00e4ven han det riktigt bra under l\u00f6rdagen och tog sig enkelt vidare fr\u00e5n b\u00e5de kval, kvart och semifinal. I finalen kom\u00a0 Vincent iv\u00e4g bra och tog ledningen i f\u00f6rsta sv\u00e4ng. Det s\u00e5g l\u00e4nge ut att r\u00e4cka hela v\u00e4gen fram men blev omk\u00f6rd bara n\u00e5gon meter fr\u00e5n m\u00e5l av Maxime Habert fr\u00e5n Frankrike och \u00e4ven han blev tv\u00e5 under l\u00f6rdagen. Fast hundradelarna inte var p\u00e5 Vincents sida p\u00e5 l\u00f6rdagen s\u00e5 r\u00e4ckte det faktiskt till f\u00f6r att han skulle kl\u00e4ttra upp i ledning inf\u00f6r s\u00f6ndagens t\u00e4vling \u2013 men med endast 13 po\u00e4ng ner till tv\u00e5an.<\/p>\n<blockquote><p>&#8221;B\u00e5de Jesper och Vincent gjorde en kanondag och k\u00f6rde in p\u00e5 v\u00e4ldigt bra placeringar. Sj\u00e4lvklart k\u00e4nde vi alla att f\u00f6rstaplatsen fanns d\u00e4r,\u00a0 framf\u00f6rallt f\u00f6r Vincent som ledde fram till slutet. Men det \u00e4r racing och det \u00e4r inte slut f\u00f6rr\u00e4n man passerar m\u00e5llinjen och i dag r\u00e4ckte det inte tyv\u00e4rr&#8221;, sa f\u00f6rbundskapten Johan Fransson ang\u00e5ende l\u00f6rdagen.<\/p>\n<p>&#8221;Sj\u00e4lvklart var vi n\u00f6jda med resultatet och det satte oss i en bra position inf\u00f6r s\u00f6ndagen d\u00e5 b\u00e5da tv\u00e5 kl\u00e4ttrat i listorna, men det var i det h\u00e4r l\u00e4get v\u00e4ldigt viktigt att ta ett heat i taget och inte ta ut n\u00e5got i f\u00f6rskott&#8221;, tillade Johan.<\/p><\/blockquote>\n<h3><a href=\"https:\/\/scf.se\/bmx\/wp-content\/uploads\/sites\/3\/2023\/09\/BMX-EC-avslutning-2.jpg\"><img loading=\"lazy\" decoding=\"async\" class=\"alignnone size-full wp-image-1151\" src=\"https:\/\/scf.se\/bmx\/wp-content\/uploads\/sites\/3\/2023\/09\/BMX-EC-avslutning-2.jpg\" alt=\"\" width=\"805\" height=\"1098\" srcset=\"https:\/\/scf.se\/bmx\/wp-content\/uploads\/sites\/3\/2023\/09\/BMX-EC-avslutning-2.jpg 805w, https:\/\/scf.se\/bmx\/wp-content\/uploads\/sites\/3\/2023\/09\/BMX-EC-avslutning-2-220x300.jpg 220w, https:\/\/scf.se\/bmx\/wp-content\/uploads\/sites\/3\/2023\/09\/BMX-EC-avslutning-2-751x1024.jpg 751w, https:\/\/scf.se\/bmx\/wp-content\/uploads\/sites\/3\/2023\/09\/BMX-EC-avslutning-2-768x1048.jpg 768w\" sizes=\"auto, (max-width: 805px) 100vw, 805px\" \/><\/a><\/h3>\n<h3>Europacup 11\/12, final P15\u201316<\/h3>\n<ol>\n<li>Ben Cornish, Storbritannien<\/li>\n<li>Jesper Wahlberg<\/li>\n<li>Jens Lauwers, Belgien<\/li>\n<\/ol>\n<h3><a href=\"https:\/\/scf.se\/bmx\/wp-content\/uploads\/sites\/3\/2023\/09\/BMX-EC-avslutning-1.jpg\"><img loading=\"lazy\" decoding=\"async\" class=\"alignnone size-full wp-image-1150\" src=\"https:\/\/scf.se\/bmx\/wp-content\/uploads\/sites\/3\/2023\/09\/BMX-EC-avslutning-1.jpg\" alt=\"\" width=\"923\" height=\"1217\" srcset=\"https:\/\/scf.se\/bmx\/wp-content\/uploads\/sites\/3\/2023\/09\/BMX-EC-avslutning-1.jpg 923w, https:\/\/scf.se\/bmx\/wp-content\/uploads\/sites\/3\/2023\/09\/BMX-EC-avslutning-1-228x300.jpg 228w, https:\/\/scf.se\/bmx\/wp-content\/uploads\/sites\/3\/2023\/09\/BMX-EC-avslutning-1-777x1024.jpg 777w, https:\/\/scf.se\/bmx\/wp-content\/uploads\/sites\/3\/2023\/09\/BMX-EC-avslutning-1-768x1013.jpg 768w\" sizes=\"auto, (max-width: 923px) 100vw, 923px\" \/><\/a><\/h3>\n<h3>Europacup 11\/12, final herrjunior<\/h3>\n<ol>\n<li>Maxime Habert, Frankrike<\/li>\n<li>Vincent Mol\u00e9n, Sverige<\/li>\n<li>James Cutter Williams, USA<\/li>\n<\/ol>\n<p>S\u00f6ndagen b\u00f6rjade lika bra f\u00f6r Jesper som p\u00e5 l\u00f6rdagen. Han tog sig till finalen igen och det skulle st\u00e5 mellan honom och en engelsman. F\u00f6rst \u00f6ver m\u00e5llinjen skulle ta hem totalen. I detta skarpa l\u00e4ge missade inte Jesper n\u00e5gon start, utan tog snabbt en ledning som han ut\u00f6kade under loppet och kunde k\u00f6ra in som etta f\u00f6r dagen \u2013 och \u00e4ven ta hem totalsegern i klassen.<\/p>\n<a href=\"https:\/\/scf.se\/bmx\/wp-content\/uploads\/sites\/3\/2023\/09\/BMX-EC-avslutning-6.jpg\"><img loading=\"lazy\" decoding=\"async\" class=\"alignnone size-full wp-image-1147\" src=\"https:\/\/scf.se\/bmx\/wp-content\/uploads\/sites\/3\/2023\/09\/BMX-EC-avslutning-6.jpg\" alt=\"\" width=\"1083\" height=\"693\" srcset=\"https:\/\/scf.se\/bmx\/wp-content\/uploads\/sites\/3\/2023\/09\/BMX-EC-avslutning-6.jpg 1083w, https:\/\/scf.se\/bmx\/wp-content\/uploads\/sites\/3\/2023\/09\/BMX-EC-avslutning-6-300x192.jpg 300w, https:\/\/scf.se\/bmx\/wp-content\/uploads\/sites\/3\/2023\/09\/BMX-EC-avslutning-6-1024x655.jpg 1024w, https:\/\/scf.se\/bmx\/wp-content\/uploads\/sites\/3\/2023\/09\/BMX-EC-avslutning-6-768x491.jpg 768w\" sizes=\"auto, (max-width: 1083px) 100vw, 1083px\" \/><\/a>\n<p>H\u00e4r kan man verkligen snacka om ett framtidshopp f\u00f6r svensk BMX.\u00a0 Jesper, om k\u00f6r internationellt f\u00f6r TeamTVESport 1, ordnade sin tredje totalseger i rad p\u00e5 Europacupen och denna g\u00e5ng som yngst i 15\u201316-\u00e5rsklassen.<\/p>\n<blockquote><p>&#8221;Jag har sagt det f\u00f6rut men Jesper forts\u00e4tter att imponera varje g\u00e5ng han \u00e4r p\u00e5 banan. Han ger aldrig upp, tar hela tiden f\u00f6r sig och hittar v\u00e4gar fram. S\u00e5 han har verkligen gjort sig f\u00f6rtj\u00e4nt av denna titel i \u00e5r igen. Jag ser verkligen fram emot att f\u00f6lja honom de n\u00e4rmaste \u00e5ren hur han utvecklas&#8221;, s\u00e4ger Johan Fransson.<\/p><\/blockquote>\n<p>F\u00f6r Vincent d\u00e5 var varje po\u00e4ng var viktiga att plocka med 13-po\u00e4ngsledningen f\u00f6re en fransmannen Habert. Kvalet var inga problem f\u00f6r Vincent men \u00e4ven fransmannen gick vidare. Kvartsfinalen vann Vincent \u00e4ven den och h\u00e4r s\u00e5g det l\u00e4nge ut som fransmannen skulle \u00e5ka ut men tog sig vidare efter ett bra avslut. I semifinalerna s\u00e5 vann b\u00e5da sina heat och det skulle bli i finalen det avgjordes. F\u00f6rst \u00f6ver m\u00e5llinjen \u00e4ven h\u00e4r f\u00f6r dessa tv\u00e5 skulle ta hem totalsegern.<\/p>\n<a href=\"https:\/\/scf.se\/bmx\/wp-content\/uploads\/sites\/3\/2023\/09\/BMX-EC-avslutning-8.jpg\"><img loading=\"lazy\" decoding=\"async\" class=\"alignnone size-full wp-image-1149\" src=\"https:\/\/scf.se\/bmx\/wp-content\/uploads\/sites\/3\/2023\/09\/BMX-EC-avslutning-8.jpg\" alt=\"\" width=\"989\" height=\"559\" srcset=\"https:\/\/scf.se\/bmx\/wp-content\/uploads\/sites\/3\/2023\/09\/BMX-EC-avslutning-8.jpg 989w, https:\/\/scf.se\/bmx\/wp-content\/uploads\/sites\/3\/2023\/09\/BMX-EC-avslutning-8-300x170.jpg 300w, https:\/\/scf.se\/bmx\/wp-content\/uploads\/sites\/3\/2023\/09\/BMX-EC-avslutning-8-768x434.jpg 768w\" sizes=\"auto, (max-width: 989px) 100vw, 989px\" \/><\/a>\n<p>Vincent kom iv\u00e4g bra men det gjorde \u00e4ven en cyklist p\u00e5 utsidan. Mol\u00e9n blev d\u00e4rmed st\u00e4ngd och l\u00e5g fyra i f\u00f6rsta sv\u00e4ng n\u00e4r han s\u00e5g ut att vara p\u00e5 v\u00e4g ut ur banan. Men han h\u00f6ll sig kvar, pressade p\u00e5 \u2013 och kunde ta sig upp p\u00e5 en andraplats innan n\u00e4sta sv\u00e4ng. Vincent jagade f\u00f6rstaplatsen hela v\u00e4gen men n\u00e5dde inte fram och k\u00f6rde in som tv\u00e5a.<\/p>\n<p>Men det gjorde absolut ingenting d\u00e5 vassa amerikanen James Cutter Williams vann \u00e5rets sista EC-heat. Maxime Habert var trea, vilket inneb\u00e4r att Vincent tog hem totalsegern. Mycket mera j\u00e4mnt och sp\u00e4nnande i ett avg\u00f6rande efter att ha avverkat elva omg\u00e5ngar kan det liksom inte bli.<\/p>\n<blockquote><p>&#8221;Jag har aldrig varit s\u00e5 nerv\u00f6s i en final tror jag. I f\u00f6rsta sv\u00e4ng trodde jag det var k\u00f6rt. Vincent visar i det tuffa l\u00e4get att han kan beh\u00e5lla lugnet och k\u00f6r upp sig till en andraplats. Men n\u00e4r jag ser fransmannen n\u00e4rma sig bakifr\u00e5n och man minns hur han kom ikapp p\u00e5 l\u00f6rdagen s\u00e5 var det sp\u00e4nnande in i det sista&#8230;men denna dag var Vincent starkare och \u00e4r s\u00e5 f\u00f6rtj\u00e4nt av detta guld&#8221;, s\u00e4ger Johan Fransson.<\/p><\/blockquote>\n<h3>Europacup 12\/12, final P15\u201316<\/h3>\n<ol>\n<li>Jesper Wahlberg<\/li>\n<li>Ben Cornish, Storbritannien<\/li>\n<li>Jens Lauwers, Belgien<\/li>\n<\/ol>\n<h3>Europacup 12\/12, final herrjunior<\/h3>\n<ol>\n<li>James Cutter Williams, USA<\/li>\n<li>Vincent Mol\u00e9n, Sverige<\/li>\n<li>Maxime Habert, Frankrike<\/li>\n<\/ol>\n<ul>\n<li><a href=\"https:\/\/www.uec.ch\/en\/bmx-european-cup\"><em><strong>Alla resultat f\u00f6r de svenska cyklisterna i Portugal och tidigare under EC-s\u00e4songen h\u00e4r!<\/strong><\/em><\/a><\/li>\n<\/ul>\n<a href=\"https:\/\/scf.se\/bmx\/wp-content\/uploads\/sites\/3\/2023\/09\/BMX-EC-avslutning-2.jpg\"><img loading=\"lazy\" decoding=\"async\" class=\"alignnone size-full wp-image-1151\" src=\"https:\/\/scf.se\/bmx\/wp-content\/uploads\/sites\/3\/2023\/09\/BMX-EC-avslutning-2.jpg\" alt=\"\" width=\"805\" height=\"1098\" srcset=\"https:\/\/scf.se\/bmx\/wp-content\/uploads\/sites\/3\/2023\/09\/BMX-EC-avslutning-2.jpg 805w, https:\/\/scf.se\/bmx\/wp-content\/uploads\/sites\/3\/2023\/09\/BMX-EC-avslutning-2-220x300.jpg 220w, https:\/\/scf.se\/bmx\/wp-content\/uploads\/sites\/3\/2023\/09\/BMX-EC-avslutning-2-751x1024.jpg 751w, https:\/\/scf.se\/bmx\/wp-content\/uploads\/sites\/3\/2023\/09\/BMX-EC-avslutning-2-768x1048.jpg 768w\" sizes=\"auto, (max-width: 805px) 100vw, 805px\" \/><\/a> <a href=\"https:\/\/scf.se\/bmx\/wp-content\/uploads\/sites\/3\/2023\/09\/BMX-EC-avslutning-4.jpg\"><img loading=\"lazy\" decoding=\"async\" class=\"alignnone size-full wp-image-1153\" src=\"https:\/\/scf.se\/bmx\/wp-content\/uploads\/sites\/3\/2023\/09\/BMX-EC-avslutning-4.jpg\" alt=\"\" width=\"672\" height=\"493\" srcset=\"https:\/\/scf.se\/bmx\/wp-content\/uploads\/sites\/3\/2023\/09\/BMX-EC-avslutning-4.jpg 672w, https:\/\/scf.se\/bmx\/wp-content\/uploads\/sites\/3\/2023\/09\/BMX-EC-avslutning-4-300x220.jpg 300w\" sizes=\"auto, (max-width: 672px) 100vw, 672px\" \/><\/a>\n<p>Extra sk\u00f6nt f\u00f6r b\u00e5de Jesper Wahlberg och Vincent Mol\u00e9n att avsluta s\u00e4songen p\u00e5 b\u00e4sta s\u00e4tt i Europacupen d\u00e5 det nyligen var stolpe ut under VM i Glasgow.<\/p>\n<blockquote><p>&#8221;Vi har slitit hela \u00e5ret tillsammans p\u00e5 tr\u00e4ningar och t\u00e4vlingar hela laget, familjer, alla tr\u00e4nare och folk hemma i Sverige som hejat fram oss, s\u00e5 det \u00e4r s\u00e5 sk\u00f6nt att allt f\u00e5r falla p\u00e5 plats sista t\u00e4vlingen. Vi f\u00e5r \u00e5terigen visa upp att v\u00e5r lilla nation \u00e4r att r\u00e4kna med i BMX och att vi \u00e4r h\u00e4r f\u00f6r att stanna&#8221;, avslutar Johan Fransson.<\/p><\/blockquote>\n<a href=\"https:\/\/scf.se\/bmx\/wp-content\/uploads\/sites\/3\/2023\/09\/BMX-EC-avslutning-3.jpg\"><img loading=\"lazy\" decoding=\"async\" class=\"alignnone size-full wp-image-1152\" src=\"https:\/\/scf.se\/bmx\/wp-content\/uploads\/sites\/3\/2023\/09\/BMX-EC-avslutning-3.jpg\" alt=\"\" width=\"1506\" height=\"1752\" srcset=\"https:\/\/scf.se\/bmx\/wp-content\/uploads\/sites\/3\/2023\/09\/BMX-EC-avslutning-3.jpg 1506w, https:\/\/scf.se\/bmx\/wp-content\/uploads\/sites\/3\/2023\/09\/BMX-EC-avslutning-3-258x300.jpg 258w, https:\/\/scf.se\/bmx\/wp-content\/uploads\/sites\/3\/2023\/09\/BMX-EC-avslutning-3-880x1024.jpg 880w, https:\/\/scf.se\/bmx\/wp-content\/uploads\/sites\/3\/2023\/09\/BMX-EC-avslutning-3-768x893.jpg 768w, https:\/\/scf.se\/bmx\/wp-content\/uploads\/sites\/3\/2023\/09\/BMX-EC-avslutning-3-1320x1536.jpg 1320w\" sizes=\"auto, (max-width: 1506px) 100vw, 1506px\" \/><\/a>\n<blockquote><p>&#8221;Vi gratulerar till de fina prestationerna och resultaten under helgen f\u00f6r Jesper och Vincent. Stort, stort grattis!&#8221;<\/p><\/blockquote>\n<p><em>Text: Svenska Cykelf\u00f6rbundet<\/em><br \/>\n<em>Foto. Navadnet<\/em><\/p>\n<hr \/>\n<p><em><strong>Svenska Cykelf\u00f6rbundet \u00e4r stolta \u00f6ver att presentera v\u00e5ra samarbetspartners. Tack vare dessa fantastiska f\u00f6retag kan v\u00e5ra cyklister oftare ta sig l\u00e4ngre ut i v\u00e4rlden.<\/strong><\/em><\/p>\n<h2><a href=\"https:\/\/scf.se\/forbundet\/sponsorer\/\"><img loading=\"lazy\" decoding=\"async\" class=\"alignnone size-full wp-image-3872\" src=\"https:\/\/scf.se\/landsvag\/wp-content\/uploads\/sites\/5\/2023\/02\/LiggandeBannerNyheterHemsida2023.png\" alt=\"\" width=\"1200\" height=\"200\" \/><\/a><\/h2>\n<p>&nbsp;<\/p>\n","protected":false},"excerpt":{"rendered":"<p>I helgen avgjordes Europacupen i BMX racing nere i portugisiska Anadia. Och vilket avslut det blev! B\u00e5de Jesper Wahlberg i P15\u201316 och junioren Vincent Mol\u00e9n hade fanns i slagl\u00e4ge med en del jobb kvar att g\u00f6ra men fixade var sitt Europacupguld \u2013 efter stor dramatik! Landslaget \u00e5kte ner till Portugal med ett m\u00e5l i<a href=\"https:\/\/scf.se\/bmx\/jesper-wahlberg-och-vincent-molen-fixade-var-sitt-europacupguld\/\" class=\"news-card__more\"> &#8230;<\/a><\/p>\n","protected":false},"author":41,"featured_media":1146,"comment_status":"open","ping_status":"open","sticky":false,"template":"","format":"standard","meta":{"_acf_changed":false,"footnotes":""},"categories":[1],"tags":[],"class_list":["post-1144","post","type-post","status-publish","format-standard","hentry","category-bmx"],"acf":[],"_links":{"self":[{"href":"https:\/\/scf.se\/bmx\/wp-json\/wp\/v2\/posts\/1144","targetHints":{"allow":["GET"]}}],"collection":[{"href":"https:\/\/scf.se\/bmx\/wp-json\/wp\/v2\/posts"}],"about":[{"href":"https:\/\/scf.se\/bmx\/wp-json\/wp\/v2\/types\/post"}],"author":[{"embeddable":true,"href":"https:\/\/scf.se\/bmx\/wp-json\/wp\/v2\/users\/41"}],"replies":[{"embeddable":true,"href":"https:\/\/scf.se\/bmx\/wp-json\/wp\/v2\/comments?post=1144"}],"version-history":[{"count":0,"href":"https:\/\/scf.se\/bmx\/wp-json\/wp\/v2\/posts\/1144\/revisions"}],"wp:featuredmedia":[{"embeddable":true,"href":"https:\/\/scf.se\/bmx\/wp-json\/wp\/v2\/media\/1146"}],"wp:attachment":[{"href":"https:\/\/scf.se\/bmx\/wp-json\/wp\/v2\/media?parent=1144"}],"wp:term":[{"taxonomy":"category","embeddable":true,"href":"https:\/\/scf.se\/bmx\/wp-json\/wp\/v2\/categories?post=1144"},{"taxonomy":"post_tag","embeddable":true,"href":"https:\/\/scf.se\/bmx\/wp-json\/wp\/v2\/tags?post=1144"}],"curies":[{"name":"wp","href":"https:\/\/api.w.org\/{rel}","templated":true}]}}