
{"id":1128,"date":"2023-08-14T08:01:26","date_gmt":"2023-08-14T06:01:26","guid":{"rendered":"http:\/\/scf.se\/bmx\/?p=1128"},"modified":"2023-08-14T09:16:07","modified_gmt":"2023-08-14T07:16:07","slug":"vincent-molen-var-i-kvartsfinal-pa-vm-nar-han-fick-ett-domslut-emot-sig","status":"publish","type":"post","link":"https:\/\/scf.se\/bmx\/vincent-molen-var-i-kvartsfinal-pa-vm-nar-han-fick-ett-domslut-emot-sig\/","title":{"rendered":"Vincent Mol\u00e9n var i VM-kvartsfinal n\u00e4r han fick tufft domslut emot sig"},"content":{"rendered":"<p><strong>VM \u00e4r \u00f6ver f\u00f6r detta \u00e5r och det blev inte alls som t\u00e4nkt f\u00f6r Vincent Mol\u00e9n, som finns med i toppstriden i juniorernas Europacup. En omdiskuterat domslut vid en avgr\u00e4nsningslinje satte stopp f\u00f6r avancemanget till s\u00f6ndagens kvartsfinal.<\/strong><\/p>\n<p>Vincent fl\u00f6g till Glasgow p\u00e5 tisdagen tillsammans med sin tr\u00e4nare Sebastian Matamoros f\u00f6r att ansluta till f\u00f6rbundskapten Johan Fransson som redan var p\u00e5 plats. En dag f\u00f6r att komma till ro innan det var dags f\u00f6r tv\u00e5 dagars tr\u00e4ning p\u00e5 VM-banan.<\/p>\n<a href=\"https:\/\/scf.se\/bmx\/wp-content\/uploads\/sites\/3\/2023\/08\/367401421_817534099867273_6481981325535553136_n.jpg\"><img loading=\"lazy\" decoding=\"async\" class=\"alignnone size-full wp-image-1137\" src=\"https:\/\/scf.se\/bmx\/wp-content\/uploads\/sites\/3\/2023\/08\/367401421_817534099867273_6481981325535553136_n.jpg\" alt=\"\" width=\"1876\" height=\"1251\" srcset=\"https:\/\/scf.se\/bmx\/wp-content\/uploads\/sites\/3\/2023\/08\/367401421_817534099867273_6481981325535553136_n.jpg 1876w, https:\/\/scf.se\/bmx\/wp-content\/uploads\/sites\/3\/2023\/08\/367401421_817534099867273_6481981325535553136_n-300x200.jpg 300w, https:\/\/scf.se\/bmx\/wp-content\/uploads\/sites\/3\/2023\/08\/367401421_817534099867273_6481981325535553136_n-1024x683.jpg 1024w, https:\/\/scf.se\/bmx\/wp-content\/uploads\/sites\/3\/2023\/08\/367401421_817534099867273_6481981325535553136_n-768x512.jpg 768w, https:\/\/scf.se\/bmx\/wp-content\/uploads\/sites\/3\/2023\/08\/367401421_817534099867273_6481981325535553136_n-1536x1024.jpg 1536w\" sizes=\"auto, (max-width: 1876px) 100vw, 1876px\" \/><\/a>\n<p>Vincent hade varit i Glasgow tidigare under \u00e5ret f\u00f6r att f\u00f6rbereda sig f\u00f6r VM s\u00e5 banan var inget nytt f\u00f6r honom och det syntes snabbt p\u00e5 f\u00f6rsta VM-passet.<\/p>\n<blockquote><p>&#8221;Jag kunde se snabbt att Vincent var van vid banan och att f\u00f6rberedelserna har varit till nytta p\u00e5 banan. Vincent tar banan kontrollerande och snabbt, s\u00e4ger f\u00f6rbundskaptenen Johan Fransson men till\u00e4gger att Vincent \u00e4ven blev tr\u00f6tt snabbt och lite VM-nerver fanns med under passet.<\/p><\/blockquote>\n<p>Det blev sedan \u00e4nnu ett pass f\u00f6r Vincent och d\u00e5 hade alla nerver sl\u00e4ppt och passet gick som planerat.<\/p>\n<blockquote><p>&#8221;Nerverna fr\u00e5n dag ett \u00e4r inget ovanligt vid stora evenemang och vi jobbade snabbt bort det och kunde genomf\u00f6ra ett riktigt bra pass p\u00e5 banan&#8221;, s\u00e4ger Johan.<\/p><\/blockquote>\n<a href=\"https:\/\/scf.se\/bmx\/wp-content\/uploads\/sites\/3\/2023\/08\/367414979_989736202362256_4122550353313379581_n.jpg\"><img loading=\"lazy\" decoding=\"async\" class=\"alignnone size-full wp-image-1132\" src=\"https:\/\/scf.se\/bmx\/wp-content\/uploads\/sites\/3\/2023\/08\/367414979_989736202362256_4122550353313379581_n.jpg\" alt=\"\" width=\"2039\" height=\"1360\" srcset=\"https:\/\/scf.se\/bmx\/wp-content\/uploads\/sites\/3\/2023\/08\/367414979_989736202362256_4122550353313379581_n.jpg 2039w, https:\/\/scf.se\/bmx\/wp-content\/uploads\/sites\/3\/2023\/08\/367414979_989736202362256_4122550353313379581_n-300x200.jpg 300w, https:\/\/scf.se\/bmx\/wp-content\/uploads\/sites\/3\/2023\/08\/367414979_989736202362256_4122550353313379581_n-1024x683.jpg 1024w, https:\/\/scf.se\/bmx\/wp-content\/uploads\/sites\/3\/2023\/08\/367414979_989736202362256_4122550353313379581_n-768x512.jpg 768w, https:\/\/scf.se\/bmx\/wp-content\/uploads\/sites\/3\/2023\/08\/367414979_989736202362256_4122550353313379581_n-1536x1025.jpg 1536w\" sizes=\"auto, (max-width: 2039px) 100vw, 2039px\" \/><\/a>\n<p>Det blev sedan dags f\u00f6r f\u00f6rsta t\u00e4vlingsdagen d\u00e4r det stod kval och \u00e5ttondelsfinal p\u00e5 schemat.<\/p>\n<p>Vincent gjorde ett bra kval och k\u00f6rde in som tv\u00e5a \u00f6ver m\u00e5llinjen och var klar f\u00f6r \u00e5ttondelen.<\/p>\n<blockquote><p>&#8221;Vincent kom inte helt ut i starten men tryckte p\u00e5 bra och h\u00f6ll sig fokuserad under resten av loppet och kunde p\u00e5 s\u00e5 s\u00e4tt ganska enkelt ta sig vidare fr\u00e5n kvalomg\u00e5ngarna&#8221;, s\u00e4ger Johan.<\/p><\/blockquote>\n<p>Det blev sedan en l\u00e5ng v\u00e4ntan p\u00e5 n\u00e5gra timmar tills \u00e5ttondelsfinalerna.<\/p>\n<blockquote><p>&#8221; Ja, det vart en l\u00e5ng paus innan det var dags f\u00f6r \u00e5ttondelsfinalen. Det var inget som vi visste om s\u00e5 vi k\u00f6rde tillbaka till boendet d\u00e4r Vincent kunde koppla av, ta en dusch och vi fyllde p\u00e5 med ny energi innan vi tog oss tillbaka till banan&#8221;, ber\u00e4ttar f\u00f6rbundskaptenen.<\/p><\/blockquote>\n<a href=\"https:\/\/scf.se\/bmx\/wp-content\/uploads\/sites\/3\/2023\/08\/367404670_954280262333758_4477012366521286948_n.jpg\"><img loading=\"lazy\" decoding=\"async\" class=\"alignnone size-full wp-image-1130\" src=\"https:\/\/scf.se\/bmx\/wp-content\/uploads\/sites\/3\/2023\/08\/367404670_954280262333758_4477012366521286948_n.jpg\" alt=\"\" width=\"2048\" height=\"1365\" srcset=\"https:\/\/scf.se\/bmx\/wp-content\/uploads\/sites\/3\/2023\/08\/367404670_954280262333758_4477012366521286948_n.jpg 2048w, https:\/\/scf.se\/bmx\/wp-content\/uploads\/sites\/3\/2023\/08\/367404670_954280262333758_4477012366521286948_n-300x200.jpg 300w, https:\/\/scf.se\/bmx\/wp-content\/uploads\/sites\/3\/2023\/08\/367404670_954280262333758_4477012366521286948_n-1024x683.jpg 1024w, https:\/\/scf.se\/bmx\/wp-content\/uploads\/sites\/3\/2023\/08\/367404670_954280262333758_4477012366521286948_n-768x512.jpg 768w, https:\/\/scf.se\/bmx\/wp-content\/uploads\/sites\/3\/2023\/08\/367404670_954280262333758_4477012366521286948_n-1536x1024.jpg 1536w\" sizes=\"auto, (max-width: 2048px) 100vw, 2048px\" \/><\/a> <a href=\"https:\/\/scf.se\/bmx\/wp-content\/uploads\/sites\/3\/2023\/08\/367402923_321311983666698_3603804364148241073_n.jpg\"><img loading=\"lazy\" decoding=\"async\" class=\"alignnone size-full wp-image-1131\" src=\"https:\/\/scf.se\/bmx\/wp-content\/uploads\/sites\/3\/2023\/08\/367402923_321311983666698_3603804364148241073_n.jpg\" alt=\"\" width=\"1337\" height=\"2005\" srcset=\"https:\/\/scf.se\/bmx\/wp-content\/uploads\/sites\/3\/2023\/08\/367402923_321311983666698_3603804364148241073_n.jpg 1337w, https:\/\/scf.se\/bmx\/wp-content\/uploads\/sites\/3\/2023\/08\/367402923_321311983666698_3603804364148241073_n-200x300.jpg 200w, https:\/\/scf.se\/bmx\/wp-content\/uploads\/sites\/3\/2023\/08\/367402923_321311983666698_3603804364148241073_n-683x1024.jpg 683w, https:\/\/scf.se\/bmx\/wp-content\/uploads\/sites\/3\/2023\/08\/367402923_321311983666698_3603804364148241073_n-768x1152.jpg 768w, https:\/\/scf.se\/bmx\/wp-content\/uploads\/sites\/3\/2023\/08\/367402923_321311983666698_3603804364148241073_n-1024x1536.jpg 1024w\" sizes=\"auto, (max-width: 1337px) 100vw, 1337px\" \/><\/a> <a href=\"https:\/\/scf.se\/bmx\/wp-content\/uploads\/sites\/3\/2023\/08\/363641265_828527058967440_4171057594214801502_n.jpg\"><img loading=\"lazy\" decoding=\"async\" class=\"alignnone size-full wp-image-1133\" src=\"https:\/\/scf.se\/bmx\/wp-content\/uploads\/sites\/3\/2023\/08\/363641265_828527058967440_4171057594214801502_n.jpg\" alt=\"\" width=\"2048\" height=\"1365\" srcset=\"https:\/\/scf.se\/bmx\/wp-content\/uploads\/sites\/3\/2023\/08\/363641265_828527058967440_4171057594214801502_n.jpg 2048w, https:\/\/scf.se\/bmx\/wp-content\/uploads\/sites\/3\/2023\/08\/363641265_828527058967440_4171057594214801502_n-300x200.jpg 300w, https:\/\/scf.se\/bmx\/wp-content\/uploads\/sites\/3\/2023\/08\/363641265_828527058967440_4171057594214801502_n-1024x683.jpg 1024w, https:\/\/scf.se\/bmx\/wp-content\/uploads\/sites\/3\/2023\/08\/363641265_828527058967440_4171057594214801502_n-768x512.jpg 768w, https:\/\/scf.se\/bmx\/wp-content\/uploads\/sites\/3\/2023\/08\/363641265_828527058967440_4171057594214801502_n-1536x1024.jpg 1536w\" sizes=\"auto, (max-width: 2048px) 100vw, 2048px\" \/><\/a> <a href=\"https:\/\/scf.se\/bmx\/wp-content\/uploads\/sites\/3\/2023\/08\/367402758_785277346629569_1778270775738360736_n.jpg\"><img loading=\"lazy\" decoding=\"async\" class=\"alignnone size-full wp-image-1135\" src=\"https:\/\/scf.se\/bmx\/wp-content\/uploads\/sites\/3\/2023\/08\/367402758_785277346629569_1778270775738360736_n.jpg\" alt=\"\" width=\"2048\" height=\"1365\" srcset=\"https:\/\/scf.se\/bmx\/wp-content\/uploads\/sites\/3\/2023\/08\/367402758_785277346629569_1778270775738360736_n.jpg 2048w, https:\/\/scf.se\/bmx\/wp-content\/uploads\/sites\/3\/2023\/08\/367402758_785277346629569_1778270775738360736_n-300x200.jpg 300w, https:\/\/scf.se\/bmx\/wp-content\/uploads\/sites\/3\/2023\/08\/367402758_785277346629569_1778270775738360736_n-1024x683.jpg 1024w, https:\/\/scf.se\/bmx\/wp-content\/uploads\/sites\/3\/2023\/08\/367402758_785277346629569_1778270775738360736_n-768x512.jpg 768w, https:\/\/scf.se\/bmx\/wp-content\/uploads\/sites\/3\/2023\/08\/367402758_785277346629569_1778270775738360736_n-1536x1024.jpg 1536w\" sizes=\"auto, (max-width: 2048px) 100vw, 2048px\" \/><\/a> <a href=\"https:\/\/scf.se\/bmx\/wp-content\/uploads\/sites\/3\/2023\/08\/367409230_681647003396504_3350424174647050930_n.jpg\"><img loading=\"lazy\" decoding=\"async\" class=\"alignnone size-full wp-image-1134\" src=\"https:\/\/scf.se\/bmx\/wp-content\/uploads\/sites\/3\/2023\/08\/367409230_681647003396504_3350424174647050930_n.jpg\" alt=\"\" width=\"1923\" height=\"1282\" srcset=\"https:\/\/scf.se\/bmx\/wp-content\/uploads\/sites\/3\/2023\/08\/367409230_681647003396504_3350424174647050930_n.jpg 1923w, https:\/\/scf.se\/bmx\/wp-content\/uploads\/sites\/3\/2023\/08\/367409230_681647003396504_3350424174647050930_n-300x200.jpg 300w, https:\/\/scf.se\/bmx\/wp-content\/uploads\/sites\/3\/2023\/08\/367409230_681647003396504_3350424174647050930_n-1024x683.jpg 1024w, https:\/\/scf.se\/bmx\/wp-content\/uploads\/sites\/3\/2023\/08\/367409230_681647003396504_3350424174647050930_n-768x512.jpg 768w, https:\/\/scf.se\/bmx\/wp-content\/uploads\/sites\/3\/2023\/08\/367409230_681647003396504_3350424174647050930_n-1536x1024.jpg 1536w\" sizes=\"auto, (max-width: 1923px) 100vw, 1923px\" \/><\/a>\n<p>Det var nu dags f\u00f6r \u00e5ttondelsfinal. Starten gick och Vincent fick \u00e5terigen ingen kanonstart, men l\u00e5g med bra l\u00e5ngt fram och kunde i f\u00f6rsta sv\u00e4ng komma ut som nummer tv\u00e5 och h\u00f6ll den placeringen in i m\u00e5l och Vincent var klar f\u00f6r s\u00f6ndagens finaler. MEN d\u00e5 kom ett resultat fram som ingen var beredd p\u00e5. Vincent hade f\u00e5tt en REL i resultatet vilket inneb\u00e4r att han blir satt sist i heatet och p\u00e5 s\u00e5 s\u00e4tt d\u00e5 \u00e5kt ut ur t\u00e4vlingen.<\/p>\n<p>F\u00f6rbundskapten s\u00e4ger s\u00e5 h\u00e4r om situationen:<\/p>\n<blockquote><p>&#8221;Vi st\u00e5r och gl\u00e4djer oss f\u00f6r det fina resultatet och b\u00f6rjar k\u00e4nna att det \u00e4r n\u00e5got stort p\u00e5 g\u00e5ng d\u00e5 Vincent ser s\u00e5 stark ut p\u00e5 banan och den mentala biten \u00e4r p\u00e5 topp, men s\u00e5 ser vi att det st\u00e5r REL i resultaten och Vincent saknas i listorna p\u00e5 morgondagens t\u00e4vling. B\u00e5de jag och Vincents tr\u00e4nare skyndar oss till domarna f\u00f6r att se vad som h\u00e4nt och f\u00e5r d\u00e5 beskedet att de anser att Vincent varit innanf\u00f6r linjen i f\u00f6rsta sv\u00e4ng och tj\u00e4nat p\u00e5 det och f\u00e5r d\u00e5 REL och satt sist. Vi l\u00e4mnar in protest, \u00e4ven om vi ej f\u00e5r lov d\u00e5 vi bara f\u00e5r l\u00e4mna p\u00e5 resultat vid placering men vi k\u00e4nde att vi beh\u00f6ver testa allt f\u00f6r vi kan inte se p\u00e5 v\u00e5ra videos att Vincent varit innanf\u00f6r och tj\u00e4nat n\u00e5got p\u00e5 det \u2013 att han varit p\u00e5 gr\u00e4nsen och fightas med de andra absolut men s\u00e5 s\u00e5g det ut i alla heat under dagen och vi s\u00e5g inga andra f\u00e5 n\u00e5gra domar mot sig. Men trots alla f\u00f6rs\u00f6k s\u00e5 gick det ej att \u00e4ndra p\u00e5 beslutet&#8221;, s\u00e4ger Johan Fransson.<\/p>\n<p>&#8221;Vi vet att beslut som dessa ej g\u00e5r att protestera mot och de \u00e4ndras aldrig men det k\u00e4ndes s\u00e5 or\u00e4ttvist p\u00e5 alla s\u00e4tt och vis n\u00e4r vi sett m\u00e5nga andra k\u00f6rt l\u00e5ngt \u00f6ver linjen och tj\u00e4nat p\u00e5 det och inget h\u00e4nt och s\u00e5 blir det ett beslut mot Vincent som i v\u00e5ra \u00f6gon inte gjort n\u00e5got fel.&#8221;<\/p><\/blockquote>\n<p>Det blev en l\u00e5ng kv\u00e4ll f\u00f6r oss sedan att sitta och prata med Vincent, som var s\u00e5 redo inf\u00f6r s\u00f6ndagens finaler, och st\u00f6tta honom genom detta.<\/p>\n<p>Ett sn\u00f6pligt slut blev det f\u00f6r BMX-landslaget och det \u00e4r m\u00e5nga som sj\u00e4lvklart velat se Vincent under s\u00f6ndagens finaler.<\/p>\n<blockquote><p>&#8221;Ja, det var m\u00e5nga meddelanden som skickades fr\u00e5n Sverige till oss och vi vill tacka alla som skickade st\u00f6ttande ord med mera till oss alla i Glasgow och vi och Vincent kommer komma starkare tillbaka fr\u00e5n detta, \u00e4ven om vi beh\u00f6ver sm\u00e4lta det som h\u00e4nt, s\u00e4ger f\u00f6rbundskaptenen.<\/p><\/blockquote>\n<p>\u00c5terigen ett tr\u00e5kigt slut p\u00e5 detta VM f\u00f6r v\u00e5r juniorcyklist och d\u00e4r var \u00e4ven VM slut f\u00f6r detta \u00e5r. H\u00e4rn\u00e4st blir det hem till Sverige och f\u00f6rberedda sig f\u00f6r den sista Europacupen i Portugal om n\u00e5gra veckor d\u00e4r Vincent sl\u00e5ss om topplaceringarna i totalen.<\/p>\n<p><em>Text: Svenska Cykelf\u00f6rbundet<\/em><br \/>\n<em>Foto: Navadnet<\/em><\/p>\n<hr \/>\n<p><em><strong>Svenska Cykelf\u00f6rbundet \u00e4r stolta \u00f6ver att presentera v\u00e5ra samarbetspartners. Tack vare dessa fantastiska f\u00f6retag kan v\u00e5ra cyklister oftare ta sig l\u00e4ngre ut i v\u00e4rlden.<\/strong><\/em><\/p>\n<h2><a href=\"https:\/\/scf.se\/forbundet\/sponsorer\/\"><img loading=\"lazy\" decoding=\"async\" class=\"alignnone size-full wp-image-3872\" src=\"https:\/\/scf.se\/landsvag\/wp-content\/uploads\/sites\/5\/2023\/02\/LiggandeBannerNyheterHemsida2023.png\" alt=\"\" width=\"1200\" height=\"200\" \/><\/a><\/h2>\n","protected":false},"excerpt":{"rendered":"<p>VM \u00e4r \u00f6ver f\u00f6r detta \u00e5r och det blev inte alls som t\u00e4nkt f\u00f6r Vincent Mol\u00e9n, som finns med i toppstriden i juniorernas Europacup. En omdiskuterat domslut vid en avgr\u00e4nsningslinje satte stopp f\u00f6r avancemanget till s\u00f6ndagens kvartsfinal. Vincent fl\u00f6g till Glasgow p\u00e5 tisdagen tillsammans med sin tr\u00e4nare Sebastian Matamoros f\u00f6r att ansluta till f\u00f6rbundskapten<a href=\"https:\/\/scf.se\/bmx\/vincent-molen-var-i-kvartsfinal-pa-vm-nar-han-fick-ett-domslut-emot-sig\/\" class=\"news-card__more\"> &#8230;<\/a><\/p>\n","protected":false},"author":41,"featured_media":1136,"comment_status":"open","ping_status":"open","sticky":false,"template":"","format":"standard","meta":{"_acf_changed":false,"footnotes":""},"categories":[1],"tags":[],"class_list":["post-1128","post","type-post","status-publish","format-standard","hentry","category-bmx"],"acf":[],"_links":{"self":[{"href":"https:\/\/scf.se\/bmx\/wp-json\/wp\/v2\/posts\/1128","targetHints":{"allow":["GET"]}}],"collection":[{"href":"https:\/\/scf.se\/bmx\/wp-json\/wp\/v2\/posts"}],"about":[{"href":"https:\/\/scf.se\/bmx\/wp-json\/wp\/v2\/types\/post"}],"author":[{"embeddable":true,"href":"https:\/\/scf.se\/bmx\/wp-json\/wp\/v2\/users\/41"}],"replies":[{"embeddable":true,"href":"https:\/\/scf.se\/bmx\/wp-json\/wp\/v2\/comments?post=1128"}],"version-history":[{"count":0,"href":"https:\/\/scf.se\/bmx\/wp-json\/wp\/v2\/posts\/1128\/revisions"}],"wp:featuredmedia":[{"embeddable":true,"href":"https:\/\/scf.se\/bmx\/wp-json\/wp\/v2\/media\/1136"}],"wp:attachment":[{"href":"https:\/\/scf.se\/bmx\/wp-json\/wp\/v2\/media?parent=1128"}],"wp:term":[{"taxonomy":"category","embeddable":true,"href":"https:\/\/scf.se\/bmx\/wp-json\/wp\/v2\/categories?post=1128"},{"taxonomy":"post_tag","embeddable":true,"href":"https:\/\/scf.se\/bmx\/wp-json\/wp\/v2\/tags?post=1128"}],"curies":[{"name":"wp","href":"https:\/\/api.w.org\/{rel}","templated":true}]}}