
{"id":907,"date":"2023-08-08T18:31:17","date_gmt":"2023-08-08T16:31:17","guid":{"rendered":"http:\/\/scf.se\/bancykel\/?p=907"},"modified":"2023-08-09T11:32:39","modified_gmt":"2023-08-09T09:32:39","slug":"gustav-i-form-vassar-det-sista-infor-spannande-vm-poanglopp","status":"publish","type":"post","link":"https:\/\/scf.se\/bancykel\/gustav-i-form-vassar-det-sista-infor-spannande-vm-poanglopp\/","title":{"rendered":"Gustav i fin form v\u00e4ssade det sista inf\u00f6r sp\u00e4nnande po\u00e4nglopp p\u00e5 VM"},"content":{"rendered":"<p><strong>Gustav Johansson hade en dipp i v\u00e5ras. Men t\u00e4vlandet i Europa fr\u00e5n sommaren och fram\u00e5t har k\u00e4nts allt b\u00e4ttre. &#8221;Ja, jag \u00e4r n\u00f6jd med uppladdningen \u2013 att bara kunna tr\u00e4na p\u00e5 och k\u00f6ra n\u00e5gra lokala t\u00e4vlingar p\u00e5 Mallorca senaste m\u00e5naden d\u00e4r det har k\u00e4nts bra&#8221;, s\u00e4ger Gustav inf\u00f6r onsdagens po\u00e4nglopp som direkts\u00e4nds i SVT Play 20.15.<\/strong><\/p>\n<p>Gustav Johansson k\u00e4nner sig laddad timmarna innan sista tr\u00e4ningen inf\u00f6r onsdagens VM-po\u00e4nglopp som h\u00e4r inleds med uppv\u00e4rmning p\u00e5 rullen inf\u00f6r ett tr\u00e5ngt pass p\u00e5 Sir Chris Hoy Velodrome i Glasgow.<\/p>\n<blockquote><p>&#8221;Absolut! Det \u00e4r po\u00e4ngloppet som \u00e4r favoritdisciplinen. Taktiken \u00e4r bara att g\u00e5 ALL IN. G\u00e5 f\u00f6r det. Ta f\u00f6r mig. Tar du ett varv eller tv\u00e5 varv s\u00e5 kan man vara pl\u00f6tsligt vara med och sl\u00e5ss om medaljerna fr\u00e5n ett l\u00e4ge d\u00e4r man ligger och k\u00f6r helt utan po\u00e4ng. Det sv\u00e4nger fort. Man kan vinna ett po\u00e4nglopp med noll po\u00e4ng i delspurterna&#8221;, s\u00e4ger Gustav Johansson.<\/p><\/blockquote>\n<p>Under \u00e5ret har det varit r\u00e4tt mycket fokus p\u00e5 bancykelns m\u00e5ngkamp, omnium, som \u00e4r en OS-gren och d\u00e4r po\u00e4nglopp ing\u00e5r.\u00a0 Men Gustav tror inte att det kommer att dyka upp n\u00e5got annat \u00e4n ett toppstartf\u00e4lt \u00e4ven i po\u00e4ngloppet n\u00e4r startlistan offentligg\u00f6rs p\u00e5 onsdag f\u00f6rmiddag.<\/p>\n<blockquote><p>&#8221;Nej, det kommer s\u00e4kert vara bra motst\u00e5nd. De stora nationerna har en riktigt bra cyklist som bara k\u00f6r po\u00e4nglopp p\u00e5 VM. Nu t\u00e4nker jag inte s\u00e5 mycket p\u00e5 vilka motst\u00e5ndarna \u00e4r eller om de kommer ha koll p\u00e5 mig i b\u00f6rjan av loppet. Jag fokuserar enbart p\u00e5 min egen cykling.&#8221;<\/p><\/blockquote>\n<p>Gustav var sliten under v\u00e5rs\u00e4songen som hakade p\u00e5 n\u00e4stan direkt efter Champions League-cirkusen som han smickrande nog blev inbjuden till direkt efter VM-succ\u00e9n.<\/p>\n<blockquote><p>&#8221;EM kom ju redan i b\u00f6rjan av februari. Det blev n\u00e4stan inget t\u00e4vlingsuppeh\u00e5ll. Mycket resdagar; tr\u00e4ningsdagar faller bort. , Det var f\u00f6rst i juli som det bara blev tr\u00e4ning; sk\u00f6nt att vara p\u00e5 ett st\u00e4lle och bara fokusera p\u00e5 tr\u00e4ning och v\u00e4ssa formen med lite sm\u00e5t\u00e4vlingar p\u00e5 Mallorca&#8221;, s\u00e4ger Gustav.<\/p><\/blockquote>\n<a href=\"https:\/\/scf.se\/bancykel\/wp-content\/uploads\/sites\/2\/2023\/08\/KS15134.jpg\"><img loading=\"lazy\" decoding=\"async\" class=\"alignnone size-full wp-image-912\" src=\"https:\/\/scf.se\/bancykel\/wp-content\/uploads\/sites\/2\/2023\/08\/KS15134.jpg\" alt=\"\" width=\"2200\" height=\"1427\" srcset=\"https:\/\/scf.se\/bancykel\/wp-content\/uploads\/sites\/2\/2023\/08\/KS15134.jpg 2200w, https:\/\/scf.se\/bancykel\/wp-content\/uploads\/sites\/2\/2023\/08\/KS15134-300x195.jpg 300w, https:\/\/scf.se\/bancykel\/wp-content\/uploads\/sites\/2\/2023\/08\/KS15134-1024x664.jpg 1024w, https:\/\/scf.se\/bancykel\/wp-content\/uploads\/sites\/2\/2023\/08\/KS15134-768x498.jpg 768w, https:\/\/scf.se\/bancykel\/wp-content\/uploads\/sites\/2\/2023\/08\/KS15134-1536x996.jpg 1536w, https:\/\/scf.se\/bancykel\/wp-content\/uploads\/sites\/2\/2023\/08\/KS15134-2048x1328.jpg 2048w\" sizes=\"auto, (max-width: 2200px) 100vw, 2200px\" \/><\/a>\n<p>Johansson som \u00e4r uppvuxen i Falkenbergstrakten, bor p\u00e5 Mallorca och i \u00e5r k\u00f6r f\u00f6r Faluklubben Velodrom CK har tagit n\u00e5gra\u00a0 segrar. Han har innan dess visat en helt annat form \u00e4n tidigare vid t\u00e4vlingar i Danmark och \u00d6steuropa.<\/p>\n<blockquote><p>&#8221;Ja, det har k\u00e4nts riktigt bra, inte minst p\u00e5 slutet med en helt ny cykel&#8221;, s\u00e4ger Gustav Johansson.<\/p><\/blockquote>\n<p>Han har harvat omkring p\u00e5 en \u00e5tta \u00e5r gammal andracykel efter att ha f\u00e5tt sin f\u00f6rstahoj krossad av flygplatspersonal.<\/p>\n<blockquote><p>&#8221;J\u00e4ttesk\u00f6nt med en ny cykel s\u00e5 att man litar p\u00e5 materialet. Den h\u00e4r cykeln vet jag fungerar. Det har h\u00e4nt mycket i utvecklingen av cyklar p\u00e5 \u00e5tta \u00e5r&#8230;med geometri och annat. Jag har definitivt f\u00e5tt en liten boost av cykelbytet.&#8221;<\/p><\/blockquote>\n<p><strong>Hur har det k\u00e4nts p\u00e5 tr\u00e4ning i Glasgow?<\/strong><\/p>\n<blockquote><p>&#8221;Allt har k\u00e4nts bra, f\u00f6rutom att det har varit bl\u00f6tt och kallt de g\u00e5nger som jag har f\u00e5tt tr\u00e4na utanf\u00f6r hallen. VM-programmet \u00e4r s\u00e5 sp\u00e4ckat att vi bara har en timme att tr\u00e4na och d\u00e5 ska alla in och k\u00f6ra. V\u00e4ldigt tr\u00e5ngt. Vanligtvis har vi en l\u00e4ngre tr\u00e4ningstid p\u00e5 f\u00f6rmiddagarna. Nu \u00e4r det p\u00e5 eftermiddagspausen mellan tre och fyra som vi har f\u00e5tt k\u00f6ra.&#8221;<\/p><\/blockquote>\n<a href=\"https:\/\/scf.se\/bancykel\/wp-content\/uploads\/sites\/2\/2023\/08\/bana-superbreddare.jpg\"><img loading=\"lazy\" decoding=\"async\" class=\"alignnone size-full wp-image-910\" src=\"https:\/\/scf.se\/bancykel\/wp-content\/uploads\/sites\/2\/2023\/08\/bana-superbreddare.jpg\" alt=\"\" width=\"1170\" height=\"380\" srcset=\"https:\/\/scf.se\/bancykel\/wp-content\/uploads\/sites\/2\/2023\/08\/bana-superbreddare.jpg 1170w, https:\/\/scf.se\/bancykel\/wp-content\/uploads\/sites\/2\/2023\/08\/bana-superbreddare-300x97.jpg 300w, https:\/\/scf.se\/bancykel\/wp-content\/uploads\/sites\/2\/2023\/08\/bana-superbreddare-1024x333.jpg 1024w, https:\/\/scf.se\/bancykel\/wp-content\/uploads\/sites\/2\/2023\/08\/bana-superbreddare-768x249.jpg 768w\" sizes=\"auto, (max-width: 1170px) 100vw, 1170px\" \/><\/a>\n<p>Gustav anl\u00e4nde till Glasgow redan i fredags och har hunnit k\u00e4nna av atmosf\u00e4ren i arenan.<\/p>\n<blockquote><p>&#8221;St\u00e4mningen har varit v\u00e4ldigt bra! Bra tryck, speciellt n\u00e4r britterna presterar f\u00f6rst\u00e5s. Hemmapubliken \u00e4r p\u00e5 topp, s\u00e5 det ska bli fantastiskt kul att k\u00f6ra.&#8221;<\/p><\/blockquote>\n<p>S\u00e5 missa inte att kolla in SVT Play strax efter 20 p\u00e5 onsdagskv\u00e4llen. Gustav Johansson med skr\u00e4ll\u00e4ge i en s\u00e4ndning d\u00e4r\u00a0 f\u00f6rbundskaptenen Johan Carelle \u00e4r expertkommentator.<\/p>\n<h2>S\u00e5 s\u00e4nder SVT fr\u00e5n onsdagens VM-t\u00e4vlingar<\/h2>\n<ul>\n<li><strong>13:25\u201315:00 SVT1 och SVT Play:<\/strong> MTB mixed stafett, Sverige prioriterar de individuella loppen. Kommentatorer: Bj\u00f6rn Becksmo och Alexandra Engen<\/li>\n<li><strong>15:55\u201318:30 SVT Play<\/strong>: MTB E-bike, dam- och herrfinal. Kommentatorer: Bj\u00f6rn Becksmo och Alexandra Engen<\/li>\n<li><strong>18:55\u201320:30 SVT Play<\/strong>: Trial lag, mixed. Kommentatorer: Peter Jonsson och Nadine K\u00e5mark<\/li>\n<li><strong>18:25\u201321:55 SVT Play:<\/strong> Bancykel, finalpass dag 7. Kommentatorer: Matts Egeholm och Johan Carelle<\/li>\n<\/ul>\n<h2>VM-grenar med svenskintresse under onsdagen<\/h2>\n<ul>\n<li><strong>Landsv\u00e4g 15.30<\/strong>: Tempo herrar U23. Jakob S\u00f6derqvist, som var SM-tv\u00e5a i tempo, g\u00f6r en sp\u00e4nnande start. Kort rapport direkt efter loppet.<\/li>\n<li><strong>Trial 19.00:<\/strong> VM f\u00f6r v\u00e5ra trialcyklister mjukstartar med mixade laget. L\u00e4get p\u00e5 onsdagskv\u00e4llen, inte minst inf\u00f6r torsdagens semifinal i damelit med f\u00f6rra \u00e5rets VM-trea Hilda Andersson.<\/li>\n<li><strong>Bana 20.15:<\/strong> Gustav Johansson k\u00f6r sitt andra VM i sin specialdisciplin po\u00e4nglopp. Han gjorde stora resultat b\u00e5de p\u00e5 EM och inte minst vid VM f\u00f6rra \u00e5ret i just po\u00e4nglopp d\u00e5 Gustav var sjua. Kort rapport direkt efter loppet.<\/li>\n<li><strong>BMX:<\/strong> VM i challangerklasserna i olika \u00e5ldrar avslutas med Jesper Wahlberg, William Lindstr\u00f6m, Louie Fransson, Oskar \u00c5berg, Penn Zerge och Helena Sund. Vi sammanfattar p\u00e5 alla p\u00e5 SCF.se under onsdagskv\u00e4llen.<\/li>\n<\/ul>\n<p><a href=\"https:\/\/scf.se\/forbundet\/mycket-att-se-fram-emot-under-vm-alla-halltider-for-svenskarna\/\"><em><strong>Mycket kvar att se fram emot under VM \u2013 h\u00e4r \u00e4r alla h\u00e5lltider f\u00f6r svenskarna!<\/strong><\/em><\/a><\/p>\n<p><em>Text: Tomas Larsson\/SCF<\/em><br \/>\n<em>Foto: Nizze Gustafzzon\/SCF<\/em><\/p>\n<hr \/>\n<p><em><strong>Svenska Cykelf\u00f6rbundet \u00e4r stolta \u00f6ver att presentera v\u00e5ra samarbetspartners. Tack vare dessa fantastiska f\u00f6retag kan v\u00e5ra cyklister oftare ta sig l\u00e4ngre ut i v\u00e4rlden.<\/strong><\/em><\/p>\n<h2><a href=\"https:\/\/scf.se\/forbundet\/sponsorer\/\"><img loading=\"lazy\" decoding=\"async\" class=\"alignnone size-full wp-image-3872\" src=\"https:\/\/scf.se\/landsvag\/wp-content\/uploads\/sites\/5\/2023\/02\/LiggandeBannerNyheterHemsida2023.png\" alt=\"\" width=\"1200\" height=\"200\" \/><\/a><\/h2>\n<p>&nbsp;<\/p>\n<p>&nbsp;<\/p>\n<p>&nbsp;<\/p>\n","protected":false},"excerpt":{"rendered":"<p>Gustav Johansson hade en dipp i v\u00e5ras. Men t\u00e4vlandet i Europa fr\u00e5n sommaren och fram\u00e5t har k\u00e4nts allt b\u00e4ttre. &#8221;Ja, jag \u00e4r n\u00f6jd med uppladdningen \u2013 att bara kunna tr\u00e4na p\u00e5 och k\u00f6ra n\u00e5gra lokala t\u00e4vlingar p\u00e5 Mallorca senaste m\u00e5naden d\u00e4r det har k\u00e4nts bra&#8221;, s\u00e4ger Gustav inf\u00f6r onsdagens po\u00e4nglopp som direkts\u00e4nds i SVT<a href=\"https:\/\/scf.se\/bancykel\/gustav-i-form-vassar-det-sista-infor-spannande-vm-poanglopp\/\" class=\"news-card__more\"> &#8230;<\/a><\/p>\n","protected":false},"author":41,"featured_media":911,"comment_status":"open","ping_status":"open","sticky":false,"template":"","format":"standard","meta":{"_acf_changed":false,"footnotes":""},"categories":[1],"tags":[],"class_list":["post-907","post","type-post","status-publish","format-standard","hentry","category-bancykel"],"acf":[],"_links":{"self":[{"href":"https:\/\/scf.se\/bancykel\/wp-json\/wp\/v2\/posts\/907","targetHints":{"allow":["GET"]}}],"collection":[{"href":"https:\/\/scf.se\/bancykel\/wp-json\/wp\/v2\/posts"}],"about":[{"href":"https:\/\/scf.se\/bancykel\/wp-json\/wp\/v2\/types\/post"}],"author":[{"embeddable":true,"href":"https:\/\/scf.se\/bancykel\/wp-json\/wp\/v2\/users\/41"}],"replies":[{"embeddable":true,"href":"https:\/\/scf.se\/bancykel\/wp-json\/wp\/v2\/comments?post=907"}],"version-history":[{"count":0,"href":"https:\/\/scf.se\/bancykel\/wp-json\/wp\/v2\/posts\/907\/revisions"}],"wp:featuredmedia":[{"embeddable":true,"href":"https:\/\/scf.se\/bancykel\/wp-json\/wp\/v2\/media\/911"}],"wp:attachment":[{"href":"https:\/\/scf.se\/bancykel\/wp-json\/wp\/v2\/media?parent=907"}],"wp:term":[{"taxonomy":"category","embeddable":true,"href":"https:\/\/scf.se\/bancykel\/wp-json\/wp\/v2\/categories?post=907"},{"taxonomy":"post_tag","embeddable":true,"href":"https:\/\/scf.se\/bancykel\/wp-json\/wp\/v2\/tags?post=907"}],"curies":[{"name":"wp","href":"https:\/\/api.w.org\/{rel}","templated":true}]}}