
{"id":752,"date":"2022-06-15T14:44:51","date_gmt":"2022-06-15T12:44:51","guid":{"rendered":"http:\/\/scf.se\/bancykel\/?p=752"},"modified":"2022-06-16T09:23:32","modified_gmt":"2022-06-16T07:23:32","slug":"gustav-johansson-ger-bancykel-en-chans-fyra-pa-dansk-uci-tavling","status":"publish","type":"post","link":"https:\/\/scf.se\/bancykel\/gustav-johansson-ger-bancykel-en-chans-fyra-pa-dansk-uci-tavling\/","title":{"rendered":"Gustav Johansson ger bancykel en chans \u2013 fyra p\u00e5 dansk UCI-t\u00e4vling"},"content":{"rendered":"<p><strong>Gustav Johansson har tagit det tuffa klivet fr\u00e5n U23-cyklist till seniorklassen p\u00e5 bana. Han b\u00f6rjar v\u00e4xa in i det p\u00e5 allvar med ny dansk tr\u00e4nar, flytt till Mallorca och nu senast en fj\u00e4rdeplats p\u00e5 en UCI Class 2-t\u00e4vling i Odense.\u00a0\u00a0<\/strong><\/p>\n<p>Om vi b\u00f6rjar med UCI CL2-t\u00e4vlingen som k\u00f6rdes i Odenses inomhushall, s\u00e5 bombade Gustav Johansson p\u00e5 med en delseger i det inledande scratchloppet och sedan var han l\u00e4nge med och krigade om en topp tre plats.<\/p>\n<p>Niklas Larsen, unge Tobias Hansen och Rasmus Pedersen som tog sig upp p\u00e5 pallen \u00e4r inga d\u00e5liga cyklister.<\/p>\n<blockquote><p>&#8221;Nej, Niklas Larsen som vann var med i det danska OS-laget. Det s\u00e4ger en del; m\u00e5nga bra danskar med. Att komma fyra i konkurrensen i Odense var j\u00e4ttebra k\u00f6rt av Gustav&#8221;, s\u00e4ger Johan Carelle, som \u00e4r f\u00f6rbundskapten f\u00f6r bancykel.<\/p><\/blockquote>\n<p>Carelle gl\u00e4ds lite extra d\u00e5 har fr\u00e5n n\u00e4ra h\u00e5ll sett hur Gustav verkligen har f\u00e5tt k\u00e4mpa f\u00f6r att ta det h\u00e4r steget:<\/p>\n<blockquote><p>&#8221;Ja, han har definitivt tagit ett kliv till och man blir framf\u00f6r allt glad f\u00f6r att han sp\u00e4nner b\u00e5gen. Gustav har flyttat till Mallorca d\u00e4r han bor precis invid velodromen i Palma och han har skaffat en dansk tr\u00e4nare som han samarbetar n\u00e4ra med. Redan tidigare har han tagit m\u00e5nga egna initiativ f\u00f6r att komma i v\u00e4g och t\u00e4vla. Det \u00e4r det h\u00e4r som beh\u00f6vs.&#8221;<\/p><\/blockquote>\n<p>Eter en fin dag inne i Odenses fullstora\u00a0250-meters bana inomhus var det t\u00e4vling utomhus i \u00c5rhus dagen d\u00e4r det inte blev samma succ\u00e9. Men Gustav kunde ta med sig nya erfarenheter och fj\u00e4rdeplatsen i bancykelns m\u00e5ngkamp och mest prestigefyllda disciplin i ett startf\u00e4lt p\u00e5 24 cyklister fr\u00e5n Norden, Tyskland, Sydafrika, Irland, Litauen, Argentina.<\/p>\n<p>Ett framtidshopp i form av Jonas M\u00e5nsson, som vann en U19-t\u00e4vling i Schweiz innan jul, fanns ocks\u00e5 med och drog in lite po\u00e4ng. M\u00e5nsson slutade p\u00e5 plats 19.<\/p>\n<p><em>Text: Tomas Larsson\/SCF<\/em><\/p>\n","protected":false},"excerpt":{"rendered":"<p>Gustav Johansson har tagit det tuffa klivet fr\u00e5n U23-cyklist till seniorklassen p\u00e5 bana. Han b\u00f6rjar v\u00e4xa in i det p\u00e5 allvar med ny dansk tr\u00e4nar, flytt till Mallorca och nu senast en fj\u00e4rdeplats p\u00e5 en UCI Class 2-t\u00e4vling i Odense.\u00a0\u00a0 Om vi b\u00f6rjar med UCI CL2-t\u00e4vlingen som k\u00f6rdes i Odenses inomhushall, s\u00e5 bombade Gustav<a href=\"https:\/\/scf.se\/bancykel\/gustav-johansson-ger-bancykel-en-chans-fyra-pa-dansk-uci-tavling\/\" class=\"news-card__more\"> &#8230;<\/a><\/p>\n","protected":false},"author":41,"featured_media":753,"comment_status":"open","ping_status":"open","sticky":false,"template":"","format":"standard","meta":{"_acf_changed":false,"footnotes":""},"categories":[1],"tags":[],"class_list":["post-752","post","type-post","status-publish","format-standard","hentry","category-bancykel"],"acf":[],"_links":{"self":[{"href":"https:\/\/scf.se\/bancykel\/wp-json\/wp\/v2\/posts\/752","targetHints":{"allow":["GET"]}}],"collection":[{"href":"https:\/\/scf.se\/bancykel\/wp-json\/wp\/v2\/posts"}],"about":[{"href":"https:\/\/scf.se\/bancykel\/wp-json\/wp\/v2\/types\/post"}],"author":[{"embeddable":true,"href":"https:\/\/scf.se\/bancykel\/wp-json\/wp\/v2\/users\/41"}],"replies":[{"embeddable":true,"href":"https:\/\/scf.se\/bancykel\/wp-json\/wp\/v2\/comments?post=752"}],"version-history":[{"count":0,"href":"https:\/\/scf.se\/bancykel\/wp-json\/wp\/v2\/posts\/752\/revisions"}],"wp:featuredmedia":[{"embeddable":true,"href":"https:\/\/scf.se\/bancykel\/wp-json\/wp\/v2\/media\/753"}],"wp:attachment":[{"href":"https:\/\/scf.se\/bancykel\/wp-json\/wp\/v2\/media?parent=752"}],"wp:term":[{"taxonomy":"category","embeddable":true,"href":"https:\/\/scf.se\/bancykel\/wp-json\/wp\/v2\/categories?post=752"},{"taxonomy":"post_tag","embeddable":true,"href":"https:\/\/scf.se\/bancykel\/wp-json\/wp\/v2\/tags?post=752"}],"curies":[{"name":"wp","href":"https:\/\/api.w.org\/{rel}","templated":true}]}}