
{"id":1590,"date":"2026-03-09T16:35:02","date_gmt":"2026-03-09T15:35:02","guid":{"rendered":"https:\/\/scf.se\/bancykel\/?p=1590"},"modified":"2026-03-12T14:11:33","modified_gmt":"2026-03-12T13:11:33","slug":"gustav-johansson-fick-tva-tuffa-resor-till-perth-15e-i-omnium","status":"publish","type":"post","link":"https:\/\/scf.se\/bancykel\/gustav-johansson-fick-tva-tuffa-resor-till-perth-15e-i-omnium\/","title":{"rendered":"Gustav Johansson \u00e5kte p\u00e5 tv\u00e5 tuffa flygresor till Perth \u2013 15:e i omnium"},"content":{"rendered":"<p data-start=\"73\" data-end=\"351\"><strong>F\u00f6r Gustav Johansson var helgens st\u00f6rsta bedrift snarast att komma p\u00e5 plats och kunna t\u00e4vla om UCI-po\u00e4ngen n\u00e4r det i helgen var v\u00e4rldscup i australiensiska Perth. Det plan som l\u00e5ngresan egentligen skulle ha gjorts med fick v\u00e4nda strax innan den d\u00e5 begynnande krigszonen kring Iran.<\/strong><\/p>\n<p data-start=\"353\" data-end=\"517\">Gustav Johansson ville inte ge upp de d\u00e4r g\u00f6rbara po\u00e4ngen och efter att ha samlat ihop lite krafter i Sverige blev det en drygt 40 timmar l\u00e5ng resa till Australien.<\/p>\n<p data-start=\"519\" data-end=\"706\">Det var flera nationers cyklister som inte kom till start, s\u00e5 trots den s\u00e5 jobbiga resehistoriken blev en 15:e plats i omniumet som b\u00e4st till en besvikelse. Vann gjorde japanen Shunsuke Imamura.<\/p>\n<p data-start=\"708\" data-end=\"829\" data-is-last-node=\"\" data-is-only-node=\"\">Gustav, som \u00e4ven kom till start i elimineringsloppet, f\u00e5r nu ladda om till 17 april d\u00e5 n\u00e4sta v\u00e4rldscup avg\u00f6rs i Hongkong.<\/p>\n<p><em>Text: SCF<\/em><\/p>\n","protected":false},"excerpt":{"rendered":"<p>F\u00f6r Gustav Johansson var helgens st\u00f6rsta bedrift snarast att komma p\u00e5 plats och kunna t\u00e4vla om UCI-po\u00e4ngen n\u00e4r det i helgen var v\u00e4rldscup i australiensiska Perth. Det plan som l\u00e5ngresan egentligen skulle ha gjorts med fick v\u00e4nda strax innan den d\u00e5 begynnande krigszonen kring Iran. Gustav Johansson ville inte ge upp de d\u00e4r g\u00f6rbara<a href=\"https:\/\/scf.se\/bancykel\/gustav-johansson-fick-tva-tuffa-resor-till-perth-15e-i-omnium\/\" class=\"news-card__more\"> &#8230;<\/a><\/p>\n","protected":false},"author":41,"featured_media":1591,"comment_status":"open","ping_status":"open","sticky":false,"template":"","format":"standard","meta":{"_acf_changed":false,"footnotes":""},"categories":[1],"tags":[],"class_list":["post-1590","post","type-post","status-publish","format-standard","hentry","category-bancykel"],"acf":[],"_links":{"self":[{"href":"https:\/\/scf.se\/bancykel\/wp-json\/wp\/v2\/posts\/1590","targetHints":{"allow":["GET"]}}],"collection":[{"href":"https:\/\/scf.se\/bancykel\/wp-json\/wp\/v2\/posts"}],"about":[{"href":"https:\/\/scf.se\/bancykel\/wp-json\/wp\/v2\/types\/post"}],"author":[{"embeddable":true,"href":"https:\/\/scf.se\/bancykel\/wp-json\/wp\/v2\/users\/41"}],"replies":[{"embeddable":true,"href":"https:\/\/scf.se\/bancykel\/wp-json\/wp\/v2\/comments?post=1590"}],"version-history":[{"count":8,"href":"https:\/\/scf.se\/bancykel\/wp-json\/wp\/v2\/posts\/1590\/revisions"}],"predecessor-version":[{"id":1599,"href":"https:\/\/scf.se\/bancykel\/wp-json\/wp\/v2\/posts\/1590\/revisions\/1599"}],"wp:featuredmedia":[{"embeddable":true,"href":"https:\/\/scf.se\/bancykel\/wp-json\/wp\/v2\/media\/1591"}],"wp:attachment":[{"href":"https:\/\/scf.se\/bancykel\/wp-json\/wp\/v2\/media?parent=1590"}],"wp:term":[{"taxonomy":"category","embeddable":true,"href":"https:\/\/scf.se\/bancykel\/wp-json\/wp\/v2\/categories?post=1590"},{"taxonomy":"post_tag","embeddable":true,"href":"https:\/\/scf.se\/bancykel\/wp-json\/wp\/v2\/tags?post=1590"}],"curies":[{"name":"wp","href":"https:\/\/api.w.org\/{rel}","templated":true}]}}