
{"id":1451,"date":"2025-07-19T22:35:12","date_gmt":"2025-07-19T20:35:12","guid":{"rendered":"https:\/\/scf.se\/bancykel\/?p=1451"},"modified":"2025-08-28T21:25:23","modified_gmt":"2025-08-28T19:25:23","slug":"vilmer-ekman-var-nara-em-medalj-i-poanglopp-tog-tva-varv","status":"publish","type":"post","link":"https:\/\/scf.se\/bancykel\/vilmer-ekman-var-nara-em-medalj-i-poanglopp-tog-tva-varv\/","title":{"rendered":"Vilmer Ekman var n\u00e4ra medalj p\u00e5 EM i po\u00e4nglopp \u2013 han tog tv\u00e5 varv"},"content":{"rendered":"<p data-start=\"287\" data-end=\"579\"><strong>Vid junior-EM i portugisiska Anadia visade Vilmer Ekman klass i ett mycket offensivt po\u00e4nglopp, d\u00e4r han bland annat tog varv tv\u00e5 g\u00e5nger \u2013 vilket ju ger 40 po\u00e4ng och slagl\u00e4ge f\u00f6r medalj. Det slutade med en \u00e5ttondeplats, vilket ger mersmak f\u00f6r fler bancykelt\u00e4vlingar f\u00f6r den allsidige junioren.<\/strong><\/p>\n<p data-start=\"581\" data-end=\"764\">Han tog tidigt ett varv p\u00e5 klungan och var i ledningen efter drygt halva loppet! Med en lika snygg som stark man\u00f6ver ansl\u00f6t han till ett litet g\u00e4ng som var p\u00e5 god v\u00e4g att ta ett varv.<\/p>\n<blockquote>\n<p data-start=\"766\" data-end=\"950\">&#8221;Ja, jag bryggade upp till en mindre grupp som redan hade g\u00e5tt iv\u00e4g. D\u00e4refter lyckades vi f\u00e5 ig\u00e5ng ett samarbete, s\u00e5 vi tog alla ett varv&#8221;, f\u00f6rklarar Vilmer Ekman tillbaka p\u00e5 hotellet.<\/p>\n<\/blockquote>\n<p data-start=\"952\" data-end=\"1232\">Rent \u00e5km\u00e4ssigt \u00e4r han s\u00e5klart n\u00f6jd med loppet. Man ska ha klart f\u00f6r sig att i samma \u00f6gonblick som han tar den f\u00f6rsta 20-po\u00e4ngaren, g\u00e5r han fr\u00e5n att vara en av de minst bevakade cyklisterna i f\u00e4ltet till en av dem som medaljaspiranterna absolut inte f\u00e5r sl\u00e4ppa iv\u00e4g n\u00e5gon mer g\u00e5ng.<\/p>\n<blockquote>\n<p data-start=\"1234\" data-end=\"1511\">&#8221;Jag k\u00e4nde mig v\u00e4ldigt stark i b\u00f6rjan och hade redan innan t\u00e4nkt att f\u00f6rs\u00f6ka ta n\u00e5got varv tidigt. Det lyckades jag ju med ocks\u00e5. Sedan \u00e4r det tufft. Det g\u00e5r fort och man vill ju ha n\u00e5gon med sig f\u00f6r att g\u00f6ra saker. Men det lyckades ju \u00e4nd\u00e5 ett par g\u00e5nger&#8221;, s\u00e4ger Vilmer Ekman.<\/p>\n<\/blockquote>\n<p data-start=\"1513\" data-end=\"1587\"><strong data-start=\"1513\" data-end=\"1587\">Vad hinner du t\u00e4nka d\u00e4r ute p\u00e5 banan n\u00e4r du finns med i topp efter drygt halva loppet?<\/strong><\/p>\n<blockquote>\n<p data-start=\"1589\" data-end=\"1703\">&#8221;D\u00e5 t\u00e4nkte jag bara att jag skulle g\u00e5 med och g\u00f6ra saker, vilket jag lyckades med \u2013 i ett par av spurterna ocks\u00e5.&#8221;<\/p>\n<\/blockquote>\n<p data-start=\"1705\" data-end=\"1760\"><strong data-start=\"1705\" data-end=\"1760\">Gr\u00e4mer du dig samtidigt lite \u00f6ver att vara s\u00e5 n\u00e4ra?<\/strong><\/p>\n<blockquote>\n<p data-start=\"1762\" data-end=\"2114\">&#8221;Ja, lite. Det \u00e4r surt att missa en s\u00e5dan chans p\u00e5 ett EM \u2013 snopet att missa medalj n\u00e4r man \u00e4r s\u00e5 n\u00e4ra. Hade jag haft lite mera extra krafter och lyckats ta po\u00e4ng i sista spurten, var en femteplats realistisk. Men det hade kunnat r\u00e4cka \u00e4nda till podiet\u2026 Samtidigt vet jag nu att jag har kapacitet att vara i n\u00e4rheten av medalj p\u00e5 ett junior-VM i bana.&#8221;<\/p>\n<\/blockquote>\n<p data-start=\"1762\" data-end=\"2114\"><a href=\"https:\/\/scf.se\/bancykel\/wp-content\/uploads\/sites\/2\/2025\/07\/IMG_6511.jpg\"><img loading=\"lazy\" decoding=\"async\" class=\"alignnone size-full wp-image-1447\" src=\"https:\/\/scf.se\/bancykel\/wp-content\/uploads\/sites\/2\/2025\/07\/IMG_6511.jpg\" alt=\"\" width=\"1170\" height=\"788\" srcset=\"https:\/\/scf.se\/bancykel\/wp-content\/uploads\/sites\/2\/2025\/07\/IMG_6511.jpg 1170w, https:\/\/scf.se\/bancykel\/wp-content\/uploads\/sites\/2\/2025\/07\/IMG_6511-300x202.jpg 300w, https:\/\/scf.se\/bancykel\/wp-content\/uploads\/sites\/2\/2025\/07\/IMG_6511-1024x690.jpg 1024w, https:\/\/scf.se\/bancykel\/wp-content\/uploads\/sites\/2\/2025\/07\/IMG_6511-768x517.jpg 768w\" sizes=\"auto, (max-width: 1170px) 100vw, 1170px\" \/><\/a><\/p>\n<p data-start=\"2116\" data-end=\"2262\">Han har redan sedan tidigare identifierat po\u00e4ngloppet som sin b\u00e4sta gren i bancykling just nu. Och det h\u00e4r ger mersmak att forts\u00e4tta i n\u00e5gon form.<\/p>\n<blockquote>\n<p data-start=\"2264\" data-end=\"2640\">&#8221;Ja, jag tycker att b\u00e5de bancykling och just po\u00e4nglopp passar mig bra. Jag har \u00e4nd\u00e5 h\u00e5llit p\u00e5 med bancykel l\u00e4nge som tr\u00e4ning st\u00f6rre delen av livet hemma i Falun. Velodromen kommer lite naturligt, \u00e4ven om det hade underl\u00e4ttat om jag hade haft mera erfarenhet av att t\u00e4vla p\u00e5 stor velodrom med internationella lopp \u2013 stor skillnad ocks\u00e5 gentemot landsv\u00e4gen&#8221;, s\u00e4ger Vilmer Ekman.<\/p>\n<p data-start=\"2642\" data-end=\"2734\">&#8221;Jag har s\u00e5klart mersmak efter dagens lopp, plus att det gick b\u00e4ttre desto mer jag t\u00e4vlade.&#8221;<\/p>\n<\/blockquote>\n<p data-start=\"2736\" data-end=\"2975\">Nu efter ny\u00e5r g\u00e5r jag ju upp i U23\/senior, och d\u00e5 blir ju allt s\u00e5 mycket tuffare. Men skulle jag bli erbjuden en VM-start nu om en m\u00e5nad i velodromen, skulle jag absolut tacka ja och g\u00e5 in stenh\u00e5rt f\u00f6r m\u00e4sterskapet som g\u00e5r i Nederl\u00e4nderna.<\/p>\n<p data-start=\"2977\" data-end=\"3199\">Men just n\u00e4r det var snabba varv inne i Norrk\u00f6ping gjorde han ett fantastiskt lopp n\u00e4r du var fyra p\u00e5 kortdistans-SM p\u00e5 landsv\u00e4g i seniorelit \u2013 och gick med tre v\u00e4ldigt starka cyklister \u00e4nda in p\u00e5 upploppet p\u00e5 Bergsbron.<\/p>\n<blockquote>\n<p data-start=\"3201\" data-end=\"3280\">&#8221;Helt klart en motivationsh\u00f6jare att jag lyckades h\u00e4nga kvar in i det sista&#8221;, s\u00e4ger Ekman som ocks\u00e5 vann bergatr\u00f6jan i ett etapplopp med Svealand Cycling team.<\/p>\n<\/blockquote>\n<p data-start=\"3282\" data-end=\"3479\">Tidigare under EM i Portugal har Vilmer noterat en 17:e plats i scratch efter en final med otur. I fredagens omnium k\u00f6rde han till sig en mycket v\u00e4l godk\u00e4nd 14:e plats efter en stark helhetsinsats.<\/p>\n<blockquote>\n<p data-start=\"3481\" data-end=\"3795\">&#8221;Vilmer avslutade med ett i stort sett perfekt genomf\u00f6rt lopp. Efter ett taget varv i inledningen var han i ledningen drygt halva loppet, tog ju \u00e4ven ett varv till senare under loppet och n\u00e5gra spurtpo\u00e4ng p\u00e5 det. \u00c5ttondeplatsen \u00e4r en enorm framg\u00e5ng f\u00f6r svensk bancykling&#8221;, s\u00e4ger f\u00f6rbundskaptenen John Carelle.<\/p>\n<\/blockquote>\n<h3 data-start=\"3481\" data-end=\"3795\">EM po\u00e4nglopp herrjunior<\/h3>\n<ol>\n<li data-start=\"319\" data-end=\"375\"><strong data-start=\"319\" data-end=\"333\">Mark Popov<\/strong>, Independent Athletes +2 varv, 74 po\u00e4ng<\/li>\n<li data-start=\"379\" data-end=\"426\"><strong data-start=\"379\" data-end=\"395\">Heimo Fugger<\/strong>, \u00d6sterrike +2 varv, 56 po\u00e4ng<\/li>\n<li data-start=\"430\" data-end=\"479\"><strong data-start=\"430\" data-end=\"450\">Julian Bortolami<\/strong>, Italien +2 varv, 53 po\u00e4ng<\/li>\n<li data-start=\"483\" data-end=\"526\"><strong data-start=\"483\" data-end=\"496\">Raul Esch<\/strong>, Tyskland +2 varv, 52 po\u00e4ng<\/li>\n<li data-start=\"530\" data-end=\"576\"><strong data-start=\"530\" data-end=\"547\">Sune De Valck<\/strong>, Belgien +2 varv, 48 po\u00e4ng<\/li>\n<li data-start=\"580\" data-end=\"628\"><strong data-start=\"580\" data-end=\"599\">Jonathan Rinner<\/strong>, Schweiz +2 varv, 47 po\u00e4ng<\/li>\n<li data-start=\"632\" data-end=\"693\"><strong data-start=\"632\" data-end=\"651\">Ilya Slesarenko<\/strong>, Independent Athletes +2 varv, 47 po\u00e4ng<\/li>\n<li data-start=\"697\" data-end=\"734\"><strong data-start=\"697\" data-end=\"713\">Vilmer Ekman<\/strong>, +2 varv, 44 po\u00e4ng<\/li>\n<li data-start=\"738\" data-end=\"791\"><strong data-start=\"738\" data-end=\"762\">E\u00f1aut Urcaregui Sanz<\/strong>, Spanien +1 varv, 27 po\u00e4ng<\/li>\n<li data-start=\"796\" data-end=\"843\"><strong data-start=\"796\" data-end=\"815\">Francisco Alves<\/strong>, Portugal +1 varv, 26 po\u00e4ng<\/li>\n<\/ol>\n<h3><a href=\"https:\/\/www.youtube.com\/@UECCHANNEL\"><em><strong>Det g\u00e5r bra att se UEC:s Youtube-s\u00e4ndningar fr\u00e5n EM i efterhand h\u00e4r!<\/strong><\/em><\/a><\/h3>\n<p data-start=\"3481\" data-end=\"3795\"><em>Text: Tomas Larsson\/ SCF<\/em><br \/>\n<em>Foto: SCF<\/em><\/p>\n","protected":false},"excerpt":{"rendered":"<p>Vid junior-EM i portugisiska Anadia visade Vilmer Ekman klass i ett mycket offensivt po\u00e4nglopp, d\u00e4r han bland annat tog varv tv\u00e5 g\u00e5nger \u2013 vilket ju ger 40 po\u00e4ng och slagl\u00e4ge f\u00f6r medalj. Det slutade med en \u00e5ttondeplats, vilket ger mersmak f\u00f6r fler bancykelt\u00e4vlingar f\u00f6r den allsidige junioren. Han tog tidigt ett varv p\u00e5 klungan<a href=\"https:\/\/scf.se\/bancykel\/vilmer-ekman-var-nara-em-medalj-i-poanglopp-tog-tva-varv\/\" class=\"news-card__more\"> &#8230;<\/a><\/p>\n","protected":false},"author":41,"featured_media":1454,"comment_status":"open","ping_status":"open","sticky":false,"template":"","format":"standard","meta":{"_acf_changed":false,"footnotes":""},"categories":[1],"tags":[],"class_list":["post-1451","post","type-post","status-publish","format-standard","hentry","category-bancykel"],"acf":[],"_links":{"self":[{"href":"https:\/\/scf.se\/bancykel\/wp-json\/wp\/v2\/posts\/1451","targetHints":{"allow":["GET"]}}],"collection":[{"href":"https:\/\/scf.se\/bancykel\/wp-json\/wp\/v2\/posts"}],"about":[{"href":"https:\/\/scf.se\/bancykel\/wp-json\/wp\/v2\/types\/post"}],"author":[{"embeddable":true,"href":"https:\/\/scf.se\/bancykel\/wp-json\/wp\/v2\/users\/41"}],"replies":[{"embeddable":true,"href":"https:\/\/scf.se\/bancykel\/wp-json\/wp\/v2\/comments?post=1451"}],"version-history":[{"count":8,"href":"https:\/\/scf.se\/bancykel\/wp-json\/wp\/v2\/posts\/1451\/revisions"}],"predecessor-version":[{"id":1462,"href":"https:\/\/scf.se\/bancykel\/wp-json\/wp\/v2\/posts\/1451\/revisions\/1462"}],"wp:featuredmedia":[{"embeddable":true,"href":"https:\/\/scf.se\/bancykel\/wp-json\/wp\/v2\/media\/1454"}],"wp:attachment":[{"href":"https:\/\/scf.se\/bancykel\/wp-json\/wp\/v2\/media?parent=1451"}],"wp:term":[{"taxonomy":"category","embeddable":true,"href":"https:\/\/scf.se\/bancykel\/wp-json\/wp\/v2\/categories?post=1451"},{"taxonomy":"post_tag","embeddable":true,"href":"https:\/\/scf.se\/bancykel\/wp-json\/wp\/v2\/tags?post=1451"}],"curies":[{"name":"wp","href":"https:\/\/api.w.org\/{rel}","templated":true}]}}